{"id":113015,"date":"2026-04-03T13:01:59","date_gmt":"2026-04-03T13:01:59","guid":{"rendered":"https:\/\/mardinhaberyolu.com\/?p=113015"},"modified":"2026-04-03T13:01:59","modified_gmt":"2026-04-03T13:01:59","slug":"cemile-ozkan-hala-bulunamadi-onun-icin-kritik-cagri-var","status":"publish","type":"post","link":"https:\/\/mardinhaberyolu.com\/?p=113015","title":{"rendered":"Cemile \u00d6zkan Hala Bulunamad\u0131&#8230;Onun \u0130\u00e7in Kritik \u00c7a\u011fr\u0131 Var"},"content":{"rendered":"<p><strong>Mardin\u2019<\/strong>in\u00a0<strong>K\u0131z\u0131ltepe i<\/strong>l\u00e7esi\u00a0<strong>Ar\u0131kl\u0131 Mahallesi\u2019<\/strong>nde ikamet eden\u00a0<strong>Alzmeime<\/strong>r hastas\u0131 75 ya\u015f\u0131ndaki\u00a0<strong>Cemile \u00d6zkan<\/strong>\u00a0evinden \u00e7\u0131kt\u0131ktan sonra bir daha geri d\u00f6nmedi. Yak\u0131nlar\u0131, kendi imkanlar\u0131yla yapt\u0131klar\u0131 aramada hasta kad\u0131na ula\u015famay\u0131nca durumu jandarma ekiplerine bildirdi.<\/p>\n<p>\u0130hbar \u00fczerine b\u00f6lgeye jandarma ve AFAD ekipleri sevk edildi. Ekiplerin b\u00f6lgede arama \u00e7al\u0131\u015fmalar\u0131 s\u00fcr\u00fcyor.<\/p>\n<h3><strong>EV\u0130NDEN \u00c7IKTI, GER\u0130 D\u00d6NMED\u0130<\/strong><\/h3>\n<p>Edinilen bilgiye g\u00f6re, K\u0131z\u0131ltepe il\u00e7esi Ar\u0131kl\u0131 Mahallesi\u2019nde ikamet eden Alzmeiimer hastas\u0131 Cemile \u00d6zkan evinden \u00e7\u0131kt\u0131ktan sonra bir daha geri d\u00f6nmedi. Bunun sonucunda bir daha kendisinden haber alamayan yak\u0131nlar\u0131, endi\u015felenen durum jandarma bildirildi. M\u00fcracaat \u00fczerine, kay\u0131p \u015fahs\u0131n i\u00e7in jandarma ve AFAD ekiplerince \u00e7al\u0131\u015fma ba\u015flat\u0131ld\u0131. Ya\u015fl\u0131 kad\u0131n\u0131n alzheimer hastas\u0131 oldu\u011fu \u00f6\u011frenildi.<\/p>\n<p>Kay\u0131p ya\u015fl\u0131 kad\u0131ndan hala bir haber yok!<\/p>\n","protected":false},"excerpt":{"rendered":"<p>Mardin\u2019in K\u0131z\u0131ltepe il\u00e7esinde kaybolan 75 ya\u015f\u0131ndaki Alzmeimer hastas\u0131 kad\u0131n en son g\u00f6r\u00fcld\u00fc\u011f\u00fc \u015eanl\u0131urfa\u2019n\u0131n Ceylanp\u0131nar il\u00e7esinde aran\u0131yor.<\/p>\n","protected":false},"author":1,"featured_media":113017,"comment_status":"open","ping_status":"open","sticky":false,"template":"","format":"standard","meta":{"footnotes":""},"categories":[2,4,9,30],"tags":[],"class_list":["post-113015","post","type-post","status-publish","format-standard","has-post-thumbnail","hentry","category-kiziltepe","category-manset","category-mardin","category-ust-manset"],"_links":{"self":[{"href":"https:\/\/mardinhaberyolu.com\/index.php?rest_route=\/wp\/v2\/posts\/113015","targetHints":{"allow":["GET"]}}],"collection":[{"href":"https:\/\/mardinhaberyolu.com\/index.php?rest_route=\/wp\/v2\/posts"}],"about":[{"href":"https:\/\/mardinhaberyolu.com\/index.php?rest_route=\/wp\/v2\/types\/post"}],"author":[{"embeddable":true,"href":"https:\/\/mardinhaberyolu.com\/index.php?rest_route=\/wp\/v2\/users\/1"}],"replies":[{"embeddable":true,"href":"https:\/\/mardinhaberyolu.com\/index.php?rest_route=%2Fwp%2Fv2%2Fcomments&post=113015"}],"version-history":[{"count":1,"href":"https:\/\/mardinhaberyolu.com\/index.php?rest_route=\/wp\/v2\/posts\/113015\/revisions"}],"predecessor-version":[{"id":113016,"href":"https:\/\/mardinhaberyolu.com\/index.php?rest_route=\/wp\/v2\/posts\/113015\/revisions\/113016"}],"wp:featuredmedia":[{"embeddable":true,"href":"https:\/\/mardinhaberyolu.com\/index.php?rest_route=\/wp\/v2\/media\/113017"}],"wp:attachment":[{"href":"https:\/\/mardinhaberyolu.com\/index.php?rest_route=%2Fwp%2Fv2%2Fmedia&parent=113015"}],"wp:term":[{"taxonomy":"category","embeddable":true,"href":"https:\/\/mardinhaberyolu.com\/index.php?rest_route=%2Fwp%2Fv2%2Fcategories&post=113015"},{"taxonomy":"post_tag","embeddable":true,"href":"https:\/\/mardinhaberyolu.com\/index.php?rest_route=%2Fwp%2Fv2%2Ftags&post=113015"}],"curies":[{"name":"wp","href":"https:\/\/api.w.org\/{rel}","templated":true}]}}