{"id":112987,"date":"2026-04-02T10:53:48","date_gmt":"2026-04-02T10:53:48","guid":{"rendered":"https:\/\/mardinhaberyolu.com\/?p=112987"},"modified":"2026-04-02T10:53:48","modified_gmt":"2026-04-02T10:53:48","slug":"mardinde-otizm-farkindaligina-anlamli-dokunus","status":"publish","type":"post","link":"https:\/\/mardinhaberyolu.com\/?p=112987","title":{"rendered":"Mardin\u2019de Otizm Fark\u0131ndal\u0131\u011f\u0131na Anlaml\u0131 Dokunu\u015f"},"content":{"rendered":"<p>Otizmli bireylerin toplumsal ya\u015fama kat\u0131l\u0131m\u0131n\u0131 desteklemek, do\u011fru bilginin yayg\u0131nla\u015fmas\u0131na katk\u0131 sa\u011flamak ve toplumun dikkatini bu alana \u00e7ekmek hedefiyle d\u00fczenlenen \u00e7al\u0131\u015fmalar b\u00fcy\u00fck be\u011feni toplad\u0131.<\/p>\n<p>Bu kapsamda, \u015fehrin simge yap\u0131lar\u0131ndan biri olan Kas\u0131miye Medresesi mavi \u0131\u015f\u0131kla ayd\u0131nlat\u0131ld\u0131. Mardin B\u00fcy\u00fck\u015fehir Belediyesi Engelli ve Ya\u015fl\u0131 Hizmetleri Daire Ba\u015fkanl\u0131\u011f\u0131n\u0131n katk\u0131lar\u0131yla ger\u00e7ekle\u015ftirilen ayd\u0131nlatma \u00e7al\u0131\u015fmas\u0131yla, otizmin evrensel fark\u0131ndal\u0131k rengi olan mavi, tarihi yap\u0131 ile bulu\u015fturuldu. G\u00f6rsel bir fark\u0131ndal\u0131k olu\u015fturmay\u0131 ama\u00e7layan \u00e7al\u0131\u015fma, vatanda\u015flar\u0131n da yo\u011fun ilgisini \u00e7ekti.<\/p>\n<div style=\"width: 1920px;\" class=\"wp-video\"><video class=\"wp-video-shortcode\" id=\"video-112987-1\" width=\"1920\" height=\"1080\" preload=\"metadata\" controls=\"controls\"><source type=\"video\/mp4\" src=\"https:\/\/mardinhaberyolu.com\/wp-content\/uploads\/2026\/04\/kasimiye-haber1.mp4?_=1\" \/><a href=\"https:\/\/mardinhaberyolu.com\/wp-content\/uploads\/2026\/04\/kasimiye-haber1.mp4\">https:\/\/mardinhaberyolu.com\/wp-content\/uploads\/2026\/04\/kasimiye-haber1.mp4<\/a><\/video><\/div>\n<p>\u00d6te yandan, Mardin B\u00fcy\u00fck\u015fehir Belediyesi Engelsiz Ya\u015fam Merkezi\u2019nde e\u011fitim g\u00f6ren otizmli bireyler de d\u00fczenlenen etkinlikte sahne ald\u0131. Muhsin Yekta Turan ve Mir Asaf \u00d6ter\u2019in keman ve piyano performanslar\u0131, sanat\u0131n birle\u015ftirici g\u00fcc\u00fcn\u00fc ortaya koyarken izleyenlere duygu dolu anlar ya\u015fatt\u0131.<\/p>\n<p>Ger\u00e7ekle\u015ftirilen etkinliklerde, otizmli bireylerin sanatsal yetenekleri \u00f6n plana \u00e7\u0131kar\u0131l\u0131rken, onlar\u0131n duygular\u0131n\u0131 ifade etme bi\u00e7imlerine dikkat \u00e7ekildi. Hem tarihi miras\u0131n anlaml\u0131 bir g\u00fcn vesilesiyle \u0131\u015f\u0131kland\u0131r\u0131lmas\u0131 hem de sanatla verilen mesaj, toplumda g\u00fc\u00e7l\u00fc bir fark\u0131ndal\u0131k olu\u015fturdu.<\/p>\n<p>Mardin\u2019de d\u00fczenlenen bu etkinlikler, otizme y\u00f6nelik duyarl\u0131l\u0131\u011f\u0131n art\u0131r\u0131lmas\u0131 ad\u0131na \u00f6nemli bir ad\u0131m olarak de\u011ferlendirMerkez<\/p>\n<p>Haber Merkezi<\/p>\n","protected":false},"excerpt":{"rendered":"<p>2 Nisan D\u00fcnya Otizm Fark\u0131ndal\u0131k G\u00fcn\u00fc kapsam\u0131nda Mardin\u2019de fark\u0131ndal\u0131k olu\u015fturmak amac\u0131yla anlaml\u0131 etkinlikler ger\u00e7ekle\u015ftirildi.<\/p>\n","protected":false},"author":1,"featured_media":112988,"comment_status":"open","ping_status":"open","sticky":false,"template":"","format":"standard","meta":{"footnotes":""},"categories":[3,4,9,19,18,30],"tags":[],"class_list":["post-112987","post","type-post","status-publish","format-standard","has-post-thumbnail","hentry","category-guncel","category-manset","category-mardin","category-saglik","category-toplumsal-yasam-gundem","category-ust-manset"],"_links":{"self":[{"href":"https:\/\/mardinhaberyolu.com\/index.php?rest_route=\/wp\/v2\/posts\/112987","targetHints":{"allow":["GET"]}}],"collection":[{"href":"https:\/\/mardinhaberyolu.com\/index.php?rest_route=\/wp\/v2\/posts"}],"about":[{"href":"https:\/\/mardinhaberyolu.com\/index.php?rest_route=\/wp\/v2\/types\/post"}],"author":[{"embeddable":true,"href":"https:\/\/mardinhaberyolu.com\/index.php?rest_route=\/wp\/v2\/users\/1"}],"replies":[{"embeddable":true,"href":"https:\/\/mardinhaberyolu.com\/index.php?rest_route=%2Fwp%2Fv2%2Fcomments&post=112987"}],"version-history":[{"count":1,"href":"https:\/\/mardinhaberyolu.com\/index.php?rest_route=\/wp\/v2\/posts\/112987\/revisions"}],"predecessor-version":[{"id":112990,"href":"https:\/\/mardinhaberyolu.com\/index.php?rest_route=\/wp\/v2\/posts\/112987\/revisions\/112990"}],"wp:featuredmedia":[{"embeddable":true,"href":"https:\/\/mardinhaberyolu.com\/index.php?rest_route=\/wp\/v2\/media\/112988"}],"wp:attachment":[{"href":"https:\/\/mardinhaberyolu.com\/index.php?rest_route=%2Fwp%2Fv2%2Fmedia&parent=112987"}],"wp:term":[{"taxonomy":"category","embeddable":true,"href":"https:\/\/mardinhaberyolu.com\/index.php?rest_route=%2Fwp%2Fv2%2Fcategories&post=112987"},{"taxonomy":"post_tag","embeddable":true,"href":"https:\/\/mardinhaberyolu.com\/index.php?rest_route=%2Fwp%2Fv2%2Ftags&post=112987"}],"curies":[{"name":"wp","href":"https:\/\/api.w.org\/{rel}","templated":true}]}}