{"id":112983,"date":"2026-04-02T03:53:08","date_gmt":"2026-04-02T03:53:08","guid":{"rendered":"https:\/\/mardinhaberyolu.com\/?p=112983"},"modified":"2026-04-02T03:53:08","modified_gmt":"2026-04-02T03:53:08","slug":"kiziltepe-ve-nusaybinde-silah-kacakcilarina-agir-darbe","status":"publish","type":"post","link":"https:\/\/mardinhaberyolu.com\/?p=112983","title":{"rendered":"K\u0131z\u0131ltepe ve Nusaybin&#8217;de Silah Ka\u00e7ak\u00e7\u0131lar\u0131na A\u011f\u0131r Darbe"},"content":{"rendered":"<p>Yap\u0131lan a\u00e7\u0131klamada su\u00e7 ve su\u00e7lulara y\u00f6nelik \u00e7al\u0131\u015fmalar\u0131n kararl\u0131l\u0131kla s\u00fcrd\u00fcr\u00fclece\u011fi vurguland\u0131.<\/p>\n<p>Konuyla ilgili yap\u0131lan a\u00e7\u0131klama \u015f\u00f6yle:<\/p>\n<p>Mardin \u0130l Jandarma Komutanl\u0131\u011f\u0131 Ka\u00e7ak\u00e7\u0131l\u0131kla ve Organize Su\u00e7larla M\u00fccadele \u015eube M\u00fcd\u00fcrl\u00fc\u011f\u00fc, Narkotik \u015eube M\u00fcd\u00fcrl\u00fc\u011f\u00fc, Nusaybin ve K\u0131z\u0131ltepe \u0130l\u00e7e Jandarma Komutanl\u0131klar\u0131nca; yasad\u0131\u015f\u0131 yollarla<\/p>\n<p>temin edilen silahlar\u0131 ve tarihi eserleri satma haz\u0131rl\u0131\u011f\u0131nda olan \u015f\u00fcphelilere y\u00f6nelik K\u0131z\u0131ltepe ve<br \/>\nNusaybin il\u00e7elerinde e\u015f zamanl\u0131 yap\u0131lan operasyonda; (3) Adet Kala\u015fnikof Piyade T\u00fcfe\u011fi, (3) Adet Ruhsats\u0131z Tabanca, (2) Adet Av T\u00fcfe\u011fi, (12) Adet \u015earj\u00f6r, (302) Adet M\u00fchimmat, (129) Adet<br \/>\nSikke, 1560 Gram Eroin, (255) Gram Metamfetamin ve (1) Hassas Terazi ele ge\u00e7irildi.<br \/>\nOperasyon sonucunda (6) \u015f\u00fcpheli \u015fah\u0131s hakk\u0131nda adli i\u015flem yap\u0131lm\u0131\u015ft\u0131r.<br \/>\nMardin \u0130l Jandarma Komutanl\u0131\u011f\u0131 silah, m\u00fchimmat, tarihi eser ka\u00e7ak\u00e7\u0131lar\u0131na ve uyu\u015fturucu tacirlerine y\u00f6nelik faaliyetlerine kararl\u0131l\u0131kla devam edecektir.<\/p>\n","protected":false},"excerpt":{"rendered":"<p>Mardin \u0130l Jandarma Komutanl\u0131\u011f\u0131 Ka\u00e7ak\u00e7\u0131l\u0131kla ve Organize Su\u00e7larla M\u00fccadele \u015eube M\u00fcd\u00fcrl\u00fc\u011f\u00fc,<br \/>\nNarkotik \u015eube M\u00fcd\u00fcrl\u00fc\u011f\u00fc taraf\u0131ndan yap\u0131lan a\u00e7\u0131klamada K\u0131z\u0131ltepe ve Nusaybin&#8217;de silah ka\u00e7a\u00e7\u0131l\u0131\u011f\u0131 yapan bir \u015febekeye a\u011f\u0131r darbe vurdu\u011fu belirtildi<\/p>\n","protected":false},"author":1,"featured_media":112984,"comment_status":"open","ping_status":"open","sticky":false,"template":"","format":"standard","meta":{"footnotes":""},"categories":[15,3,4,9],"tags":[],"class_list":["post-112983","post","type-post","status-publish","format-standard","has-post-thumbnail","hentry","category-asayis","category-guncel","category-manset","category-mardin"],"_links":{"self":[{"href":"https:\/\/mardinhaberyolu.com\/index.php?rest_route=\/wp\/v2\/posts\/112983","targetHints":{"allow":["GET"]}}],"collection":[{"href":"https:\/\/mardinhaberyolu.com\/index.php?rest_route=\/wp\/v2\/posts"}],"about":[{"href":"https:\/\/mardinhaberyolu.com\/index.php?rest_route=\/wp\/v2\/types\/post"}],"author":[{"embeddable":true,"href":"https:\/\/mardinhaberyolu.com\/index.php?rest_route=\/wp\/v2\/users\/1"}],"replies":[{"embeddable":true,"href":"https:\/\/mardinhaberyolu.com\/index.php?rest_route=%2Fwp%2Fv2%2Fcomments&post=112983"}],"version-history":[{"count":1,"href":"https:\/\/mardinhaberyolu.com\/index.php?rest_route=\/wp\/v2\/posts\/112983\/revisions"}],"predecessor-version":[{"id":112985,"href":"https:\/\/mardinhaberyolu.com\/index.php?rest_route=\/wp\/v2\/posts\/112983\/revisions\/112985"}],"wp:featuredmedia":[{"embeddable":true,"href":"https:\/\/mardinhaberyolu.com\/index.php?rest_route=\/wp\/v2\/media\/112984"}],"wp:attachment":[{"href":"https:\/\/mardinhaberyolu.com\/index.php?rest_route=%2Fwp%2Fv2%2Fmedia&parent=112983"}],"wp:term":[{"taxonomy":"category","embeddable":true,"href":"https:\/\/mardinhaberyolu.com\/index.php?rest_route=%2Fwp%2Fv2%2Fcategories&post=112983"},{"taxonomy":"post_tag","embeddable":true,"href":"https:\/\/mardinhaberyolu.com\/index.php?rest_route=%2Fwp%2Fv2%2Ftags&post=112983"}],"curies":[{"name":"wp","href":"https:\/\/api.w.org\/{rel}","templated":true}]}}