{"id":112980,"date":"2026-04-01T11:32:34","date_gmt":"2026-04-01T11:32:34","guid":{"rendered":"https:\/\/mardinhaberyolu.com\/?p=112980"},"modified":"2026-04-01T11:32:34","modified_gmt":"2026-04-01T11:32:34","slug":"mardin-emniyetinden-zehir-tacirlerine-buyuk-darbe","status":"publish","type":"post","link":"https:\/\/mardinhaberyolu.com\/?p=112980","title":{"rendered":"Mardin Emniyetinden Zehir Tacirlerine B\u00fcy\u00fck Darbe"},"content":{"rendered":"<p>&nbsp;<\/p>\n<p>Mardin\u2019in Midyat il\u00e7esinde, narkotik ekiplerince uyu\u015fturucu madde ticaretine y\u00f6nelik y\u00fcr\u00fct\u00fclen \u00e7al\u0131\u015fmalar kapsam\u0131nda \u00f6nemli bir operasyona imza at\u0131ld\u0131.<\/p>\n<p>Mardin \u0130l Emniyet M\u00fcd\u00fcrl\u00fc\u011f\u00fc Narkotik Su\u00e7larla \u015eube M\u00fcd\u00fcrl\u00fc\u011f\u00fc Midyat Narkotik Su\u00e7larla M\u00fccadele B\u00fcro Amirli\u011fi ekiplerinin titizlikle y\u00fcr\u00fctt\u00fc\u011f\u00fc \u00e7al\u0131\u015fmalar neticesinde, il\u00e7e genelinde \u015f\u00fcpheli bir ara\u00e7 durdurularak arama yap\u0131ld\u0131. Ger\u00e7ekle\u015ftirilen aramada, toplam 3 kilo 325 gram metamfetamin ele ge\u00e7irildi.<\/p>\n<p>Operasyon kapsam\u0131nda g\u00f6zalt\u0131na al\u0131nan 2 \u015f\u00fcpheli \u015fah\u0131s hakk\u0131nda adli i\u015flem ba\u015flat\u0131ld\u0131\u011f\u0131 \u00f6\u011frenildi.<br \/>\nYetkililerden yap\u0131lan a\u00e7\u0131klamada, uyu\u015fturucu madde kullan\u0131m\u0131n\u0131n ve ticaretinin \u00f6nlenmesine y\u00f6nelik \u00e7al\u0131\u015fmalar\u0131n aral\u0131ks\u0131z s\u00fcrd\u00fcr\u00fcld\u00fc\u011f\u00fc vurgulanarak, \u00f6zellikle gen\u00e7leri hedef alan zehir tacirlerine kar\u015f\u0131 m\u00fccadelenin kararl\u0131l\u0131kla devam edece\u011fi ifade edildi.<\/p>\n<p>Toplumun huzur ve g\u00fcvenli\u011fini tehdit eden uyu\u015fturucu ile m\u00fccadelede, g\u00fcvenlik g\u00fc\u00e7lerinin sahadaki etkin \u00e7al\u0131\u015fmalar\u0131n\u0131n s\u00fcrece\u011fi belirtilirken, vatanda\u015flar\u0131n da bu konuda duyarl\u0131 olmalar\u0131 ve \u015f\u00fcpheli durumlar\u0131 ilgili birimlere bildirmeleri istendi.<\/p>\n<p>Kamuoyuna sayg\u0131yla duyurulur.<\/p>\n","protected":false},"excerpt":{"rendered":"<p>Yap\u0131lan koordineli \u00e7al\u0131\u015fmalar kapsam\u0131nda 3 Kilo 325 Gram Metamfetamin Ele Ge\u00e7irildi. \u0130ki \u015f\u00fcpheli de g\u00f6zalt\u0131na al\u0131nd\u0131<\/p>\n","protected":false},"author":1,"featured_media":112981,"comment_status":"open","ping_status":"open","sticky":false,"template":"","format":"standard","meta":{"footnotes":""},"categories":[15,3,4,9,18],"tags":[],"class_list":["post-112980","post","type-post","status-publish","format-standard","has-post-thumbnail","hentry","category-asayis","category-guncel","category-manset","category-mardin","category-toplumsal-yasam-gundem"],"_links":{"self":[{"href":"https:\/\/mardinhaberyolu.com\/index.php?rest_route=\/wp\/v2\/posts\/112980","targetHints":{"allow":["GET"]}}],"collection":[{"href":"https:\/\/mardinhaberyolu.com\/index.php?rest_route=\/wp\/v2\/posts"}],"about":[{"href":"https:\/\/mardinhaberyolu.com\/index.php?rest_route=\/wp\/v2\/types\/post"}],"author":[{"embeddable":true,"href":"https:\/\/mardinhaberyolu.com\/index.php?rest_route=\/wp\/v2\/users\/1"}],"replies":[{"embeddable":true,"href":"https:\/\/mardinhaberyolu.com\/index.php?rest_route=%2Fwp%2Fv2%2Fcomments&post=112980"}],"version-history":[{"count":1,"href":"https:\/\/mardinhaberyolu.com\/index.php?rest_route=\/wp\/v2\/posts\/112980\/revisions"}],"predecessor-version":[{"id":112982,"href":"https:\/\/mardinhaberyolu.com\/index.php?rest_route=\/wp\/v2\/posts\/112980\/revisions\/112982"}],"wp:featuredmedia":[{"embeddable":true,"href":"https:\/\/mardinhaberyolu.com\/index.php?rest_route=\/wp\/v2\/media\/112981"}],"wp:attachment":[{"href":"https:\/\/mardinhaberyolu.com\/index.php?rest_route=%2Fwp%2Fv2%2Fmedia&parent=112980"}],"wp:term":[{"taxonomy":"category","embeddable":true,"href":"https:\/\/mardinhaberyolu.com\/index.php?rest_route=%2Fwp%2Fv2%2Fcategories&post=112980"},{"taxonomy":"post_tag","embeddable":true,"href":"https:\/\/mardinhaberyolu.com\/index.php?rest_route=%2Fwp%2Fv2%2Ftags&post=112980"}],"curies":[{"name":"wp","href":"https:\/\/api.w.org\/{rel}","templated":true}]}}