{"id":112975,"date":"2026-03-31T10:34:16","date_gmt":"2026-03-31T10:34:16","guid":{"rendered":"https:\/\/mardinhaberyolu.com\/?p=112975"},"modified":"2026-03-31T10:34:16","modified_gmt":"2026-03-31T10:34:16","slug":"aile-yili-kapsaminda-mardindeki-proje-kapsaminda-umreden-donen-ciftler-duygusal-karsilama","status":"publish","type":"post","link":"https:\/\/mardinhaberyolu.com\/?p=112975","title":{"rendered":"A\u0130LE YILI&#8221; KAPSAMINDA MARD\u0130N&#8217;DEK\u0130 PROJE KAPSAMINDA UMREDEN D\u00d6NEN \u00c7\u0130FTLER DUYGUSAL KAR\u015eILAMA"},"content":{"rendered":"<p>Evliliklerinde 25 y\u0131l\u0131 geride b\u0131rakan ve yap\u0131lan kura sonucunda belirlenen 47 \u00e7ift, kutsal topraklara g\u00f6nderilerek Umre ibadetlerini yerine getirdi. Manevi yolculuklar\u0131n\u0131 tamamlayan \u00e7iftler, Mardin\u2019e d\u00f6n\u00fc\u015flerinde co\u015fkulu ve duygusal bir \u015fekilde kar\u015f\u0131land\u0131.<\/p>\n<p>Kar\u015f\u0131lama program\u0131 Mardin Prof. Aziz Sancar Havaliman\u0131\u2019nda ger\u00e7ekle\u015ftirildi. Aileleri ve yak\u0131nlar\u0131 taraf\u0131ndan kar\u015f\u0131lanan \u00e7iftler, ilahiler e\u015fli\u011finde b\u00fcy\u00fck bir sevgi g\u00f6sterisiyle kar\u015f\u0131land\u0131. Uzun s\u00fcren hasretin ard\u0131ndan ger\u00e7ekle\u015fen bulu\u015fmalarda duygu dolu anlar ya\u015fan\u0131rken, baz\u0131 vatanda\u015flar\u0131n g\u00f6zya\u015flar\u0131n\u0131 tutamad\u0131\u011f\u0131 g\u00f6r\u00fcld\u00fc.<\/p>\n<p>Umre ziyaretinden d\u00f6nen \u00e7iftler, ya\u015fad\u0131klar\u0131 manevi atmosferi ve kutsal topraklarda ge\u00e7irdikleri anlar\u0131 tarif etmekte zorland\u0131klar\u0131n\u0131 ifade etti. Hayatlar\u0131 boyunca unutamayacaklar\u0131 bir deneyim ya\u015fad\u0131klar\u0131n\u0131 dile getiren vatanda\u015flar, b\u00f6yle anlaml\u0131 bir organizasyona vesile olan yetkililere te\u015fekk\u00fcr etti.<\/p>\n<p><img fetchpriority=\"high\" decoding=\"async\" class=\"alignnone size-medium wp-image-112978\" src=\"https:\/\/mardinhaberyolu.com\/wp-content\/uploads\/2026\/03\/h2-3-300x200.jpg\" alt=\"\" width=\"300\" height=\"200\" srcset=\"https:\/\/mardinhaberyolu.com\/wp-content\/uploads\/2026\/03\/h2-3-300x200.jpg 300w, https:\/\/mardinhaberyolu.com\/wp-content\/uploads\/2026\/03\/h2-3-1024x683.jpg 1024w, https:\/\/mardinhaberyolu.com\/wp-content\/uploads\/2026\/03\/h2-3-768x512.jpg 768w, https:\/\/mardinhaberyolu.com\/wp-content\/uploads\/2026\/03\/h2-3-1536x1024.jpg 1536w, https:\/\/mardinhaberyolu.com\/wp-content\/uploads\/2026\/03\/h2-3.jpg 1620w\" sizes=\"(max-width: 300px) 100vw, 300px\" \/><\/p>\n<p>&nbsp;<\/p>\n<p>\u00c7iftler, ba\u015fta Mardin Valisi ve B\u00fcy\u00fck\u015fehir Belediye Ba\u015fkan Vekili Tuncay Akkoyun olmak \u00fczere organizasyonda eme\u011fi ge\u00e7en t\u00fcm kurum ve g\u00f6revlilere \u015f\u00fckranlar\u0131n\u0131 iletti.<\/p>\n<p>Yetkililer ise \u201c2025 Aile Y\u0131l\u0131\u201d kapsam\u0131nda aile kurumunu g\u00fc\u00e7lendirmeye y\u00f6nelik sosyal ve k\u00fclt\u00fcrel projelerin artarak devam edece\u011fini belirtti. Bu t\u00fcr etkinliklerle hem toplumsal dayan\u0131\u015fman\u0131n g\u00fc\u00e7lendirilmesi hem de aile ba\u011flar\u0131n\u0131n daha da peki\u015ftirilmesinin hedeflendi\u011fi ifade edildi.<\/p>\n<p>B\u00fclten<\/p>\n","protected":false},"excerpt":{"rendered":"<p>Mardin Valili\u011fi ve Mardin B\u00fcy\u00fck\u015fehir Belediyesi Kad\u0131n ve Aile Hizmetleri Daire Ba\u015fkanl\u0131\u011f\u0131 ile Mardin \u0130l M\u00fcft\u00fcl\u00fc\u011f\u00fc i\u015f birli\u011finde y\u00fcr\u00fct\u00fclen \u201c2025 Aile Y\u0131l\u0131\u201d etkinlikleri kapsam\u0131nda anlaml\u0131 bir organizasyona imza at\u0131ld\u0131.<\/p>\n","protected":false},"author":1,"featured_media":112977,"comment_status":"open","ping_status":"open","sticky":false,"template":"","format":"standard","meta":{"footnotes":""},"categories":[3,4,9,18,30],"tags":[],"class_list":["post-112975","post","type-post","status-publish","format-standard","has-post-thumbnail","hentry","category-guncel","category-manset","category-mardin","category-toplumsal-yasam-gundem","category-ust-manset"],"_links":{"self":[{"href":"https:\/\/mardinhaberyolu.com\/index.php?rest_route=\/wp\/v2\/posts\/112975","targetHints":{"allow":["GET"]}}],"collection":[{"href":"https:\/\/mardinhaberyolu.com\/index.php?rest_route=\/wp\/v2\/posts"}],"about":[{"href":"https:\/\/mardinhaberyolu.com\/index.php?rest_route=\/wp\/v2\/types\/post"}],"author":[{"embeddable":true,"href":"https:\/\/mardinhaberyolu.com\/index.php?rest_route=\/wp\/v2\/users\/1"}],"replies":[{"embeddable":true,"href":"https:\/\/mardinhaberyolu.com\/index.php?rest_route=%2Fwp%2Fv2%2Fcomments&post=112975"}],"version-history":[{"count":1,"href":"https:\/\/mardinhaberyolu.com\/index.php?rest_route=\/wp\/v2\/posts\/112975\/revisions"}],"predecessor-version":[{"id":112979,"href":"https:\/\/mardinhaberyolu.com\/index.php?rest_route=\/wp\/v2\/posts\/112975\/revisions\/112979"}],"wp:featuredmedia":[{"embeddable":true,"href":"https:\/\/mardinhaberyolu.com\/index.php?rest_route=\/wp\/v2\/media\/112977"}],"wp:attachment":[{"href":"https:\/\/mardinhaberyolu.com\/index.php?rest_route=%2Fwp%2Fv2%2Fmedia&parent=112975"}],"wp:term":[{"taxonomy":"category","embeddable":true,"href":"https:\/\/mardinhaberyolu.com\/index.php?rest_route=%2Fwp%2Fv2%2Fcategories&post=112975"},{"taxonomy":"post_tag","embeddable":true,"href":"https:\/\/mardinhaberyolu.com\/index.php?rest_route=%2Fwp%2Fv2%2Ftags&post=112975"}],"curies":[{"name":"wp","href":"https:\/\/api.w.org\/{rel}","templated":true}]}}