{"id":112972,"date":"2026-03-31T08:01:39","date_gmt":"2026-03-31T08:01:39","guid":{"rendered":"https:\/\/mardinhaberyolu.com\/?p=112972"},"modified":"2026-03-31T08:01:39","modified_gmt":"2026-03-31T08:01:39","slug":"derik-belediyesi-3-geleneksel-baris-turnuvasi-basladi","status":"publish","type":"post","link":"https:\/\/mardinhaberyolu.com\/?p=112972","title":{"rendered":"Derik Belediyesi 3. Geleneksel Bar\u0131\u015f Turnuvas\u0131 Ba\u015flad\u0131"},"content":{"rendered":"<p>K\u00fclt\u00fcr ve Sosyal \u0130\u015fler M\u00fcd\u00fcrl\u00fc\u011f\u00fc taraf\u0131ndan organize edilen turnuvan\u0131n a\u00e7\u0131l\u0131\u015f\u0131 yo\u011fun kat\u0131l\u0131mla yap\u0131ld\u0131.<\/p>\n<p>A\u00e7\u0131l\u0131\u015f program\u0131na Belediye E\u015fba\u015fkanlar\u0131 Song\u00fcl \u00d6zbah\u00e7eci ve Cengiz Temelli, Belediye E\u015fba\u015fkan Yard\u0131mc\u0131s\u0131 Muhittin Ecer ile belediye meclis \u00fcyeleri ve \u00e7ok say\u0131da futbol sever kat\u0131ld\u0131.<\/p>\n<p>\u0130ki ayr\u0131 hal\u0131 sahada oynanan turnuvaya toplam 34 tak\u0131m kat\u0131l\u0131m sa\u011flad\u0131. Toplumsal dayan\u0131\u015fma ve karde\u015flik duygular\u0131n\u0131 peki\u015ftirmeyi ama\u00e7layan Turnuvada , il\u00e7emizin farkl\u0131 mahallelerinden tak\u0131mlar k\u0131yas\u0131ya m\u00fccadele edecek.<\/p>\n<p>Derik Belediyesi olarak turnuvaya kat\u0131lan t\u00fcm tak\u0131mlara ba\u015far\u0131lar diliyoruz.<\/p>\n","protected":false},"excerpt":{"rendered":"<p>Derik Belediyesi taraf\u0131ndan her y\u0131l d\u00fczenlenen Geleneksel Bar\u0131\u015f Futbol Turnuvas\u0131\u2019n\u0131n bu y\u0131l 3\u2019\u00fcnc\u00fcs\u00fc ger\u00e7ekle\u015ftiriliyor.<\/p>\n","protected":false},"author":1,"featured_media":112973,"comment_status":"open","ping_status":"open","sticky":false,"template":"","format":"standard","meta":{"footnotes":""},"categories":[9,7,30,27],"tags":[],"class_list":["post-112972","post","type-post","status-publish","format-standard","has-post-thumbnail","hentry","category-mardin","category-spor","category-ust-manset","category-yerel-siyaset"],"_links":{"self":[{"href":"https:\/\/mardinhaberyolu.com\/index.php?rest_route=\/wp\/v2\/posts\/112972","targetHints":{"allow":["GET"]}}],"collection":[{"href":"https:\/\/mardinhaberyolu.com\/index.php?rest_route=\/wp\/v2\/posts"}],"about":[{"href":"https:\/\/mardinhaberyolu.com\/index.php?rest_route=\/wp\/v2\/types\/post"}],"author":[{"embeddable":true,"href":"https:\/\/mardinhaberyolu.com\/index.php?rest_route=\/wp\/v2\/users\/1"}],"replies":[{"embeddable":true,"href":"https:\/\/mardinhaberyolu.com\/index.php?rest_route=%2Fwp%2Fv2%2Fcomments&post=112972"}],"version-history":[{"count":1,"href":"https:\/\/mardinhaberyolu.com\/index.php?rest_route=\/wp\/v2\/posts\/112972\/revisions"}],"predecessor-version":[{"id":112974,"href":"https:\/\/mardinhaberyolu.com\/index.php?rest_route=\/wp\/v2\/posts\/112972\/revisions\/112974"}],"wp:featuredmedia":[{"embeddable":true,"href":"https:\/\/mardinhaberyolu.com\/index.php?rest_route=\/wp\/v2\/media\/112973"}],"wp:attachment":[{"href":"https:\/\/mardinhaberyolu.com\/index.php?rest_route=%2Fwp%2Fv2%2Fmedia&parent=112972"}],"wp:term":[{"taxonomy":"category","embeddable":true,"href":"https:\/\/mardinhaberyolu.com\/index.php?rest_route=%2Fwp%2Fv2%2Fcategories&post=112972"},{"taxonomy":"post_tag","embeddable":true,"href":"https:\/\/mardinhaberyolu.com\/index.php?rest_route=%2Fwp%2Fv2%2Ftags&post=112972"}],"curies":[{"name":"wp","href":"https:\/\/api.w.org\/{rel}","templated":true}]}}