{"id":112962,"date":"2026-03-30T11:44:51","date_gmt":"2026-03-30T11:44:51","guid":{"rendered":"https:\/\/mardinhaberyolu.com\/?p=112962"},"modified":"2026-03-30T11:44:51","modified_gmt":"2026-03-30T11:44:51","slug":"dunya-yaniyor-bedelini-bu-millet-oduyor","status":"publish","type":"post","link":"https:\/\/mardinhaberyolu.com\/?p=112962","title":{"rendered":"D\u00dcNYA YANIYOR, BEDEL\u0130N\u0130 BU M\u0130LLET \u00d6D\u00dcYOR"},"content":{"rendered":"<p>&nbsp;<\/p>\n<p><strong>Rusya ile Ukrayna aras\u0131nda y\u0131llard\u0131r s\u00fcren y\u0131k\u0131m\u2026<\/strong><\/p>\n<p><strong>\u0130srail, ABD ve \u0130ran aras\u0131nda her an b\u00fcy\u00fcme ihtimali ta\u015f\u0131yan gerilim\u2026<\/strong><\/p>\n<p><strong>Ve bir zamanlar g\u00fcndemin merkezinde olan ama bug\u00fcn unutulan Afganistan \u2013 Pakistan hatt\u0131\u2026<\/strong><\/p>\n<p>Sava\u015flar bitmiyor. Sadece insanlar\u0131n ilgisi bitiyor. Ama o sava\u015flar\u0131n faturas\u0131 hi\u00e7bir zaman kaybolmuyor.<\/p>\n<p><strong>FATURA HEP AYNI KAPIYA KES\u0130L\u0130YOR<\/strong><\/p>\n<p>Diyarbak\u0131r\u2019da bir i\u015f\u00e7i eve d\u00f6n\u00fcyor\u2026<\/p>\n<p>Yorgunlu\u011fu bedeninde de\u011fil, gelece\u011finde.<\/p>\n<p>Ve bu insanlar, d\u00fcnyan\u0131n hi\u00e7bir sava\u015f\u0131nda taraf de\u011filken\u2026<\/p>\n<p>En a\u011f\u0131r bedeli \u00f6deyen taraf oluyor.<\/p>\n<p>Bug\u00fcn mesele art\u0131k <strong>\u2018ge\u00e7im s\u0131k\u0131nt\u0131s\u0131\u2019<\/strong> de\u011fil.<\/p>\n<p><strong>Mesele a\u00e7\u0131k; Ge\u00e7inememek.<\/strong><\/p>\n<p>Van\u2019da bir emekli pazara \u00e7\u0131k\u0131yor\u2026<\/p>\n<p>Elindeki po\u015fet de\u011fil, asl\u0131nda hayat\u0131n\u0131n hesab\u0131.Bir emekli maa\u015f\u0131yla ay sonunu getirmek bir yana, ay\u0131n ortas\u0131n\u0131 g\u00f6rebilmek bile m\u00fccadeleye d\u00f6nm\u00fc\u015f durumda. \u00dcstelik bu sadece en d\u00fc\u015f\u00fck maa\u015f alanlar\u0131n sorunu de\u011fil. Bug\u00fcn bu \u00fclkede, y\u00fcksek maa\u015f bile h\u0131zla eriyor. \u00c7\u00fcnk\u00fc hayat, herkesten daha h\u0131zl\u0131 pahalan\u0131yor.<\/p>\n<p><strong>ASIL TEHL\u0130KE SESS\u0130ZL\u0130K <\/strong><\/p>\n<p>Bunun ad\u0131 sadece ekonomi de\u011fil. Bu, bir d\u00fczen meselesidir.<\/p>\n<p><strong>Enerji fiyatlar\u0131 art\u0131yor deniliyor\u2026 <\/strong><\/p>\n<p><strong>K\u00fcresel kriz var deniliyor\u2026<\/strong><\/p>\n<p><strong>Sava\u015flar etkiliyor deniliyor\u2026<\/strong><\/p>\n<p><strong>Peki neden her kriz, gelip bu \u00fclkenin dar gelirli insan\u0131n\u0131 buluyor?<\/strong><\/p>\n<p><strong>Neden her y\u00fck, zaten y\u00fck\u00fcn alt\u0131nda ezilenin omzuna b\u0131rak\u0131l\u0131yor?<\/strong><\/p>\n<p>Ama mesele sadece cebimiz de\u011fil\u2026 Toplumun ruhu da yorulmu\u015f durumda. Futbol sahalar\u0131nda y\u00fckselen nefret dili, insanlar\u0131n kimli\u011fi \u00fczerinden hedef g\u00f6sterilmesi, \u015fehirler \u00fczerinden yap\u0131lan ayr\u0131mc\u0131l\u0131k\u2026<\/p>\n<p>Bunlar k\u00fc\u00e7\u00fck meseleler de\u011fil. Bunlar, derin bir k\u0131r\u0131lman\u0131n i\u015faretidir. Bug\u00fcn as\u0131l tehlike \u015fudur<strong>; \u0130nsanlar art\u0131k ne sava\u015fa \u015fa\u015f\u0131r\u0131yor, ne yoksullu\u011fa tepki veriyor. Al\u0131\u015f\u0131yoruz. Ve en b\u00fcy\u00fck \u00e7\u00f6k\u00fc\u015f, tam da b\u00f6yle ba\u015flar. <\/strong><\/p>\n<p>Bu \u00fclkede en az kazananlar, en \u00e7ok sabredenlerdir. Ama unutulmamal\u0131d\u0131r ki\u2026 <strong>Bir g\u00fcn en sessiz olanlar konu\u015fursa, o g\u00fcn en \u00e7ok sesi \u00e7\u0131kanlar susmak zorunda kal\u0131r.<\/strong><\/p>\n<p><strong>Sevgiyle kal\u0131n.<\/strong><\/p>\n","protected":false},"excerpt":{"rendered":"<p>D\u00fcnyan\u0131n herhangi bir yerinde bir bomba patlad\u0131\u011f\u0131nda, sesi belki burada duyulmuyor\u2026 Ama etkisi, bu \u00fclkede ya\u015fayan herkesin cebinde yank\u0131lan\u0131yor. Bug\u00fcn haritaya bakt\u0131\u011f\u0131n\u0131zda bir sava\u015f de\u011fil, bir zincir g\u00f6r\u00fcyorsunuz.<\/p>\n","protected":false},"author":3,"featured_media":112963,"comment_status":"open","ping_status":"open","sticky":false,"template":"","format":"standard","meta":{"footnotes":""},"categories":[24],"tags":[],"class_list":["post-112962","post","type-post","status-publish","format-standard","has-post-thumbnail","hentry","category-yazarlar"],"_links":{"self":[{"href":"https:\/\/mardinhaberyolu.com\/index.php?rest_route=\/wp\/v2\/posts\/112962","targetHints":{"allow":["GET"]}}],"collection":[{"href":"https:\/\/mardinhaberyolu.com\/index.php?rest_route=\/wp\/v2\/posts"}],"about":[{"href":"https:\/\/mardinhaberyolu.com\/index.php?rest_route=\/wp\/v2\/types\/post"}],"author":[{"embeddable":true,"href":"https:\/\/mardinhaberyolu.com\/index.php?rest_route=\/wp\/v2\/users\/3"}],"replies":[{"embeddable":true,"href":"https:\/\/mardinhaberyolu.com\/index.php?rest_route=%2Fwp%2Fv2%2Fcomments&post=112962"}],"version-history":[{"count":1,"href":"https:\/\/mardinhaberyolu.com\/index.php?rest_route=\/wp\/v2\/posts\/112962\/revisions"}],"predecessor-version":[{"id":112964,"href":"https:\/\/mardinhaberyolu.com\/index.php?rest_route=\/wp\/v2\/posts\/112962\/revisions\/112964"}],"wp:featuredmedia":[{"embeddable":true,"href":"https:\/\/mardinhaberyolu.com\/index.php?rest_route=\/wp\/v2\/media\/112963"}],"wp:attachment":[{"href":"https:\/\/mardinhaberyolu.com\/index.php?rest_route=%2Fwp%2Fv2%2Fmedia&parent=112962"}],"wp:term":[{"taxonomy":"category","embeddable":true,"href":"https:\/\/mardinhaberyolu.com\/index.php?rest_route=%2Fwp%2Fv2%2Fcategories&post=112962"},{"taxonomy":"post_tag","embeddable":true,"href":"https:\/\/mardinhaberyolu.com\/index.php?rest_route=%2Fwp%2Fv2%2Ftags&post=112962"}],"curies":[{"name":"wp","href":"https:\/\/api.w.org\/{rel}","templated":true}]}}