{"id":112943,"date":"2026-03-29T11:39:03","date_gmt":"2026-03-29T11:39:03","guid":{"rendered":"https:\/\/mardinhaberyolu.com\/?p=112943"},"modified":"2026-03-29T12:13:04","modified_gmt":"2026-03-29T12:13:04","slug":"asiti-asiretinin-aci-gunu-haci-cemil-memis-vefat-etti","status":"publish","type":"post","link":"https:\/\/mardinhaberyolu.com\/?p=112943","title":{"rendered":"A\u015fiti A\u015firetinin Ac\u0131 G\u00fcn\u00fc&#8230; Hac\u0131 Cemil Memi\u015f Vefat Etti"},"content":{"rendered":"<p>Emekli \u00f6\u011fretmen \u0130smail Memi\u015f&#8217;in abisi, Mehmet Emin, Mehmet Salih ve \u00f6\u011fretmen Mehmet Ali Memi\u015f&#8217;in babalar\u0131 olan Haci Cemil Memi\u015f&#8217;in vefat haberi ba\u015fta ailesi olmak \u00fczere A\u015fiti a\u015firetini, dost ve akrabalar\u0131n\u0131 derinden \u00fczd\u00fc.<\/p>\n<p>A\u015firetin as\u0131rl\u0131k \u00e7\u0131nar\u0131 olarak kabul edilen Haci Cemil Memi\u015f 90 ya\u015f\u0131ndayd\u0131.<\/p>\n<p>Taziyesi Yarar G\u00fcndo\u011fdu Taziye Evinde 29-30-31 Mart tarihlerinde devam etmektedir.<\/p>\n<p>Biz de Mardin Haberyolu haber sitesi olarak merhuma Allah&#8217;tan rahmet, ac\u0131l\u0131 aile ve a\u015firetine ba\u015f sa\u011fl\u0131\u011f\u0131 diliyoruz. \ud83e\udd32<\/p>\n","protected":false},"excerpt":{"rendered":"<p>B\u00f6lgenin kadim a\u015firetlerinden biri olan A\u015fiti a\u015firetinin tan\u0131nan ve s\u00f6z\u00fc dinlenen \u015fahsiyeti Haci Cemil Memi\u015f, Hakk&#8217;a y\u00fcr\u00fcd\u00fc. <\/p>\n","protected":false},"author":1,"featured_media":112947,"comment_status":"open","ping_status":"open","sticky":false,"template":"","format":"standard","meta":{"footnotes":""},"categories":[3,2,4,18,30],"tags":[],"class_list":["post-112943","post","type-post","status-publish","format-standard","has-post-thumbnail","hentry","category-guncel","category-kiziltepe","category-manset","category-toplumsal-yasam-gundem","category-ust-manset"],"_links":{"self":[{"href":"https:\/\/mardinhaberyolu.com\/index.php?rest_route=\/wp\/v2\/posts\/112943","targetHints":{"allow":["GET"]}}],"collection":[{"href":"https:\/\/mardinhaberyolu.com\/index.php?rest_route=\/wp\/v2\/posts"}],"about":[{"href":"https:\/\/mardinhaberyolu.com\/index.php?rest_route=\/wp\/v2\/types\/post"}],"author":[{"embeddable":true,"href":"https:\/\/mardinhaberyolu.com\/index.php?rest_route=\/wp\/v2\/users\/1"}],"replies":[{"embeddable":true,"href":"https:\/\/mardinhaberyolu.com\/index.php?rest_route=%2Fwp%2Fv2%2Fcomments&post=112943"}],"version-history":[{"count":2,"href":"https:\/\/mardinhaberyolu.com\/index.php?rest_route=\/wp\/v2\/posts\/112943\/revisions"}],"predecessor-version":[{"id":112946,"href":"https:\/\/mardinhaberyolu.com\/index.php?rest_route=\/wp\/v2\/posts\/112943\/revisions\/112946"}],"wp:featuredmedia":[{"embeddable":true,"href":"https:\/\/mardinhaberyolu.com\/index.php?rest_route=\/wp\/v2\/media\/112947"}],"wp:attachment":[{"href":"https:\/\/mardinhaberyolu.com\/index.php?rest_route=%2Fwp%2Fv2%2Fmedia&parent=112943"}],"wp:term":[{"taxonomy":"category","embeddable":true,"href":"https:\/\/mardinhaberyolu.com\/index.php?rest_route=%2Fwp%2Fv2%2Fcategories&post=112943"},{"taxonomy":"post_tag","embeddable":true,"href":"https:\/\/mardinhaberyolu.com\/index.php?rest_route=%2Fwp%2Fv2%2Ftags&post=112943"}],"curies":[{"name":"wp","href":"https:\/\/api.w.org\/{rel}","templated":true}]}}