{"id":112939,"date":"2026-03-29T05:32:22","date_gmt":"2026-03-29T05:32:22","guid":{"rendered":"https:\/\/mardinhaberyolu.com\/?p=112939"},"modified":"2026-03-29T05:32:22","modified_gmt":"2026-03-29T05:32:22","slug":"artukluda-buyuk-asfalt-seferberligi","status":"publish","type":"post","link":"https:\/\/mardinhaberyolu.com\/?p=112939","title":{"rendered":"Artuklu\u2019da B\u00fcy\u00fck Asfalt Seferberli\u011fi"},"content":{"rendered":"<p>Fen \u0130\u015fleri Daire Ba\u015fkanl\u0131\u011f\u0131\u2019na ba\u011fl\u0131 ekipler, il\u00e7enin farkl\u0131 noktalar\u0131nda asfalt serim \u00e7al\u0131\u015fmalar\u0131n\u0131 aral\u0131ks\u0131z s\u00fcrd\u00fcr\u00fcyor.<\/p>\n<p>Bu kapsamda Artuklu\u2019nun \u00f6nemli g\u00fczerg\u00e2hlar\u0131ndan biri olan PTT Caddesi\u2019nde y\u00fcr\u00fct\u00fclen asfalt \u00e7al\u0131\u015fmalar\u0131yla yol daha modern, konforlu ve g\u00fcvenli bir hale getiriliyor. Ekipler, eskiyen ve y\u0131pranan yol y\u00fczeylerini yenileyerek hem s\u00fcr\u00fc\u015f g\u00fcvenli\u011fini art\u0131rmay\u0131 hem de trafik ak\u0131\u015f\u0131n\u0131 daha sa\u011fl\u0131kl\u0131 hale getirmeyi hedefliyor.<\/p>\n<p>Mardin B\u00fcy\u00fck\u015fehir Belediyesi, \u015fehir genelinde ula\u015f\u0131m altyap\u0131s\u0131n\u0131 g\u00fc\u00e7lendirmeye y\u00f6nelik \u00e7al\u0131\u015fmalar\u0131n plan ve program dahilinde devam etti\u011fini belirterek, vatanda\u015flar\u0131n daha rahat ve g\u00fcvenli ula\u015f\u0131m imkanlar\u0131na kavu\u015fmas\u0131 i\u00e7in \u00e7al\u0131\u015fmalar\u0131n s\u00fcrece\u011fini ifade etti.<\/p>\n<p><img fetchpriority=\"high\" decoding=\"async\" class=\"alignnone size-medium wp-image-112941\" src=\"https:\/\/mardinhaberyolu.com\/wp-content\/uploads\/2026\/03\/IMG-20260328-WA0010-225x300.jpg\" alt=\"\" width=\"225\" height=\"300\" srcset=\"https:\/\/mardinhaberyolu.com\/wp-content\/uploads\/2026\/03\/IMG-20260328-WA0010-225x300.jpg 225w, https:\/\/mardinhaberyolu.com\/wp-content\/uploads\/2026\/03\/IMG-20260328-WA0010-768x1024.jpg 768w, https:\/\/mardinhaberyolu.com\/wp-content\/uploads\/2026\/03\/IMG-20260328-WA0010-1152x1536.jpg 1152w, https:\/\/mardinhaberyolu.com\/wp-content\/uploads\/2026\/03\/IMG-20260328-WA0010.jpg 1536w\" sizes=\"(max-width: 225px) 100vw, 225px\" \/><\/p>\n<p>Haber Merkezi<\/p>\n","protected":false},"excerpt":{"rendered":"<p>Mardin B\u00fcy\u00fck\u015fehir Belediyesi, kent genelinde s\u00fcrd\u00fcrd\u00fc\u011f\u00fc ula\u015f\u0131m altyap\u0131s\u0131n\u0131 g\u00fc\u00e7lendirme \u00e7al\u0131\u015fmalar\u0131 kapsam\u0131nda Artuklu il\u00e7esinde asfalt seferberli\u011fi ba\u015flatt\u0131.<\/p>\n","protected":false},"author":1,"featured_media":112940,"comment_status":"open","ping_status":"open","sticky":false,"template":"","format":"standard","meta":{"footnotes":""},"categories":[3,4,9,18,30,27],"tags":[],"class_list":["post-112939","post","type-post","status-publish","format-standard","has-post-thumbnail","hentry","category-guncel","category-manset","category-mardin","category-toplumsal-yasam-gundem","category-ust-manset","category-yerel-siyaset"],"_links":{"self":[{"href":"https:\/\/mardinhaberyolu.com\/index.php?rest_route=\/wp\/v2\/posts\/112939","targetHints":{"allow":["GET"]}}],"collection":[{"href":"https:\/\/mardinhaberyolu.com\/index.php?rest_route=\/wp\/v2\/posts"}],"about":[{"href":"https:\/\/mardinhaberyolu.com\/index.php?rest_route=\/wp\/v2\/types\/post"}],"author":[{"embeddable":true,"href":"https:\/\/mardinhaberyolu.com\/index.php?rest_route=\/wp\/v2\/users\/1"}],"replies":[{"embeddable":true,"href":"https:\/\/mardinhaberyolu.com\/index.php?rest_route=%2Fwp%2Fv2%2Fcomments&post=112939"}],"version-history":[{"count":1,"href":"https:\/\/mardinhaberyolu.com\/index.php?rest_route=\/wp\/v2\/posts\/112939\/revisions"}],"predecessor-version":[{"id":112942,"href":"https:\/\/mardinhaberyolu.com\/index.php?rest_route=\/wp\/v2\/posts\/112939\/revisions\/112942"}],"wp:featuredmedia":[{"embeddable":true,"href":"https:\/\/mardinhaberyolu.com\/index.php?rest_route=\/wp\/v2\/media\/112940"}],"wp:attachment":[{"href":"https:\/\/mardinhaberyolu.com\/index.php?rest_route=%2Fwp%2Fv2%2Fmedia&parent=112939"}],"wp:term":[{"taxonomy":"category","embeddable":true,"href":"https:\/\/mardinhaberyolu.com\/index.php?rest_route=%2Fwp%2Fv2%2Fcategories&post=112939"},{"taxonomy":"post_tag","embeddable":true,"href":"https:\/\/mardinhaberyolu.com\/index.php?rest_route=%2Fwp%2Fv2%2Ftags&post=112939"}],"curies":[{"name":"wp","href":"https:\/\/api.w.org\/{rel}","templated":true}]}}