{"id":112934,"date":"2026-03-27T06:35:49","date_gmt":"2026-03-27T06:35:49","guid":{"rendered":"https:\/\/mardinhaberyolu.com\/?p=112934"},"modified":"2026-03-27T06:40:28","modified_gmt":"2026-03-27T06:40:28","slug":"sedat-ege-kiziltepepe-ticaret-ve-sanayi-odasi-baskan-adayi","status":"publish","type":"post","link":"https:\/\/mardinhaberyolu.com\/?p=112934","title":{"rendered":"SEDAT EGE KIZILTEPEPE T\u0130CARET VE SANAY\u0130 ODASI BA\u015eKAN ADAYI"},"content":{"rendered":"<p>&nbsp;<\/p>\n<p>\u0130\u015f \u0130nsan\u0131 Sedat Ege, K\u0131z\u0131ltepe&#8217;de ekonomi potansiyelinin bug\u00fcne kadar de\u011ferlendirilmedi\u011fini belirterek bunun i\u00e7in art\u0131k sab\u0131r, disiplin ve kararl\u0131l\u0131kla planlayan bir anlay\u0131\u015fa ihtiya\u00e7 duyuldu\u011funu savundu. G\u00fc\u00e7l\u00fc Ticaret G\u00fc\u00e7l\u00fc Destek \u015fiar\u0131na yer verdi\u011fi K\u0131z\u0131ltepe Ticaret ve Sanayi Odas\u0131 Ba\u015fkanl\u0131\u011f\u0131na adayl\u0131\u011f\u0131 ile ilgili \u0130\u015f \u0130nsan\u0131 Sedat Ege&#8217;nin yapt\u0131\u011f\u0131 a\u00e7\u0131klama \u015f\u00f6yle:<\/p>\n<p>K\u0131ymetli i\u015f insanlar\u0131, de\u011ferli K\u0131z\u0131ltepeliler;<br \/>\nBen Sedat EGE, 1981 y\u0131l\u0131 K\u0131z\u0131ltepe \u0130l\u00e7esi do\u011fumluyum. Anadolu \u00dcniversitesi \u0130\u015fletme Fak\u00fcltesi mezunuyum. Do\u011fup b\u00fcy\u00fcd\u00fc\u011f\u00fcm bu \u015fehirde y\u0131llard\u0131r Nakliyat, E\u011fitim, Sigorta, Tar\u0131msal \u00dcretim ba\u015fta olmak \u00fczere ticaretin ve \u00fcretimin i\u00e7inde aktif bi\u00e7imde yer alan bir i\u015f insan\u0131y\u0131m. Bu kentin sorunlar\u0131n\u0131 da potansiyelini de yak\u0131ndan bilen birisiyim.<br \/>\nK\u0131z\u0131ltepe, sahip oldu\u011fu imk\u00e2nlar ve giri\u015fimci ruhuyla \u00e7ok daha g\u00fc\u00e7l\u00fc bir ekonomik yap\u0131y\u0131 hak ediyor. Ancak hepimiz biliyoruz ki bu potansiyel bug\u00fcne kadar tam anlam\u0131yla de\u011ferlendirilebilmi\u015f de\u011fil. Bunun i\u00e7in gelece\u011fi sab\u0131r, disiplin ve kararl\u0131l\u0131kla planlayan bir anlay\u0131\u015fa ihtiya\u00e7 var. Art\u0131k icraat\u0131n konu\u015fuldu\u011fu, \u015feffaf ve hesap verilebilir bir y\u00f6netim anlay\u0131\u015f\u0131 \u015fart. Ben bu anlay\u0131\u015f\u0131 hayata ge\u00e7irmek i\u00e7in aday\u0131m.<br \/>\nAmac\u0131m; \u00fcyelerinin sorunlar\u0131n\u0131 ger\u00e7ekten dinleyen, \u00e7\u00f6z\u00fcm \u00fcreten, ula\u015f\u0131labilir ve birlikte hareket eden bir oda y\u00f6netimi olu\u015fturmakt\u0131r. \u00dcyeleriyle birlikte karar alan; planl\u0131 ve disiplinli \u00e7al\u0131\u015fmalarla ilerleyen bir yap\u0131 kurmak istiyorum.<br \/>\nK\u0131z\u0131ltepe\u2019nin ticaretini b\u00fcy\u00fcten, \u00fcretimini g\u00fc\u00e7lendiren, gen\u00e7 ve kad\u0131n giri\u015fimcilerin \u00f6n\u00fcn\u00fc a\u00e7an bir oda i\u00e7in sorumluluk almaya haz\u0131r\u0131m.<br \/>\nBu inan\u00e7 ve kararl\u0131l\u0131kla, yenili\u011fin ve giri\u015fimin \u00f6n\u00fcn\u00fc a\u00e7mak ad\u0131na K\u0131z\u0131ltepe Ticaret ve Sanayi Odas\u0131 ba\u015fkanl\u0131\u011f\u0131na aday oldu\u011fumu sizlerle payla\u015f\u0131yorum.<br \/>\nBu yolculukta deste\u011finize talibim. Birlikte hareket edersek, \u0130l\u00e7emizi, ticaretimizi ve \u00fcretimimizi \u00e7ok daha g\u00fc\u00e7l\u00fc bir noktaya ta\u015f\u0131yaca\u011f\u0131m\u0131za inan\u0131yorum.<\/p>\n<p>K\u0131z\u0131ltepe Ticaret ve Sanayi Odas\u0131<br \/>\nBa\u015fkan Aday\u0131<br \/>\nSEDAT EGE<\/p>\n","protected":false},"excerpt":{"rendered":"<p>K\u0131z\u0131ltepeli i\u015f insan\u0131 Sedat Ege, \u00f6n\u00fcm\u00fczdeki Ekim 2026&#8217;da yap\u0131lacak se\u00e7imle belirlenecek olan K\u0131z\u0131ltepe Ticaret ve Sanayi Odas\u0131 yeni y\u00f6netim kurulu ba\u015fkanl\u0131\u011f\u0131na aday oldu\u011funu a\u00e7\u0131klad\u0131. \u0130\u015fletme fak\u00fcltesi mezunu olan Ege, yapt\u0131\u011f\u0131 a\u00e7\u0131klamada \u00fcretim ve ticaretin i\u00e7inde yer alan biri olarak birlikte hareket edilirse K\u0131z\u0131ltepe&#8217;de ekonomi sekt\u00f6r\u00fcn\u00fcn b\u00fcy\u00fct\u00fclmesinde ve ileri bir noktaya ta\u015f\u0131nmas\u0131nda inan\u00e7l\u0131 ve kararl\u0131 olduklar\u0131n\u0131 a\u00e7\u0131klad\u0131.<\/p>\n","protected":false},"author":1,"featured_media":112935,"comment_status":"open","ping_status":"open","sticky":false,"template":"","format":"standard","meta":{"footnotes":""},"categories":[6,2,4,9,30],"tags":[],"class_list":["post-112934","post","type-post","status-publish","format-standard","has-post-thumbnail","hentry","category-ekonomi","category-kiziltepe","category-manset","category-mardin","category-ust-manset"],"_links":{"self":[{"href":"https:\/\/mardinhaberyolu.com\/index.php?rest_route=\/wp\/v2\/posts\/112934","targetHints":{"allow":["GET"]}}],"collection":[{"href":"https:\/\/mardinhaberyolu.com\/index.php?rest_route=\/wp\/v2\/posts"}],"about":[{"href":"https:\/\/mardinhaberyolu.com\/index.php?rest_route=\/wp\/v2\/types\/post"}],"author":[{"embeddable":true,"href":"https:\/\/mardinhaberyolu.com\/index.php?rest_route=\/wp\/v2\/users\/1"}],"replies":[{"embeddable":true,"href":"https:\/\/mardinhaberyolu.com\/index.php?rest_route=%2Fwp%2Fv2%2Fcomments&post=112934"}],"version-history":[{"count":3,"href":"https:\/\/mardinhaberyolu.com\/index.php?rest_route=\/wp\/v2\/posts\/112934\/revisions"}],"predecessor-version":[{"id":112938,"href":"https:\/\/mardinhaberyolu.com\/index.php?rest_route=\/wp\/v2\/posts\/112934\/revisions\/112938"}],"wp:featuredmedia":[{"embeddable":true,"href":"https:\/\/mardinhaberyolu.com\/index.php?rest_route=\/wp\/v2\/media\/112935"}],"wp:attachment":[{"href":"https:\/\/mardinhaberyolu.com\/index.php?rest_route=%2Fwp%2Fv2%2Fmedia&parent=112934"}],"wp:term":[{"taxonomy":"category","embeddable":true,"href":"https:\/\/mardinhaberyolu.com\/index.php?rest_route=%2Fwp%2Fv2%2Fcategories&post=112934"},{"taxonomy":"post_tag","embeddable":true,"href":"https:\/\/mardinhaberyolu.com\/index.php?rest_route=%2Fwp%2Fv2%2Ftags&post=112934"}],"curies":[{"name":"wp","href":"https:\/\/api.w.org\/{rel}","templated":true}]}}