{"id":112922,"date":"2026-03-24T19:08:27","date_gmt":"2026-03-24T19:08:27","guid":{"rendered":"https:\/\/mardinhaberyolu.com\/?p=112922"},"modified":"2026-03-24T19:08:27","modified_gmt":"2026-03-24T19:08:27","slug":"mardin-tsonun-liderliginde-marlom-projesi-ilerliyor","status":"publish","type":"post","link":"https:\/\/mardinhaberyolu.com\/?p=112922","title":{"rendered":"Mardin TSO\u2019nun liderli\u011finde \u2018MARLOM Projesi\u2019 ilerliyor"},"content":{"rendered":"<p>Projede son olarak imzalanan MARLOM Projesi hizmet s\u00f6zle\u015fmesi ile MARLOM\u2019un fizibilite s\u00fcreci resmen ba\u015flad\u0131.<br \/>\nMardin\u2019in lojistik altyap\u0131s\u0131n\u0131n g\u00fc\u00e7lendirilmesi, b\u00f6lgesel ticaretin desteklenmesi ve kentin ulusal ile uluslararas\u0131 ticaret a\u011flar\u0131ndaki stratejik konumunun peki\u015ftirilmesi hedefiyle Cumhurba\u015fkanl\u0131\u011f\u0131 Yat\u0131r\u0131m Program\u0131\u2019na al\u0131nan Mardin Lojistik Merkezi (MARLOM) projesinde kurulu\u015f \u00e7al\u0131\u015fmalar\u0131 devam ediyor. Mardin Ticaret ve Sanayi Odas\u0131\u2019n\u0131n \u00f6nc\u00fcl\u00fc\u011f\u00fcnde ve Dicle Kalk\u0131nma Ajans\u0131 (D\u0130KA) deste\u011fiyle s\u00fcrd\u00fcr\u00fclen projede son olarak Mardin Artuklu \u00dcniversitesi Teknoloji Transfer Ofisi A.\u015e. (MA\u00dc TTO A.\u015e.) ile Mardin Lojistik Merkezi (MARLOM) Projesi Hizmet S\u00f6zle\u015fmesi imzaland\u0131. MTSO Y\u00f6netim Kurulu Ba\u015fkan\u0131 Hatip \u00c7elik ve MA\u00dc TTO A.\u015e. Genel M\u00fcd\u00fcr\u00fc M\u00fcmtaz Korkutan taraf\u0131ndan imzalanan s\u00f6zle\u015fme kapsam\u0131nda, MARLOM\u2019un fizibilite raporu s\u00fcreci resmen ba\u015flat\u0131ld\u0131. TRC3\/25\/FZD koda sahip proje ile Mardin\u2019in lojistik potansiyelinin daha etkin kullan\u0131lmas\u0131 amac\u0131yla analiz, planlama ve fizibilite \u00e7al\u0131\u015fmalar\u0131 akademik olarak y\u00fcr\u00fct\u00fclecek.<br \/>\n\u0130mza t\u00f6reninin ard\u0131ndan de\u011ferlendirmelerde bulunan Mardin Ticaret ve Sanayi Odas\u0131 Ba\u015fkan\u0131 Hatip \u00c7elik, MARLOM ile birlikte Mardin\u2019in co\u011frafi konumu ve ticari potansiyeliyle b\u00f6lgesel bir lojistik merkezi olma yolunda \u00f6nemli bir ad\u0131m at\u0131laca\u011f\u0131n\u0131 s\u00f6yledi. MARLOM\u2019un T\u00fcrkiye ile Irak aras\u0131nda yeni ticari koridor olacak Kalk\u0131nma Yolu g\u00fczergah\u0131nda y\u00fckselece\u011fine dikkat \u00e7eken Ba\u015fkan \u00c7elik, \u201cMARLOM ile b\u00f6lgesel ticareti g\u00fc\u00e7lendirmeyi ve Mardin\u2019i ulusal ve uluslararas\u0131 ticaret a\u011flar\u0131nda daha stratejik bir noktaya ta\u015f\u0131may\u0131 hedefliyoruz. Bu proje, ilin ekonomik b\u00fcy\u00fcmesine katk\u0131 sunarken, yeni i\u015f ve yat\u0131r\u0131m f\u0131rsatlar\u0131n\u0131 da beraberinde getirecek. Mardin\u2019in Orta Do\u011fu ve Turki Cumhuriyetler pazarlar\u0131na eri\u015fimi daha da kolayla\u015facak\u201d dedi.<br \/>\n\u201cModern lojistik altyap\u0131 tesisleri Mardin\u2019de y\u00fckselecek\u201d<br \/>\nProje kapsam\u0131nda, Mardin Lojistik \u00dcss\u00fc\u2019nde demiryolu ba\u011flant\u0131s\u0131, g\u00fcmr\u00fckl\u00fc ve g\u00fcmr\u00fcks\u00fcz antrepolar, y\u00fck elle\u00e7leme alanlar\u0131, t\u0131r park\u0131, g\u00fcmr\u00fck binas\u0131 ve \u00e7e\u015fitli sosyal donat\u0131 alanlar\u0131 gibi modern lojistik altyap\u0131 tesislerinin kurulaca\u011f\u0131n\u0131 kaydeden Hatip \u00c7elik, \u201cMARLOM, Mardin\u2019de da\u011f\u0131n\u0131k h\u00e2lde bulunan 43 bin ara\u00e7tan olu\u015fan ticari ara\u00e7 filomuzun tek merkezde k\u00fcmelenece\u011fi yeni bir lojistik cazibe alan\u0131 olacak. Merkezimiz, sahip oldu\u011fu modern lojistik altyap\u0131 tesisleri ve teknolojileriyle lojistik sekt\u00f6r\u00fcm\u00fcz\u00fcn rekabet g\u00fcc\u00fcn\u00fc daha \u00fcst standartlara \u00e7\u0131karacak. Ayr\u0131ca MARLOM i\u00e7erisinde fuar alan\u0131, sebze ve meyve hali ile k\u00fc\u00e7\u00fck sanayi sitesi kurmak i\u00e7in de giri\u015fimlerimiz ve lobi faaliyetlerimiz devam ediyor. MARLOM\u2019un hizmete girmesiyle birlikte kentimizin ticaret ve ta\u015f\u0131mac\u0131l\u0131k kapasitesi h\u0131zla artacak. Bu sayede ilimizin lojistik hizmetlerinin \u00e7e\u015fitlendirilmesi, verimlili\u011fin art\u0131r\u0131lmas\u0131 ve b\u00f6lgesel ticaret daha da g\u00fc\u00e7lendirilecek. MARLOM Projesi, Mardin\u2019in b\u00f6lgesel kalk\u0131nmas\u0131n\u0131n lojistik alanda desteklenmesi y\u00f6n\u00fcnde \u00f6nemli bir ad\u0131m ve kazan\u0131m olacak\u201d diye konu\u015ftu.<br \/>\n\u201cMardin i\u00e7in s\u00fcrd\u00fcr\u00fclebilir bir lojistik model yarataca\u011f\u0131z\u201d<br \/>\nMardin Artuklu \u00dcniversitesi Teknoloji Transfer Ofisi A.\u015e. Genel M\u00fcd\u00fcr\u00fc M\u00fcmtaz Korkutan ise proje ile birlikte bilimsel bilgi ve teknik kapasitenin sahaya aktar\u0131laca\u011f\u0131n\u0131 vurgulayarak, \u015f\u00f6yle konu\u015ftu: \u201cBu \u00e7al\u0131\u015fma, \u00fcniversite-sanayi i\u015f birli\u011finin somut bir \u00e7\u0131kt\u0131s\u0131d\u0131r. Lojistik alan\u0131nda yap\u0131lacak analiz ve fizibilite \u00e7al\u0131\u015fmalar\u0131yla Mardin\u2019in ticari ula\u015f\u0131m ihtiya\u00e7lar\u0131na uygun, uygulanabilir ve s\u00fcrd\u00fcr\u00fclebilir bir model ortaya koymay\u0131 hedefliyoruz. Akademik birikimimizi b\u00f6lgenin ekonomik geli\u015fimine katk\u0131 sa\u011flayacak \u015fekilde en verimli bi\u00e7imde kullanaca\u011f\u0131z.\u201d<\/p>\n<p><img fetchpriority=\"high\" decoding=\"async\" class=\"alignnone size-medium wp-image-112924\" src=\"https:\/\/mardinhaberyolu.com\/wp-content\/uploads\/2026\/03\/MARLOM-HIZMET-SOZLESMESI-2-300x199.jpg\" alt=\"\" width=\"300\" height=\"199\" srcset=\"https:\/\/mardinhaberyolu.com\/wp-content\/uploads\/2026\/03\/MARLOM-HIZMET-SOZLESMESI-2-300x199.jpg 300w, https:\/\/mardinhaberyolu.com\/wp-content\/uploads\/2026\/03\/MARLOM-HIZMET-SOZLESMESI-2-1024x678.jpg 1024w, https:\/\/mardinhaberyolu.com\/wp-content\/uploads\/2026\/03\/MARLOM-HIZMET-SOZLESMESI-2-768x509.jpg 768w, https:\/\/mardinhaberyolu.com\/wp-content\/uploads\/2026\/03\/MARLOM-HIZMET-SOZLESMESI-2-1536x1017.jpg 1536w, https:\/\/mardinhaberyolu.com\/wp-content\/uploads\/2026\/03\/MARLOM-HIZMET-SOZLESMESI-2-2048x1356.jpg 2048w\" sizes=\"(max-width: 300px) 100vw, 300px\" \/> <img decoding=\"async\" class=\"alignnone size-medium wp-image-112925\" src=\"https:\/\/mardinhaberyolu.com\/wp-content\/uploads\/2026\/03\/MARLOM-HIZMET-SOZLESMESI-3-300x199.jpg\" alt=\"\" width=\"300\" height=\"199\" srcset=\"https:\/\/mardinhaberyolu.com\/wp-content\/uploads\/2026\/03\/MARLOM-HIZMET-SOZLESMESI-3-300x199.jpg 300w, https:\/\/mardinhaberyolu.com\/wp-content\/uploads\/2026\/03\/MARLOM-HIZMET-SOZLESMESI-3-1024x678.jpg 1024w, https:\/\/mardinhaberyolu.com\/wp-content\/uploads\/2026\/03\/MARLOM-HIZMET-SOZLESMESI-3-768x509.jpg 768w, https:\/\/mardinhaberyolu.com\/wp-content\/uploads\/2026\/03\/MARLOM-HIZMET-SOZLESMESI-3-1536x1017.jpg 1536w, https:\/\/mardinhaberyolu.com\/wp-content\/uploads\/2026\/03\/MARLOM-HIZMET-SOZLESMESI-3-2048x1356.jpg 2048w\" sizes=\"(max-width: 300px) 100vw, 300px\" \/><\/p>\n","protected":false},"excerpt":{"rendered":"<p>\u00a0Orta Do\u011fu\u2019nun \u00fcs kentlerinden biri yapacak Mardin Lojistik Merkezi\u2019nin kurulu\u015f \u00e7al\u0131\u015fmalar\u0131 Mardin Ticaret ve Sanayi Odas\u0131\u2019n\u0131n \u00f6nc\u00fcl\u00fc\u011f\u00fcnde devam ediyor.<\/p>\n","protected":false},"author":1,"featured_media":112923,"comment_status":"open","ping_status":"open","sticky":false,"template":"","format":"standard","meta":{"footnotes":""},"categories":[6,3,4,9,30],"tags":[],"class_list":["post-112922","post","type-post","status-publish","format-standard","has-post-thumbnail","hentry","category-ekonomi","category-guncel","category-manset","category-mardin","category-ust-manset"],"_links":{"self":[{"href":"https:\/\/mardinhaberyolu.com\/index.php?rest_route=\/wp\/v2\/posts\/112922","targetHints":{"allow":["GET"]}}],"collection":[{"href":"https:\/\/mardinhaberyolu.com\/index.php?rest_route=\/wp\/v2\/posts"}],"about":[{"href":"https:\/\/mardinhaberyolu.com\/index.php?rest_route=\/wp\/v2\/types\/post"}],"author":[{"embeddable":true,"href":"https:\/\/mardinhaberyolu.com\/index.php?rest_route=\/wp\/v2\/users\/1"}],"replies":[{"embeddable":true,"href":"https:\/\/mardinhaberyolu.com\/index.php?rest_route=%2Fwp%2Fv2%2Fcomments&post=112922"}],"version-history":[{"count":1,"href":"https:\/\/mardinhaberyolu.com\/index.php?rest_route=\/wp\/v2\/posts\/112922\/revisions"}],"predecessor-version":[{"id":112926,"href":"https:\/\/mardinhaberyolu.com\/index.php?rest_route=\/wp\/v2\/posts\/112922\/revisions\/112926"}],"wp:featuredmedia":[{"embeddable":true,"href":"https:\/\/mardinhaberyolu.com\/index.php?rest_route=\/wp\/v2\/media\/112923"}],"wp:attachment":[{"href":"https:\/\/mardinhaberyolu.com\/index.php?rest_route=%2Fwp%2Fv2%2Fmedia&parent=112922"}],"wp:term":[{"taxonomy":"category","embeddable":true,"href":"https:\/\/mardinhaberyolu.com\/index.php?rest_route=%2Fwp%2Fv2%2Fcategories&post=112922"},{"taxonomy":"post_tag","embeddable":true,"href":"https:\/\/mardinhaberyolu.com\/index.php?rest_route=%2Fwp%2Fv2%2Ftags&post=112922"}],"curies":[{"name":"wp","href":"https:\/\/api.w.org\/{rel}","templated":true}]}}