{"id":112248,"date":"2026-02-09T06:59:52","date_gmt":"2026-02-09T06:59:52","guid":{"rendered":"https:\/\/mardinhaberyolu.com\/?p=112248"},"modified":"2026-02-09T06:59:52","modified_gmt":"2026-02-09T06:59:52","slug":"mardinde-cesitli-suclardan-aranan-81-kisi-yakalandi","status":"publish","type":"post","link":"https:\/\/mardinhaberyolu.com\/?p=112248","title":{"rendered":"Mardin&#8217;de \u00c7e\u015fitli su\u00e7lardan aranan 81 ki\u015fi yakaland\u0131"},"content":{"rendered":"<p>Yap\u0131lan a\u00e7\u0131klamada, aranan \u015fah\u0131slar\u0131n yakalanmas\u0131 i\u00e7in \u00e7al\u0131\u015fmalar\u0131n aral\u0131ks\u0131z olarak devam edece\u011fi belirtildi. Yap\u0131lan a\u00e7\u0131klama \u015f\u00f6yle:<\/p>\n<p>Mardin Emniyet M\u00fcd\u00fcrl\u00fc\u011f\u00fc, haklar\u0131nda kesinle\u015fmi\u015f hapis cezalar\u0131 bulunan firari su\u00e7lular\u0131n yakalanmas\u0131na y\u00f6nelik \u00e7al\u0131\u015fmalar\u0131n\u0131 aral\u0131ks\u0131z s\u00fcrd\u00fcr\u00fcyor.<\/p>\n<p>2-8 \u015eubat 2026 tarihleri aras\u0131nda yap\u0131lan \u00e7al\u0131\u015fmalarda, \u00e7e\u015fitli su\u00e7lardan aranmas\u0131 bulunan toplam 81 \u015fah\u0131s yakaland\u0131. Yakalananlar aras\u0131nda;<\/p>\n<p>\u25aa\ufe0f&#8221;Nitelikli Ya\u011fma&#8221; su\u00e7undan 10 y\u0131l 10 ay kesinle\u015fmi\u015f hapis cezas\u0131,<br \/>\n\u25aa\ufe0f&#8221;Uyu\u015fturucu Veya Uyar\u0131c\u0131 Madde Ticareti Yapma Veya Sa\u011flama&#8221; su\u00e7undan 7 y\u0131l 2 ay kesinle\u015fmi\u015f hapis cezas\u0131 bulunan (2) \u015fahs\u0131n yan\u0131 s\u0131ra, h\u0131rs\u0131zl\u0131k, konut dokunulmazl\u0131\u011f\u0131n\u0131 ihlal etme ve kasten yaralama gibi su\u00e7lardan aranan \u015fah\u0131slar da yer ald\u0131.<\/p>\n<p>Mardin Emniyet M\u00fcd\u00fcrl\u00fc\u011f\u00fc, toplumun huzur ve g\u00fcvenli\u011fini sa\u011flaman\u0131n en \u00f6ncelikli g\u00f6revlerinden biri oldu\u011funu vurgulayarak, vatanda\u015flardan \u015f\u00fcpheli durumlarda veya bilgi sahibi olduklar\u0131 konularda Emniyet birimlerine ya da 112 Acil \u00c7a\u011fr\u0131 Merkezi\u2019ne bildirimde bulunmalar\u0131 \u00e7a\u011fr\u0131s\u0131nda bulundu. Ayr\u0131ca yap\u0131lan ihbarlar\u0131n gizlilik ve g\u00fcvenlik esaslar\u0131na uygun \u015fekilde de\u011ferlendirilece\u011fi belirtildi.<\/p>\n<p>Kamuoyuna sayg\u0131yla duyurulur.<\/p>\n","protected":false},"excerpt":{"rendered":"<p>Mardin emniyet M\u00fcd\u00fcrl\u00fc\u011f\u00fc, aranan \u015fah\u0131slar\u0131n yakalanmas\u0131 ile ilgili bir a\u00e7\u0131klama yaparak s\u00f6z konusu toplam 81 \u015fahs\u0131n yakaland\u0131\u011f\u0131n\u0131 duyurdu.<\/p>\n","protected":false},"author":1,"featured_media":112249,"comment_status":"open","ping_status":"open","sticky":false,"template":"","format":"standard","meta":{"footnotes":""},"categories":[15,4,9],"tags":[],"class_list":["post-112248","post","type-post","status-publish","format-standard","has-post-thumbnail","hentry","category-asayis","category-manset","category-mardin"],"_links":{"self":[{"href":"https:\/\/mardinhaberyolu.com\/index.php?rest_route=\/wp\/v2\/posts\/112248","targetHints":{"allow":["GET"]}}],"collection":[{"href":"https:\/\/mardinhaberyolu.com\/index.php?rest_route=\/wp\/v2\/posts"}],"about":[{"href":"https:\/\/mardinhaberyolu.com\/index.php?rest_route=\/wp\/v2\/types\/post"}],"author":[{"embeddable":true,"href":"https:\/\/mardinhaberyolu.com\/index.php?rest_route=\/wp\/v2\/users\/1"}],"replies":[{"embeddable":true,"href":"https:\/\/mardinhaberyolu.com\/index.php?rest_route=%2Fwp%2Fv2%2Fcomments&post=112248"}],"version-history":[{"count":1,"href":"https:\/\/mardinhaberyolu.com\/index.php?rest_route=\/wp\/v2\/posts\/112248\/revisions"}],"predecessor-version":[{"id":112250,"href":"https:\/\/mardinhaberyolu.com\/index.php?rest_route=\/wp\/v2\/posts\/112248\/revisions\/112250"}],"wp:featuredmedia":[{"embeddable":true,"href":"https:\/\/mardinhaberyolu.com\/index.php?rest_route=\/wp\/v2\/media\/112249"}],"wp:attachment":[{"href":"https:\/\/mardinhaberyolu.com\/index.php?rest_route=%2Fwp%2Fv2%2Fmedia&parent=112248"}],"wp:term":[{"taxonomy":"category","embeddable":true,"href":"https:\/\/mardinhaberyolu.com\/index.php?rest_route=%2Fwp%2Fv2%2Fcategories&post=112248"},{"taxonomy":"post_tag","embeddable":true,"href":"https:\/\/mardinhaberyolu.com\/index.php?rest_route=%2Fwp%2Fv2%2Ftags&post=112248"}],"curies":[{"name":"wp","href":"https:\/\/api.w.org\/{rel}","templated":true}]}}