{"id":112233,"date":"2026-02-07T11:24:04","date_gmt":"2026-02-07T11:24:04","guid":{"rendered":"https:\/\/mardinhaberyolu.com\/?p=112233"},"modified":"2026-02-07T11:24:56","modified_gmt":"2026-02-07T11:24:56","slug":"6-subat-acinin-adi-direnisin-tarihi","status":"publish","type":"post","link":"https:\/\/mardinhaberyolu.com\/?p=112233","title":{"rendered":"6 \u015eubat: Ac\u0131n\u0131n Ad\u0131, Direni\u015fin Tarihi"},"content":{"rendered":"<p>\u0130\u015fte Artuklu AK Parti il\u00e7e ba\u015fkan\u0131 \u00c7aktekin&#8217;in mesaj\u0131:<\/p>\n<p>6 \u015eubat 2023\u2026<br \/>\nTakvimden bir g\u00fcn de\u011fil, y\u00fcre\u011fimize kaz\u0131nm\u0131\u015f bir tarihtir.<br \/>\nO sabah yaln\u0131zca \u015fehirler de\u011fil, umutlar\u0131m\u0131z da sars\u0131ld\u0131.<br \/>\nYaln\u0131zca binalar de\u011fil, kalplerimiz de y\u0131k\u0131ld\u0131.<\/p>\n<p>Asr\u0131n felaketi olarak nitelendirilen bu b\u00fcy\u00fck depremde;<br \/>\non bir ilimiz a\u011f\u0131r yara ald\u0131, on binlerce can\u0131m\u0131z\u0131 topra\u011fa verdik,<br \/>\nmilyonlarca insan\u0131m\u0131z yuvas\u0131z kald\u0131.<br \/>\nBu ac\u0131n\u0131n tarifi yok, kelimeler yetersizdir.<\/p>\n<p>Ancak milletimiz, tarih boyunca oldu\u011fu gibi bu b\u00fcy\u00fck imtihanda da birlik ve beraberlik ruhunu en g\u00fc\u00e7l\u00fc \u015fekilde ortaya koymu\u015ftur.<br \/>\nDo\u011fusundan bat\u0131s\u0131na, kuzeyinden g\u00fcneyine;<br \/>\ntek y\u00fcrek, tek bilek olduk.<br \/>\nEnkaz alt\u0131ndan umut \u00e7\u0131kard\u0131k, g\u00f6zya\u015f\u0131m\u0131z\u0131 karde\u015fli\u011fimizle sildik.<\/p>\n<p>Devletimiz ilk andan itibaren t\u00fcm imk\u00e2nlar\u0131n\u0131 seferber etmi\u015f,<br \/>\nCumhurba\u015fkan\u0131m\u0131z Say\u0131n Recep Tayyip Erdo\u011fan\u2019\u0131n liderli\u011finde<br \/>\nd\u00fcnyada e\u015fi benzeri g\u00f6r\u00fclmemi\u015f bir yeniden in\u015fa s\u00fcreci ba\u015flat\u0131lm\u0131\u015ft\u0131r.<br \/>\nGe\u00e7ici bar\u0131nma merkezlerinden kal\u0131c\u0131 konutlara,<br \/>\naltyap\u0131dan sosyal hayata kadar her alanda<br \/>\nyaralar\u0131m\u0131z sar\u0131lmaya devam etmektedir.<\/p>\n<p>Bug\u00fcn deprem b\u00f6lgesinde y\u00fckselen her konut,<br \/>\nsadece bir bina de\u011fil;<br \/>\nayn\u0131 zamanda yeniden aya\u011fa kalkman\u0131n,<br \/>\numudu ye\u015fertmenin ve gelece\u011fe g\u00fcvenle bakman\u0131n simgesidir.<\/p>\n<p>Bizler biliyoruz ki;<br \/>\nbu millet y\u0131k\u0131lmaz.<br \/>\n\u00c7\u00fcnk\u00fc biz, ac\u0131y\u0131 payla\u015fmay\u0131 bilen,<br \/>\nzorlukta kenetlenmeyi ba\u015faran b\u00fcy\u00fck bir aileyiz.<\/p>\n<p>Bu vesileyle;<br \/>\n6 \u015eubat depreminde hayat\u0131n\u0131 kaybeden t\u00fcm vatanda\u015flar\u0131m\u0131za<br \/>\nAllah\u2019tan rahmet,<br \/>\ngeride kalan ailelerine ve milletimize sab\u0131r ve ba\u015fsa\u011fl\u0131\u011f\u0131 diliyorum.<br \/>\nRabbim \u00fclkemizi ve milletimizi her t\u00fcrl\u00fc afetten muhafaza eylesin.<\/p>\n<p>Unutmad\u0131k.<br \/>\nUnutturmayaca\u011f\u0131z.<br \/>\nBirlikte iyile\u015fece\u011fiz.<\/p>\n","protected":false},"excerpt":{"rendered":"<p>AK Parti Artuklu \u0130l\u00e7e Ba\u015fkan\u0131 Yavuz \u00c7ALTEK\u0130N, 6 \u015eubat Depreminin 3.c\u00fc y\u0131ld\u00f6n\u00fcm\u00fc vesilesiyle bir mesaj yay\u0131nlayarak o sabah sadece co\u011frafyam\u0131z de\u011fil ayn\u0131 zamanda umutlar\u0131m\u0131z da sars\u0131ld\u0131\u011f\u0131n\u0131 s\u00f6yledi. Sadece binalar de\u011fil kalplerimiz de y\u0131k\u0131ld\u0131, ifadelerini kulland\u0131.\u00a0<\/p>\n","protected":false},"author":1,"featured_media":112234,"comment_status":"open","ping_status":"open","sticky":false,"template":"","format":"standard","meta":{"footnotes":""},"categories":[3,4,9,18,30],"tags":[],"class_list":["post-112233","post","type-post","status-publish","format-standard","has-post-thumbnail","hentry","category-guncel","category-manset","category-mardin","category-toplumsal-yasam-gundem","category-ust-manset"],"_links":{"self":[{"href":"https:\/\/mardinhaberyolu.com\/index.php?rest_route=\/wp\/v2\/posts\/112233","targetHints":{"allow":["GET"]}}],"collection":[{"href":"https:\/\/mardinhaberyolu.com\/index.php?rest_route=\/wp\/v2\/posts"}],"about":[{"href":"https:\/\/mardinhaberyolu.com\/index.php?rest_route=\/wp\/v2\/types\/post"}],"author":[{"embeddable":true,"href":"https:\/\/mardinhaberyolu.com\/index.php?rest_route=\/wp\/v2\/users\/1"}],"replies":[{"embeddable":true,"href":"https:\/\/mardinhaberyolu.com\/index.php?rest_route=%2Fwp%2Fv2%2Fcomments&post=112233"}],"version-history":[{"count":2,"href":"https:\/\/mardinhaberyolu.com\/index.php?rest_route=\/wp\/v2\/posts\/112233\/revisions"}],"predecessor-version":[{"id":112236,"href":"https:\/\/mardinhaberyolu.com\/index.php?rest_route=\/wp\/v2\/posts\/112233\/revisions\/112236"}],"wp:featuredmedia":[{"embeddable":true,"href":"https:\/\/mardinhaberyolu.com\/index.php?rest_route=\/wp\/v2\/media\/112234"}],"wp:attachment":[{"href":"https:\/\/mardinhaberyolu.com\/index.php?rest_route=%2Fwp%2Fv2%2Fmedia&parent=112233"}],"wp:term":[{"taxonomy":"category","embeddable":true,"href":"https:\/\/mardinhaberyolu.com\/index.php?rest_route=%2Fwp%2Fv2%2Fcategories&post=112233"},{"taxonomy":"post_tag","embeddable":true,"href":"https:\/\/mardinhaberyolu.com\/index.php?rest_route=%2Fwp%2Fv2%2Ftags&post=112233"}],"curies":[{"name":"wp","href":"https:\/\/api.w.org\/{rel}","templated":true}]}}