{"id":112228,"date":"2026-02-06T08:12:58","date_gmt":"2026-02-06T08:12:58","guid":{"rendered":"https:\/\/mardinhaberyolu.com\/?p=112228"},"modified":"2026-02-06T08:12:58","modified_gmt":"2026-02-06T08:12:58","slug":"vali-buyuksehir-belediye-baskan-vekili-tuncay-akkoyunun-6-subat-depremi-mesaji","status":"publish","type":"post","link":"https:\/\/mardinhaberyolu.com\/?p=112228","title":{"rendered":"Vali\/ B\u00fcy\u00fck\u015fehir Belediye Ba\u015fkan Vekili Tuncay Akkoyun&#8217;un 6 \u015eubat Depremi Mesaj\u0131"},"content":{"rendered":"<p>&nbsp;<\/p>\n<p>Akkoyun&#8217;un mesaj\u0131 \u015f\u00f6yle:<\/p>\n<p>Bug\u00fcn, \u201cAsr\u0131n Felaketi\u201d olarak nitelendirilen Kahramanmara\u015f merkezli depremin \u00fc\u00e7\u00fcnc\u00fc y\u0131l d\u00f6n\u00fcm\u00fcndeyiz.<\/p>\n<p>11 ilimizi etkileyen asr\u0131n felaketinde o gece, t\u00fcm d\u00fcnya, bir Devletin milletiyle nas\u0131l tek y\u00fcrek oldu\u011funa \u015fahitlik etti. Depremin ilk an\u0131ndan itibaren ba\u015fta Cumhurba\u015fkan\u0131m\u0131z Say\u0131n Recep Tayyip Erdo\u011fan olmak \u00fczere, bakanlar\u0131m\u0131z ve t\u00fcm kurumlar\u0131m\u0131z devletimizin t\u00fcm imkanlar\u0131yla seferber olmu\u015f, Necip Milletimizle beraber afet b\u00f6lgesine ula\u015fm\u0131\u015ft\u0131r.<\/p>\n<p>\u00dclkemizin d\u00f6rt bir yan\u0131ndan AFAD ba\u015fta olmak \u00fczere kamu kurumlar\u0131m\u0131z, yerel y\u00f6netimlerimiz, sivil toplum kurulu\u015flar\u0131m\u0131z, kamu g\u00f6revlilerimiz, kolluk kuvvetlerimiz ve Aziz Milletimiz deprem b\u00f6lgesine intikal ederek gereken t\u00fcm faaliyetlerde afetzede vatanda\u015flar\u0131m\u0131z\u0131n yan\u0131nda olmu\u015ftur.<\/p>\n<p>Ya\u015fanan felaketin ard\u0131ndan \u00fclke genelinde g\u00f6sterilen birlik, beraberlik ve dayan\u0131\u015fma ruhu, bizleri gelecek a\u00e7\u0131s\u0131ndan umutland\u0131rmaktad\u0131r. Bizim toplumumuz \u00e7ok fedak\u00e2r ve \u00e7ok ferasetlidir. Bu birliktelik ve dayan\u0131\u015fma; \u00fclkemizi daha g\u00fc\u00e7l\u00fc k\u0131lacak, benzer durumlara kar\u015f\u0131 daha haz\u0131rl\u0131kl\u0131 olmam\u0131z\u0131 sa\u011flayacakt\u0131r.<\/p>\n<p>Ya\u015fanan b\u00fcy\u00fck depremin \u00fc\u00e7\u00fcnc\u00fc y\u0131l\u0131nda b\u00f6lgelerde kat edilen mesafe ger\u00e7ekten \u00e7ok \u00f6nemlidir. Altyap\u0131 hizmetlerinden sosyal desteklere ve kal\u0131c\u0131 konutlar\u0131n in\u015fas\u0131na kadar uzanan geni\u015f bir alanda Devletimiz vatanda\u015flar\u0131m\u0131z\u0131n yan\u0131nda olmaya devam etmektedir.<\/p>\n<p>6 \u015eubat depreminin \u00fc\u00e7\u00fcnc\u00fc y\u0131l d\u00f6n\u00fcm\u00fcnde vefat eden t\u00fcm vatanda\u015flar\u0131m\u0131z\u0131 rahmetle an\u0131yorum. Geride kalan yak\u0131nlar\u0131na ve milletimize ba\u015fsa\u011fl\u0131\u011f\u0131 diliyorum.<br \/>\nDeprem ve benzeri afetlerin bir daha \u00fclkemizde ya\u015fanmamas\u0131n\u0131 Rabbimden niyaz ediyorum.<\/p>\n","protected":false},"excerpt":{"rendered":"<p>Mardin valisi ve B\u00fcy\u00fck\u015fehir Belediyesi Ba\u015fkan Vekili Tuncay Akkoyun, &#8220;Asr\u0131n Felaketi&#8221; olarak nitelendirilmi\u015f olan Kahramanmara\u015f merkezli depremin \u00fc\u00e7\u00fcnc\u00fc y\u0131ld\u00f6n\u00fcm\u00fc nedeniyle bir mesaj yay\u0131nlayarak ya\u015fam\u0131n\u0131 kaybeden vatanda\u015flara Allah&#8217;tan rahmet, geride kalanlara ba\u015fsa\u011fl\u0131\u011f\u0131 dile\u011finde bulundu.<\/p>\n","protected":false},"author":1,"featured_media":112230,"comment_status":"open","ping_status":"open","sticky":false,"template":"","format":"standard","meta":{"footnotes":""},"categories":[3,4,9,18,30],"tags":[],"class_list":["post-112228","post","type-post","status-publish","format-standard","has-post-thumbnail","hentry","category-guncel","category-manset","category-mardin","category-toplumsal-yasam-gundem","category-ust-manset"],"_links":{"self":[{"href":"https:\/\/mardinhaberyolu.com\/index.php?rest_route=\/wp\/v2\/posts\/112228","targetHints":{"allow":["GET"]}}],"collection":[{"href":"https:\/\/mardinhaberyolu.com\/index.php?rest_route=\/wp\/v2\/posts"}],"about":[{"href":"https:\/\/mardinhaberyolu.com\/index.php?rest_route=\/wp\/v2\/types\/post"}],"author":[{"embeddable":true,"href":"https:\/\/mardinhaberyolu.com\/index.php?rest_route=\/wp\/v2\/users\/1"}],"replies":[{"embeddable":true,"href":"https:\/\/mardinhaberyolu.com\/index.php?rest_route=%2Fwp%2Fv2%2Fcomments&post=112228"}],"version-history":[{"count":1,"href":"https:\/\/mardinhaberyolu.com\/index.php?rest_route=\/wp\/v2\/posts\/112228\/revisions"}],"predecessor-version":[{"id":112229,"href":"https:\/\/mardinhaberyolu.com\/index.php?rest_route=\/wp\/v2\/posts\/112228\/revisions\/112229"}],"wp:featuredmedia":[{"embeddable":true,"href":"https:\/\/mardinhaberyolu.com\/index.php?rest_route=\/wp\/v2\/media\/112230"}],"wp:attachment":[{"href":"https:\/\/mardinhaberyolu.com\/index.php?rest_route=%2Fwp%2Fv2%2Fmedia&parent=112228"}],"wp:term":[{"taxonomy":"category","embeddable":true,"href":"https:\/\/mardinhaberyolu.com\/index.php?rest_route=%2Fwp%2Fv2%2Fcategories&post=112228"},{"taxonomy":"post_tag","embeddable":true,"href":"https:\/\/mardinhaberyolu.com\/index.php?rest_route=%2Fwp%2Fv2%2Ftags&post=112228"}],"curies":[{"name":"wp","href":"https:\/\/api.w.org\/{rel}","templated":true}]}}