{"id":112223,"date":"2026-02-05T18:04:46","date_gmt":"2026-02-05T18:04:46","guid":{"rendered":"https:\/\/mardinhaberyolu.com\/?p=112223"},"modified":"2026-02-05T18:04:46","modified_gmt":"2026-02-05T18:04:46","slug":"milletvekili-kilic-asrin-felaketinde-tum-turkiye-tek-yurek-oldu","status":"publish","type":"post","link":"https:\/\/mardinhaberyolu.com\/?p=112223","title":{"rendered":"Milletvekili K\u0131l\u0131\u00e7, Asr\u0131n Felaketinde T\u00fcm T\u00fcrkiye Tek Y\u00fcrek Oldu"},"content":{"rendered":"<p>AK Parti Mardin Milletvekili Faruk K\u0131l\u0131\u00e7, TBMM AK Parti Grup Ba\u015fkan Vekili Abdullah G\u00fcler, AK Parti Diyarbak\u0131r \u0130l Ba\u015fkan\u0131 ve milletvekilleriyle birlikte Diyarbak\u0131r\u2019da d\u00fczenlenen bir dizi ziyaret ve programlara kat\u0131ld\u0131.<\/p>\n<p><img fetchpriority=\"high\" decoding=\"async\" class=\"alignnone size-medium wp-image-112225\" src=\"https:\/\/mardinhaberyolu.com\/wp-content\/uploads\/2026\/02\/IMG-20260205-WA0090-300x300.jpg\" alt=\"\" width=\"300\" height=\"300\" srcset=\"https:\/\/mardinhaberyolu.com\/wp-content\/uploads\/2026\/02\/IMG-20260205-WA0090-300x300.jpg 300w, https:\/\/mardinhaberyolu.com\/wp-content\/uploads\/2026\/02\/IMG-20260205-WA0090-1024x1024.jpg 1024w, https:\/\/mardinhaberyolu.com\/wp-content\/uploads\/2026\/02\/IMG-20260205-WA0090-150x150.jpg 150w, https:\/\/mardinhaberyolu.com\/wp-content\/uploads\/2026\/02\/IMG-20260205-WA0090-768x768.jpg 768w, https:\/\/mardinhaberyolu.com\/wp-content\/uploads\/2026\/02\/IMG-20260205-WA0090.jpg 1200w\" sizes=\"(max-width: 300px) 100vw, 300px\" \/><\/p>\n<p>D\u00fczenlenen programlar\u0131n ard\u0131ndan baz\u0131 a\u00e7\u0131klamalara yer veren Milletvekili K\u0131l\u0131\u00e7, \u201c6 \u015eubat\u2019ta asr\u0131n felaketinin ya\u015fand\u0131\u011f\u0131 ilk andan itibaren hemen harekete ge\u00e7en h\u00fck\u00fcmetimiz yaralar\u0131n sar\u0131lmas\u0131 i\u00e7in t\u00fcm kurumlar\u0131n\u0131 ivedilikle seferber etti. Enkaz alt\u0131nda kalan vatanda\u015flar\u0131m\u0131z\u0131n biran \u00f6nce kurtar\u0131lmas\u0131 amac\u0131yla ba\u015flat\u0131lan enkaz kald\u0131rma \u00e7al\u0131\u015fmalar\u0131yla birlikte ayn\u0131 anda kal\u0131c\u0131 konutlar\u0131n s\u00fcreci de ba\u015flat\u0131ld\u0131. Rabbime hamd olsun bug\u00fcn gelinen noktada toplamda 455 bin konutun tamamlanarak depremzedelerin istifadesine sunuldu\u011funu g\u00f6rmekteyiz. Bizler de bug\u00fcn 6 \u015eubat depremlerinin y\u0131ld\u00f6n\u00fcm\u00fcnde Diyarbak\u0131r ilimize gelerek in\u015fa edilen deprem konutlar\u0131 ile afet sonras\u0131 y\u00fcr\u00fct\u00fclen \u00e7al\u0131\u015fmalar ba\u015fta olmak \u00fczere \u015fehirlerimizin bug\u00fcn\u00fc ve gelece\u011fini ele alan kapsaml\u0131 g\u00f6r\u00fc\u015fmeler ger\u00e7ekle\u015ftirdik. Bu anlamda ilin bas\u0131n camias\u0131, sivil toplum aya\u011f\u0131, \u00e7e\u015fitli kurumlar ve depremden etkilenen vatanda\u015flar\u0131m\u0131zla bir araya geldik. 6 \u015eubat depreminde hayat\u0131n\u0131 kaybeden vatanda\u015flar\u0131m\u0131z\u0131n kabirlerini ziyaret ederek dualarda bulunduk. \u00d6nemli bir \u00e7al\u0131\u015fmay\u0131 ger\u00e7ekle\u015ftirdi\u011fimiz Diyarbak\u0131r ilimizde ya\u015fayan halk\u0131m\u0131z\u0131n s\u0131cakkanl\u0131l\u0131\u011f\u0131 ve ho\u015fg\u00f6r\u00fcs\u00fc g\u00f6r\u00fclmeye de\u011ferdi. Liderimize ve h\u00fck\u00fcmetimize olan destekleri son derece \u00f6nemliydi. Bu anlamda Diyarbak\u0131r ilimizde ya\u015fayan her bir vatanda\u015f\u0131m\u0131za \u015f\u00fckranlar\u0131m\u0131z\u0131 sunuyorum.\u201d<\/p>\n<p>Seferberlik i\u00e7erisinde depremzedelerin ac\u0131lar\u0131n\u0131 payla\u015farak yanlar\u0131nda olduk<\/p>\n<p>Bizler felaketin ya\u015fand\u0131\u011f\u0131 ilk andan itibaren depremden en \u00e7ok etkilenen illerin ba\u015f\u0131nda olan Ad\u0131yaman ilimize giderek \u00e7al\u0131\u015fmalar\u0131m\u0131za ba\u015flad\u0131k. Hemen ard\u0131ndan b\u00fcy\u00fck bir \u00f6zveriyle haz\u0131rlad\u0131\u011f\u0131m\u0131z yard\u0131m t\u0131rlar\u0131n\u0131 ula\u015ft\u0131rarak depremden etkilenen vatanda\u015flar\u0131m\u0131za teslim ettik. Elimizden geldi\u011fince depremzedelerimizle tek tek ilgilenmeye gayret ettik. Millet\u00e7e kendi \u00e7abalar\u0131m\u0131zla elimizden geleni yapmaya \u00e7al\u0131\u015f\u0131rken h\u00fck\u00fcmetimiz b\u00fcy\u00fck bir azimle depremden etkilenen vatanda\u015flar\u0131m\u0131z\u0131n hayata yeniden tutunabilmesi i\u00e7in sosyal alanlar\u0131n yer ald\u0131\u011f\u0131 konutlar in\u015fa edilerek teslimatlar\u0131 sa\u011fland\u0131. Ve ayn\u0131 h\u0131zla g\u00fcvenli yeni yerle\u015fim alanlar\u0131n in\u015falar\u0131 da devam ediyor. B\u00f6ylesine b\u00fcy\u00fck bir felaketin yaralar\u0131n\u0131 sarmak i\u00e7in, Say\u0131n Cumhurba\u015fkan\u0131m\u0131z ba\u015fta olmak \u00fczere, bakanlar\u0131m\u0131z, milletvekillerimiz, siyasi partiler, kurumlar\u0131m\u0131z, stk ve vatanda\u015flar\u0131m\u0131z ile birlikte seferberlik i\u00e7erisinde depremzedelerin ac\u0131lar\u0131n\u0131 payla\u015farak tek y\u00fcrek olduk. Bu duygularla \u00fclkemiz ile birlikte t\u00fcm d\u00fcnyay\u0131 yasa bo\u011fan 6 \u015eubat depremlerinde hayat\u0131n\u0131 kaybeden vatanda\u015flar\u0131m\u0131za Allah\u2019tan rahmet, yak\u0131nlar\u0131na sab\u0131r ve metanet diliyorum.<\/p>\n<p><img decoding=\"async\" class=\"alignnone size-medium wp-image-112226\" src=\"https:\/\/mardinhaberyolu.com\/wp-content\/uploads\/2026\/02\/IMG-20260205-WA0091-300x300.jpg\" alt=\"\" width=\"300\" height=\"300\" srcset=\"https:\/\/mardinhaberyolu.com\/wp-content\/uploads\/2026\/02\/IMG-20260205-WA0091-300x300.jpg 300w, https:\/\/mardinhaberyolu.com\/wp-content\/uploads\/2026\/02\/IMG-20260205-WA0091-1024x1024.jpg 1024w, https:\/\/mardinhaberyolu.com\/wp-content\/uploads\/2026\/02\/IMG-20260205-WA0091-150x150.jpg 150w, https:\/\/mardinhaberyolu.com\/wp-content\/uploads\/2026\/02\/IMG-20260205-WA0091-768x768.jpg 768w, https:\/\/mardinhaberyolu.com\/wp-content\/uploads\/2026\/02\/IMG-20260205-WA0091-1536x1536.jpg 1536w, https:\/\/mardinhaberyolu.com\/wp-content\/uploads\/2026\/02\/IMG-20260205-WA0091.jpg 1600w\" sizes=\"(max-width: 300px) 100vw, 300px\" \/><\/p>\n<p>Mardin Haberyolu<\/p>\n","protected":false},"excerpt":{"rendered":"<p>AK Parti Mardin Milletvekili Faruk K\u0131l\u0131\u00e7, \u201c\u00dclkemiz ile birlikte t\u00fcm d\u00fcnyay\u0131 yasa bo\u011fan 6 \u015eubat depremlerinde hayat\u0131n\u0131 kaybeden vatanda\u015flar\u0131m\u0131za Allah\u2019tan rahmet, yak\u0131nlar\u0131na sab\u0131r ve metanet diliyorum.\u201d<\/p>\n","protected":false},"author":1,"featured_media":112224,"comment_status":"open","ping_status":"open","sticky":false,"template":"","format":"standard","meta":{"footnotes":""},"categories":[3,4,9,8],"tags":[],"class_list":["post-112223","post","type-post","status-publish","format-standard","has-post-thumbnail","hentry","category-guncel","category-manset","category-mardin","category-politika"],"_links":{"self":[{"href":"https:\/\/mardinhaberyolu.com\/index.php?rest_route=\/wp\/v2\/posts\/112223","targetHints":{"allow":["GET"]}}],"collection":[{"href":"https:\/\/mardinhaberyolu.com\/index.php?rest_route=\/wp\/v2\/posts"}],"about":[{"href":"https:\/\/mardinhaberyolu.com\/index.php?rest_route=\/wp\/v2\/types\/post"}],"author":[{"embeddable":true,"href":"https:\/\/mardinhaberyolu.com\/index.php?rest_route=\/wp\/v2\/users\/1"}],"replies":[{"embeddable":true,"href":"https:\/\/mardinhaberyolu.com\/index.php?rest_route=%2Fwp%2Fv2%2Fcomments&post=112223"}],"version-history":[{"count":1,"href":"https:\/\/mardinhaberyolu.com\/index.php?rest_route=\/wp\/v2\/posts\/112223\/revisions"}],"predecessor-version":[{"id":112227,"href":"https:\/\/mardinhaberyolu.com\/index.php?rest_route=\/wp\/v2\/posts\/112223\/revisions\/112227"}],"wp:featuredmedia":[{"embeddable":true,"href":"https:\/\/mardinhaberyolu.com\/index.php?rest_route=\/wp\/v2\/media\/112224"}],"wp:attachment":[{"href":"https:\/\/mardinhaberyolu.com\/index.php?rest_route=%2Fwp%2Fv2%2Fmedia&parent=112223"}],"wp:term":[{"taxonomy":"category","embeddable":true,"href":"https:\/\/mardinhaberyolu.com\/index.php?rest_route=%2Fwp%2Fv2%2Fcategories&post=112223"},{"taxonomy":"post_tag","embeddable":true,"href":"https:\/\/mardinhaberyolu.com\/index.php?rest_route=%2Fwp%2Fv2%2Ftags&post=112223"}],"curies":[{"name":"wp","href":"https:\/\/api.w.org\/{rel}","templated":true}]}}