{"id":112218,"date":"2026-02-05T14:48:11","date_gmt":"2026-02-05T14:48:11","guid":{"rendered":"https:\/\/mardinhaberyolu.com\/?p=112218"},"modified":"2026-02-05T14:48:11","modified_gmt":"2026-02-05T14:48:11","slug":"kiziltepede-ucretsiz-meyve-agaci-dagitimina-yogun-ilgi","status":"publish","type":"post","link":"https:\/\/mardinhaberyolu.com\/?p=112218","title":{"rendered":"K\u0131z\u0131ltepe\u2019de \u00dccretsiz Meyve A\u011fac\u0131 Da\u011f\u0131t\u0131m\u0131na Yo\u011fun \u0130lgi"},"content":{"rendered":"<p>D\u00fczenlenen etkinlikte Nar, Zeytin, Narenciye ve Cennet Hurmas\u0131 ba\u015fta olmak \u00fczere \u00e7ok say\u0131da meyve a\u011fac\u0131 vatanda\u015flara teslim edildi.<br \/>\nA\u011fa\u00e7 da\u011f\u0131t\u0131m program\u0131na K\u0131z\u0131ltepe Belediye Ba\u015fkan Yard\u0131mc\u0131lar\u0131 Havvas G\u00fcng\u00f6r ve Halil Tarhan ile birlikte birim m\u00fcd\u00fcrleri de kat\u0131ld\u0131.<br \/>\nPark ve Bah\u00e7eler M\u00fcd\u00fcrl\u00fc\u011f\u00fc taraf\u0131ndan yap\u0131lan a\u00e7\u0131klamada, daha ye\u015fil bir K\u0131z\u0131ltepe ve a\u011fa\u00e7lar\u0131n daha fazla oldu\u011fu bir \u00e7evre hedefiyle bu t\u00fcr a\u011fa\u00e7 da\u011f\u0131t\u0131m etkinliklerinin d\u00fczenli olarak devam edece\u011fi belirtildi. Ayr\u0131ca belediyenin yetki alan\u0131nda bulunan parklar, orta ref\u00fcjler ve d\u00f6neme\u00e7lerin ye\u015fillendirilmesi i\u00e7in \u00e7al\u0131\u015fmalar\u0131n aral\u0131ks\u0131z s\u00fcrd\u00fcr\u00fcld\u00fc\u011f\u00fc ifade edildi.<\/p>\n<p><img fetchpriority=\"high\" decoding=\"async\" class=\"alignnone size-medium wp-image-112220\" src=\"https:\/\/mardinhaberyolu.com\/wp-content\/uploads\/2026\/02\/IMG-20260205-WA0051-300x200.jpg\" alt=\"\" width=\"300\" height=\"200\" srcset=\"https:\/\/mardinhaberyolu.com\/wp-content\/uploads\/2026\/02\/IMG-20260205-WA0051-300x200.jpg 300w, https:\/\/mardinhaberyolu.com\/wp-content\/uploads\/2026\/02\/IMG-20260205-WA0051-1024x683.jpg 1024w, https:\/\/mardinhaberyolu.com\/wp-content\/uploads\/2026\/02\/IMG-20260205-WA0051-768x512.jpg 768w, https:\/\/mardinhaberyolu.com\/wp-content\/uploads\/2026\/02\/IMG-20260205-WA0051-1536x1024.jpg 1536w, https:\/\/mardinhaberyolu.com\/wp-content\/uploads\/2026\/02\/IMG-20260205-WA0051.jpg 2048w\" sizes=\"(max-width: 300px) 100vw, 300px\" \/><\/p>\n<p>Mardin Haberyolu<\/p>\n","protected":false},"excerpt":{"rendered":"<p>K\u0131z\u0131ltepe Belediyesi Park ve Bah\u00e7eler M\u00fcd\u00fcrl\u00fc\u011f\u00fc taraf\u0131ndan \u00d6zg\u00fcrl\u00fck Meydan\u0131\u2019nda vatanda\u015flara \u00fccretsiz meyve a\u011fac\u0131 da\u011f\u0131t\u0131m\u0131 ger\u00e7ekle\u015ftirildi.<\/p>\n","protected":false},"author":1,"featured_media":112221,"comment_status":"open","ping_status":"open","sticky":false,"template":"","format":"standard","meta":{"footnotes":""},"categories":[2,4,18,30],"tags":[],"class_list":["post-112218","post","type-post","status-publish","format-standard","has-post-thumbnail","hentry","category-kiziltepe","category-manset","category-toplumsal-yasam-gundem","category-ust-manset"],"_links":{"self":[{"href":"https:\/\/mardinhaberyolu.com\/index.php?rest_route=\/wp\/v2\/posts\/112218","targetHints":{"allow":["GET"]}}],"collection":[{"href":"https:\/\/mardinhaberyolu.com\/index.php?rest_route=\/wp\/v2\/posts"}],"about":[{"href":"https:\/\/mardinhaberyolu.com\/index.php?rest_route=\/wp\/v2\/types\/post"}],"author":[{"embeddable":true,"href":"https:\/\/mardinhaberyolu.com\/index.php?rest_route=\/wp\/v2\/users\/1"}],"replies":[{"embeddable":true,"href":"https:\/\/mardinhaberyolu.com\/index.php?rest_route=%2Fwp%2Fv2%2Fcomments&post=112218"}],"version-history":[{"count":1,"href":"https:\/\/mardinhaberyolu.com\/index.php?rest_route=\/wp\/v2\/posts\/112218\/revisions"}],"predecessor-version":[{"id":112222,"href":"https:\/\/mardinhaberyolu.com\/index.php?rest_route=\/wp\/v2\/posts\/112218\/revisions\/112222"}],"wp:featuredmedia":[{"embeddable":true,"href":"https:\/\/mardinhaberyolu.com\/index.php?rest_route=\/wp\/v2\/media\/112221"}],"wp:attachment":[{"href":"https:\/\/mardinhaberyolu.com\/index.php?rest_route=%2Fwp%2Fv2%2Fmedia&parent=112218"}],"wp:term":[{"taxonomy":"category","embeddable":true,"href":"https:\/\/mardinhaberyolu.com\/index.php?rest_route=%2Fwp%2Fv2%2Fcategories&post=112218"},{"taxonomy":"post_tag","embeddable":true,"href":"https:\/\/mardinhaberyolu.com\/index.php?rest_route=%2Fwp%2Fv2%2Ftags&post=112218"}],"curies":[{"name":"wp","href":"https:\/\/api.w.org\/{rel}","templated":true}]}}