{"id":112215,"date":"2026-02-05T11:52:55","date_gmt":"2026-02-05T11:52:55","guid":{"rendered":"https:\/\/mardinhaberyolu.com\/?p=112215"},"modified":"2026-02-05T11:52:55","modified_gmt":"2026-02-05T11:52:55","slug":"mardin-buyuksehir-belediyesi-kiziltepede-tahrip-olan-koprunun-yerine-yeni-kopru-insa-etti","status":"publish","type":"post","link":"https:\/\/mardinhaberyolu.com\/?p=112215","title":{"rendered":"Mardin B\u00fcy\u00fck\u015fehir Belediyesi K\u0131z\u0131ltepe\u2019de Tahrip Olan K\u00f6pr\u00fcn\u00fcn Yerine Yeni K\u00f6pr\u00fc \u0130n\u015fa Etti"},"content":{"rendered":"<p>Bu kapsamda, K\u0131z\u0131ltepe il\u00e7esine ba\u011fl\u0131 k\u0131rsal I\u015f\u0131klar Mahallesi\u2019nde dere \u00fczerinde tahrip olan k\u00f6pr\u00fcn\u00fcn yerine yeni bir k\u00f6pr\u00fc in\u015fa edilerek vatanda\u015flar\u0131n hizmetine sunuldu.<\/p>\n<p>Mardin B\u00fcy\u00fck\u015fehir Belediyesi Fen \u0130\u015fleri Daire Ba\u015fkanl\u0131\u011f\u0131 ekipleri taraf\u0131ndan ger\u00e7ekle\u015ftirilen \u00e7al\u0131\u015fma ile birlikte, b\u00f6lgede ula\u015f\u0131m yeniden g\u00fcvenli hale getirilirken mahalle sakinlerinin g\u00fcnl\u00fck ya\u015fam\u0131nda ya\u015fanan aksakl\u0131klar giderildi. \u0130n\u015fa edilen yeni k\u00f6pr\u00fc sayesinde hem yaya hem de ara\u00e7 trafi\u011fi sorunsuz bir \u015fekilde sa\u011flanmaya ba\u015fland\u0131.<\/p>\n<p>Yetkililer, \u00f6zellikle olumsuz hava ko\u015fullar\u0131n\u0131n etkiledi\u011fi k\u0131rsal mahallelerde altyap\u0131 \u00e7al\u0131\u015fmalar\u0131n\u0131n aral\u0131ks\u0131z s\u00fcrd\u00fcr\u00fcld\u00fc\u011f\u00fcn\u00fc belirterek, vatanda\u015flar\u0131n can ve mal g\u00fcvenli\u011fini \u00f6nceleyen hizmet anlay\u0131\u015f\u0131yla sahada olmaya devam edeceklerini ifade etti.<\/p>\n<p>Mardin B\u00fcy\u00fck\u015fehir Belediyesi, ilin her noktas\u0131nda ya\u015fam kalitesini art\u0131rmaya y\u00f6nelik \u00e7al\u0131\u015fmalar\u0131n\u0131 kararl\u0131l\u0131kla s\u00fcrd\u00fcr\u00fcyor.<\/p>\n<p>B\u00dcLTEN<\/p>\n","protected":false},"excerpt":{"rendered":"<p>Mardin B\u00fcy\u00fck\u015fehir Belediyesi, kuvvetli ya\u011f\u0131\u015flar\u0131n ard\u0131ndan zarar g\u00f6ren altyap\u0131 noktalar\u0131nda h\u0131zl\u0131 ve kal\u0131c\u0131 \u00e7\u00f6z\u00fcmler \u00fcretmeye devam ediyor.<\/p>\n","protected":false},"author":1,"featured_media":112217,"comment_status":"open","ping_status":"open","sticky":false,"template":"","format":"standard","meta":{"footnotes":""},"categories":[3,2,4,9,18,30],"tags":[],"class_list":["post-112215","post","type-post","status-publish","format-standard","has-post-thumbnail","hentry","category-guncel","category-kiziltepe","category-manset","category-mardin","category-toplumsal-yasam-gundem","category-ust-manset"],"_links":{"self":[{"href":"https:\/\/mardinhaberyolu.com\/index.php?rest_route=\/wp\/v2\/posts\/112215","targetHints":{"allow":["GET"]}}],"collection":[{"href":"https:\/\/mardinhaberyolu.com\/index.php?rest_route=\/wp\/v2\/posts"}],"about":[{"href":"https:\/\/mardinhaberyolu.com\/index.php?rest_route=\/wp\/v2\/types\/post"}],"author":[{"embeddable":true,"href":"https:\/\/mardinhaberyolu.com\/index.php?rest_route=\/wp\/v2\/users\/1"}],"replies":[{"embeddable":true,"href":"https:\/\/mardinhaberyolu.com\/index.php?rest_route=%2Fwp%2Fv2%2Fcomments&post=112215"}],"version-history":[{"count":1,"href":"https:\/\/mardinhaberyolu.com\/index.php?rest_route=\/wp\/v2\/posts\/112215\/revisions"}],"predecessor-version":[{"id":112216,"href":"https:\/\/mardinhaberyolu.com\/index.php?rest_route=\/wp\/v2\/posts\/112215\/revisions\/112216"}],"wp:featuredmedia":[{"embeddable":true,"href":"https:\/\/mardinhaberyolu.com\/index.php?rest_route=\/wp\/v2\/media\/112217"}],"wp:attachment":[{"href":"https:\/\/mardinhaberyolu.com\/index.php?rest_route=%2Fwp%2Fv2%2Fmedia&parent=112215"}],"wp:term":[{"taxonomy":"category","embeddable":true,"href":"https:\/\/mardinhaberyolu.com\/index.php?rest_route=%2Fwp%2Fv2%2Fcategories&post=112215"},{"taxonomy":"post_tag","embeddable":true,"href":"https:\/\/mardinhaberyolu.com\/index.php?rest_route=%2Fwp%2Fv2%2Ftags&post=112215"}],"curies":[{"name":"wp","href":"https:\/\/api.w.org\/{rel}","templated":true}]}}