{"id":112195,"date":"2026-02-03T13:32:57","date_gmt":"2026-02-03T13:32:57","guid":{"rendered":"https:\/\/mardinhaberyolu.com\/?p=112195"},"modified":"2026-02-03T13:32:57","modified_gmt":"2026-02-03T13:32:57","slug":"kiziltepede-altyapi-calismalari-nedeniyle-4-sokak-kademeli-olarak-trafige-kapatilacak","status":"publish","type":"post","link":"https:\/\/mardinhaberyolu.com\/?p=112195","title":{"rendered":"K\u0131z\u0131ltepe\u2019de Altyap\u0131 \u00c7al\u0131\u015fmalar\u0131 Nedeniyle 4 Sokak Kademeli Olarak Trafi\u011fe Kapat\u0131lacak"},"content":{"rendered":"<p>&nbsp;<\/p>\n<p>Mardin B\u00fcy\u00fck\u015fehir Belediyesi MARSU Genel M\u00fcd\u00fcrl\u00fc\u011f\u00fc, Mardin genelinde i\u00e7me suyu ve at\u0131k su hizmetlerinin s\u00fcreklili\u011fini sa\u011flamak amac\u0131yla yeni yat\u0131r\u0131mlar\u0131 hayata ge\u00e7irirken, y\u0131llard\u0131r s\u00fcregelen sorunlar\u0131n \u00e7\u00f6z\u00fcm\u00fc i\u00e7in de \u00e7al\u0131\u015fmalar\u0131n\u0131 s\u00fcrd\u00fcr\u00fcyor.<\/p>\n<p>Bu \u00e7er\u00e7evede K\u0131z\u0131ltepe il\u00e7esine ba\u011fl\u0131 Ko\u00e7hisar, Yeni Mahalle ve Tepeba\u015f\u0131 mahallelerinde artan n\u00fcfusa paralel olarak at\u0131k su tahliyesinin daha sa\u011fl\u0131kl\u0131 yap\u0131lmas\u0131, altyap\u0131 sistemlerinde olu\u015fan yo\u011funlu\u011fun azalt\u0131lmas\u0131 ve ekonomik \u00f6mr\u00fcn\u00fc dolduran hatlar\u0131n yenilenmesi amac\u0131yla at\u0131k su ana hat d\u00f6\u015feme \u00e7al\u0131\u015fmalar\u0131na ba\u015flan\u0131yor.<br \/>\nAltyap\u0131 yenileme \u00e7al\u0131\u015fmalar\u0131 nedeniyle trafik ve yaya g\u00fcvenli\u011fini sa\u011flamak i\u00e7in 339, 349, 550 ve 551. sokaklarda \u00e7al\u0131\u015fmalar etap etap y\u00fcr\u00fct\u00fclecek. Bu nedenle s\u00f6z konusu g\u00fczerg\u00e2hlarda 4 \u015eubat Sal\u0131 g\u00fcn\u00fcnden itibaren trafik ak\u0131\u015f\u0131 kademeli olarak sa\u011flanacak.<\/p>\n<p>Vatanda\u015flar\u0131n ma\u011fduriyet ya\u015famamas\u0131 i\u00e7in y\u00f6nlendirme levha ve i\u015faretlerine dikkat etmeleri gerekirken, \u00e7al\u0131\u015fma s\u00fcresince s\u00fcr\u00fcc\u00fcler alternatif g\u00fczerg\u00e2h olarak 328, 341 ve 549. sokaklar\u0131, \u00e7al\u0131\u015fmalar\u0131n durumuna g\u00f6re kullanabilecek. D\u00f6\u015feme \u00e7al\u0131\u015fmalar\u0131n\u0131n ger\u00e7ekle\u015ftirilece\u011fi g\u00fczerg\u00e2hlarda ara\u00e7 park\u0131 yap\u0131lmamas\u0131, \u00e7al\u0131\u015fmalar\u0131n daha h\u0131zl\u0131 ilerlemesi a\u00e7\u0131s\u0131ndan \u00f6nem ta\u015f\u0131yor.<\/p>\n<p>MARSU Genel M\u00fcd\u00fcrl\u00fc\u011f\u00fc\u2019nden yap\u0131lan a\u00e7\u0131klamada, \u201cK\u0131ymetli hem\u015fehrilerimizin anlay\u0131\u015f i\u00e7in te\u015fekk\u00fcr ederiz.\u201d denildi.<\/p>\n<p>B\u00fclten<\/p>\n","protected":false},"excerpt":{"rendered":"<p>Mardin B\u00fcy\u00fck\u015fehir Belediyesi Su ve Kanalizasyon \u0130daresi (MARSU) Genel M\u00fcd\u00fcrl\u00fc\u011f\u00fc, K\u0131z\u0131ltepe il\u00e7esinde y\u00fcr\u00fct\u00fclecek altyap\u0131 g\u00fc\u00e7lendirme ve yenileme \u00e7al\u0131\u015fmalar\u0131 nedeniyle 4 sokakta trafik ve yaya g\u00fcvenli\u011fini sa\u011flamak i\u00e7in yollar\u0131n kademeli olarak trafi\u011fe kapat\u0131laca\u011f\u0131n\u0131 duyurdu.<\/p>\n","protected":false},"author":1,"featured_media":112196,"comment_status":"open","ping_status":"open","sticky":false,"template":"","format":"standard","meta":{"footnotes":""},"categories":[3,4,9,18,30],"tags":[],"class_list":["post-112195","post","type-post","status-publish","format-standard","has-post-thumbnail","hentry","category-guncel","category-manset","category-mardin","category-toplumsal-yasam-gundem","category-ust-manset"],"_links":{"self":[{"href":"https:\/\/mardinhaberyolu.com\/index.php?rest_route=\/wp\/v2\/posts\/112195","targetHints":{"allow":["GET"]}}],"collection":[{"href":"https:\/\/mardinhaberyolu.com\/index.php?rest_route=\/wp\/v2\/posts"}],"about":[{"href":"https:\/\/mardinhaberyolu.com\/index.php?rest_route=\/wp\/v2\/types\/post"}],"author":[{"embeddable":true,"href":"https:\/\/mardinhaberyolu.com\/index.php?rest_route=\/wp\/v2\/users\/1"}],"replies":[{"embeddable":true,"href":"https:\/\/mardinhaberyolu.com\/index.php?rest_route=%2Fwp%2Fv2%2Fcomments&post=112195"}],"version-history":[{"count":1,"href":"https:\/\/mardinhaberyolu.com\/index.php?rest_route=\/wp\/v2\/posts\/112195\/revisions"}],"predecessor-version":[{"id":112197,"href":"https:\/\/mardinhaberyolu.com\/index.php?rest_route=\/wp\/v2\/posts\/112195\/revisions\/112197"}],"wp:featuredmedia":[{"embeddable":true,"href":"https:\/\/mardinhaberyolu.com\/index.php?rest_route=\/wp\/v2\/media\/112196"}],"wp:attachment":[{"href":"https:\/\/mardinhaberyolu.com\/index.php?rest_route=%2Fwp%2Fv2%2Fmedia&parent=112195"}],"wp:term":[{"taxonomy":"category","embeddable":true,"href":"https:\/\/mardinhaberyolu.com\/index.php?rest_route=%2Fwp%2Fv2%2Fcategories&post=112195"},{"taxonomy":"post_tag","embeddable":true,"href":"https:\/\/mardinhaberyolu.com\/index.php?rest_route=%2Fwp%2Fv2%2Ftags&post=112195"}],"curies":[{"name":"wp","href":"https:\/\/api.w.org\/{rel}","templated":true}]}}