{"id":112190,"date":"2026-02-03T11:19:32","date_gmt":"2026-02-03T11:19:32","guid":{"rendered":"https:\/\/mardinhaberyolu.com\/?p=112190"},"modified":"2026-02-03T11:19:32","modified_gmt":"2026-02-03T11:19:32","slug":"mardin-1969-spor-kulubu-baskani-ridvan-asar-gazetecilerle-bir-araya-geldi","status":"publish","type":"post","link":"https:\/\/mardinhaberyolu.com\/?p=112190","title":{"rendered":"Mardin 1969 Spor Kul\u00fcb\u00fc Ba\u015fkan\u0131 R\u0131dvan A\u015far Gazetecilerle Bir Araya Geldi"},"content":{"rendered":"<p><em><strong>\u201cMardinspor Bu \u015eehrin Ortak De\u011feridir\u201d<\/strong><\/em><\/p>\n<p>Toplant\u0131n\u0131n a\u00e7\u0131l\u0131\u015f\u0131nda bas\u0131n mensuplar\u0131n\u0131 selamlayan Ba\u015fkan A\u015far, Mardinspor\u2019un yaln\u0131zca bir futbol kul\u00fcb\u00fc olmad\u0131\u011f\u0131n\u0131 vurgulayarak,<br \/>\n\u201cMardinspor; bu \u015fehrin ortak de\u011feri, gen\u00e7lerimizin umudu ve Mardin halk\u0131n\u0131n gururudur\u201d dedi.<br \/>\nG\u00f6reve geldikleri g\u00fcnden bu yana kul\u00fcb\u00fc daha sa\u011flam temeller \u00fczerine in\u015fa etmek i\u00e7in yo\u011fun bir \u00e7aba i\u00e7erisinde olduklar\u0131n\u0131 belirten A\u015far, kurumsal yap\u0131y\u0131 g\u00fc\u00e7lendirmeyi ve s\u00fcrd\u00fcr\u00fclebilir ba\u015far\u0131y\u0131 hedeflediklerini ifade etti.<\/p>\n<p><em><strong>13 Y\u0131l Sonra Gelen 2. Lig Ba\u015far\u0131s\u0131<\/strong><\/em><\/p>\n<p>Mardinspor\u2019un 13 y\u0131l aradan sonra 2. Lig\u2019e y\u00fckselmesinin b\u00fcy\u00fck bir ba\u015far\u0131 oldu\u011funu dile getiren Ba\u015fkan A\u015far, kul\u00fcp i\u00e7in iki y\u0131ll\u0131k bir 2. Lig projesi haz\u0131rlad\u0131klar\u0131n\u0131 a\u00e7\u0131klad\u0131.<br \/>\nSezon ba\u015f\u0131nda ve devre aras\u0131nda yap\u0131lan transferlerin tamam\u0131n\u0131n bilin\u00e7li \u015fekilde ger\u00e7ekle\u015ftirildi\u011fini belirten A\u015far, \u201cHedefimize ula\u015faca\u011f\u0131m\u0131za olan inanc\u0131m\u0131z tam\u201d dedi.<br \/>\nAltyap\u0131ya B\u00fcy\u00fck \u00d6nem<br \/>\nKul\u00fcb\u00fcn altyap\u0131 \u00e7al\u0131\u015fmalar\u0131na da de\u011finen A\u015far, altyap\u0131da 104 lisansl\u0131 sporcu bulundu\u011funu, B\u00f6lgesel Akademi Ligi\u2019nde \u00fc\u00e7 ya\u015f kategorisinde m\u00fccadele ettiklerini s\u00f6yledi. \u00d6n\u00fcm\u00fczdeki sezon itibar\u0131yla akademi liglerinde t\u00fcm ya\u015f gruplar\u0131yla yer almay\u0131 hedeflediklerini kaydetti.<br \/>\nTesisle\u015fmede Valilik Deste\u011fi<br \/>\nZinnar Ba\u011flar\u0131\u2019nda yap\u0131m\u0131 s\u00fcren tesislerle ilgili bilgi veren Ba\u015fkan A\u015far, Mardin Valisi Tuncay Akkoyun\u2019un destekleriyle kul\u00fcbe bir do\u011fal \u00e7im saha kazand\u0131r\u0131ld\u0131\u011f\u0131n\u0131, \u015fu an antrenmanlar\u0131n burada yap\u0131labildi\u011fini s\u00f6yledi.<br \/>\nHava ko\u015fullar\u0131n\u0131n elvermesiyle birlikte ikinci bir \u00e7im saha ve tesis binas\u0131n\u0131n da in\u015fa edilece\u011fini belirten A\u015far, gen\u00e7ler i\u00e7in sosyal bir yap\u0131lanma planland\u0131\u011f\u0131n\u0131 ifade etti. Ayr\u0131ca, futbolcular\u0131n konaklad\u0131\u011f\u0131 tesislerin \u015feffaf bir ihale s\u00fcreciyle kul\u00fcbe devredildi\u011fini a\u00e7\u0131klad\u0131.<\/p>\n<p><img fetchpriority=\"high\" decoding=\"async\" class=\"alignnone size-medium wp-image-112192\" src=\"https:\/\/mardinhaberyolu.com\/wp-content\/uploads\/2026\/02\/ms1-300x200.jpeg\" alt=\"\" width=\"300\" height=\"200\" srcset=\"https:\/\/mardinhaberyolu.com\/wp-content\/uploads\/2026\/02\/ms1-300x200.jpeg 300w, https:\/\/mardinhaberyolu.com\/wp-content\/uploads\/2026\/02\/ms1-1024x683.jpeg 1024w, https:\/\/mardinhaberyolu.com\/wp-content\/uploads\/2026\/02\/ms1-768x512.jpeg 768w, https:\/\/mardinhaberyolu.com\/wp-content\/uploads\/2026\/02\/ms1-1536x1024.jpeg 1536w, https:\/\/mardinhaberyolu.com\/wp-content\/uploads\/2026\/02\/ms1-2048x1365.jpeg 2048w\" sizes=\"(max-width: 300px) 100vw, 300px\" \/><\/p>\n<p><em><strong>Kul\u00fcb\u00fcn Gelirleri A\u00e7\u0131kland\u0131<\/strong><\/em><\/p>\n<p>Ba\u015fkan R\u0131dvan A\u015far, 2025-2026 sezonu itibar\u0131yla kul\u00fcb\u00fcn gelir kalemlerini de kamuoyuyla payla\u015ft\u0131:<br \/>\n\u2022 Y\u00f6netim kurulu katk\u0131lar\u0131: 65 milyon TL<br \/>\n\u2022 Mardin Valili\u011fi destekleri: 37 milyon TL<br \/>\n\u2022 Reklam, sponsorluk ve kombine gelirleri: 49 milyon 808 bin TL<br \/>\n\u2022 Store ma\u011faza gelirleri: 5 milyon 109 bin TL<br \/>\n\u2022 T\u00fcrkiye Futbol Federasyonu gelirleri: 4 milyon 854 bin 675 TL<br \/>\nZorlu Sezon ve Artan Giderler<br \/>\nSezon ba\u015f\u0131nda stadyumun tadilata girmesi ve do\u011fal \u00e7im saha eksikli\u011fi nedeniyle tak\u0131m\u0131n farkl\u0131 \u015fehirlerde kamp yapmak zorunda kald\u0131\u011f\u0131n\u0131 belirten A\u015far, bu durumun kul\u00fcbe ciddi maliyetler olu\u015fturdu\u011funu ifade etti.<br \/>\nFutbolcu maliyetleri, kamp ve konaklama giderleri, prim \u00f6demeleri, altyap\u0131 ve personel maa\u015flar\u0131yla birlikte giderlerin sezon boyunca devam edece\u011fini vurgulad\u0131.<\/p>\n<p><em><strong>\u201cBu Y\u00fck\u00fc \u015eehir Olarak Payla\u015fmal\u0131y\u0131z\u201d<\/strong><\/em><\/p>\n<p>Kul\u00fcb\u00fcn s\u00fcrd\u00fcr\u00fclebilirli\u011fi i\u00e7in \u015fehirden daha fazla destek beklediklerini dile getiren A\u015far, i\u015f insanlar\u0131na, sivil toplum kurulu\u015flar\u0131na ve Mardinspor sevdal\u0131lar\u0131na \u00e7a\u011fr\u0131da bulundu.<br \/>\n24 Ocak\u2019ta ba\u015flat\u0131lan SMS ve IBAN destek kampanyas\u0131n\u0131n beklenen ilgiyi g\u00f6rmedi\u011fini belirten A\u015far, bas\u0131n mensuplar\u0131ndan kampanyan\u0131n duyurulmas\u0131 konusunda destek istedi.<br \/>\nTeknik Direkt\u00f6rle Yola Devam<br \/>\nToplant\u0131n\u0131n sonunda teknik direkt\u00f6rle ilgili a\u00e7\u0131klama yapan Ba\u015fkan A\u015far, ya\u015fanan t\u00fcm zorluklara ra\u011fmen tak\u0131m\u0131 \u015fampiyonluk potas\u0131nda tutan teknik direkt\u00f6rle \u00f6n\u00fcm\u00fczdeki sezon i\u00e7in yeniden s\u00f6zle\u015fme imzaland\u0131\u011f\u0131n\u0131 belirterek, \u201cCamiam\u0131za hay\u0131rl\u0131 olsun\u201d dedi.<\/p>\n<p><img decoding=\"async\" class=\"alignnone size-medium wp-image-112193\" src=\"https:\/\/mardinhaberyolu.com\/wp-content\/uploads\/2026\/02\/ms2-300x200.jpeg\" alt=\"\" width=\"300\" height=\"200\" srcset=\"https:\/\/mardinhaberyolu.com\/wp-content\/uploads\/2026\/02\/ms2-300x200.jpeg 300w, https:\/\/mardinhaberyolu.com\/wp-content\/uploads\/2026\/02\/ms2-1024x683.jpeg 1024w, https:\/\/mardinhaberyolu.com\/wp-content\/uploads\/2026\/02\/ms2-768x512.jpeg 768w, https:\/\/mardinhaberyolu.com\/wp-content\/uploads\/2026\/02\/ms2-1536x1024.jpeg 1536w, https:\/\/mardinhaberyolu.com\/wp-content\/uploads\/2026\/02\/ms2-2048x1365.jpeg 2048w\" sizes=\"(max-width: 300px) 100vw, 300px\" \/><\/p>\n<p>B\u00fclten<\/p>\n","protected":false},"excerpt":{"rendered":"<p>Mardin 1969 Spor Kul\u00fcb\u00fc Ba\u015fkan\u0131 R\u0131dvan A\u015far, As Ba\u015fkan Veysi Duyan, Ba\u015fkan Yard\u0131mc\u0131s\u0131 polat Kasap ve Genel Sekreter \u015eirvan Erdem d\u00fczenlenen bas\u0131n toplant\u0131s\u0131nda gazetecilerle bir araya gelerek kul\u00fcb\u00fcn mevcut durumu, mali yap\u0131s\u0131, hedefleri ve gelece\u011fe y\u00f6nelik projeleri hakk\u0131nda kapsaml\u0131 a\u00e7\u0131klamalarda bulundu.<\/p>\n","protected":false},"author":1,"featured_media":112191,"comment_status":"open","ping_status":"open","sticky":false,"template":"","format":"standard","meta":{"footnotes":""},"categories":[4,9,7,30],"tags":[],"class_list":["post-112190","post","type-post","status-publish","format-standard","has-post-thumbnail","hentry","category-manset","category-mardin","category-spor","category-ust-manset"],"_links":{"self":[{"href":"https:\/\/mardinhaberyolu.com\/index.php?rest_route=\/wp\/v2\/posts\/112190","targetHints":{"allow":["GET"]}}],"collection":[{"href":"https:\/\/mardinhaberyolu.com\/index.php?rest_route=\/wp\/v2\/posts"}],"about":[{"href":"https:\/\/mardinhaberyolu.com\/index.php?rest_route=\/wp\/v2\/types\/post"}],"author":[{"embeddable":true,"href":"https:\/\/mardinhaberyolu.com\/index.php?rest_route=\/wp\/v2\/users\/1"}],"replies":[{"embeddable":true,"href":"https:\/\/mardinhaberyolu.com\/index.php?rest_route=%2Fwp%2Fv2%2Fcomments&post=112190"}],"version-history":[{"count":1,"href":"https:\/\/mardinhaberyolu.com\/index.php?rest_route=\/wp\/v2\/posts\/112190\/revisions"}],"predecessor-version":[{"id":112194,"href":"https:\/\/mardinhaberyolu.com\/index.php?rest_route=\/wp\/v2\/posts\/112190\/revisions\/112194"}],"wp:featuredmedia":[{"embeddable":true,"href":"https:\/\/mardinhaberyolu.com\/index.php?rest_route=\/wp\/v2\/media\/112191"}],"wp:attachment":[{"href":"https:\/\/mardinhaberyolu.com\/index.php?rest_route=%2Fwp%2Fv2%2Fmedia&parent=112190"}],"wp:term":[{"taxonomy":"category","embeddable":true,"href":"https:\/\/mardinhaberyolu.com\/index.php?rest_route=%2Fwp%2Fv2%2Fcategories&post=112190"},{"taxonomy":"post_tag","embeddable":true,"href":"https:\/\/mardinhaberyolu.com\/index.php?rest_route=%2Fwp%2Fv2%2Ftags&post=112190"}],"curies":[{"name":"wp","href":"https:\/\/api.w.org\/{rel}","templated":true}]}}