{"id":112187,"date":"2026-02-03T09:40:34","date_gmt":"2026-02-03T09:40:34","guid":{"rendered":"https:\/\/mardinhaberyolu.com\/?p=112187"},"modified":"2026-02-03T09:40:34","modified_gmt":"2026-02-03T09:40:34","slug":"mardin-tso-baskani-celik-yeni-duzenlemeyle-mardinde-katma-degerli-tarim-ve-sanayi-yatirimlarina-guclu-destek-olacak","status":"publish","type":"post","link":"https:\/\/mardinhaberyolu.com\/?p=112187","title":{"rendered":"Mardin TSO Ba\u015fkan\u0131 \u00c7elik: Yeni D\u00fczenlemeyle Mardin\u2019de katma de\u011ferli tar\u0131m ve sanayi yat\u0131r\u0131mlar\u0131na g\u00fc\u00e7l\u00fc destek Olacak"},"content":{"rendered":"<p>Sanayi ve Teknoloji Bakanl\u0131\u011f\u0131\u2019n\u0131n T\u00fcrkiye Yerel Kalk\u0131nma Hamlesi Program\u0131 kapsam\u0131nda desteklenecek sekt\u00f6rler yeniden belirlendi. 31 Ocak 2026 tarihli ve 33154 say\u0131l\u0131 Resm\u00ee Gazete\u2019de yay\u0131mlanan de\u011fi\u015fiklikle birlikte end\u00fcstriyel unlu mamuller \u00fcretimi, ni\u015fasta bazl\u0131 katma de\u011ferli \u00fcr\u00fcnler \u00fcretimi, nitelikli k\u00fclt\u00fcrel ve yarat\u0131c\u0131 end\u00fcstri yat\u0131r\u0131mlar\u0131 ile \u00fcz\u00fcm ve \u00fcz\u00fcm at\u0131k\/yan \u00fcr\u00fcnlerinden katma de\u011ferli \u00fcr\u00fcn \u00fcretimi desteklenecek sekt\u00f6rler olarak belirlendi. Mardin Ticaret ve Sanayi Odas\u0131 Ba\u015fkan\u0131 Hatip \u00c7elik, end\u00fcstriyel unlu mamuller, ni\u015fasta bazl\u0131 katma de\u011ferli \u00fcr\u00fcnler ile \u00fcz\u00fcm ve \u00fcz\u00fcm yan \u00fcr\u00fcnlerine y\u00f6nelik yat\u0131r\u0131mlar\u0131n b\u00f6lgemizdeki potansiyeli harekete ge\u00e7irmek ve b\u00f6lgesel kalk\u0131nma a\u00e7\u0131s\u0131ndan stratejik bir ad\u0131m oldu\u011funu ifade etti. B\u00f6lgemizdeki tar\u0131msal potansiyelin \u00fcretim ve sanayiyle b\u00fct\u00fcnle\u015fmesinin hem \u00fcretici gelirlerini art\u0131raca\u011f\u0131n\u0131 hem de b\u00f6lgesel ekonomiyi daha diren\u00e7li hale getirece\u011fini belirten Hatip \u00c7elik, \u201cB\u00f6lgemizde \u00fcretimi g\u00fc\u00e7lendiren her yat\u0131r\u0131m, do\u011frudan istihdam, dolayl\u0131 olarak da sosyal refah anlam\u0131na gelmektedir. Destek kapsam\u0131n\u0131n tar\u0131ma dayal\u0131 sanayiyi \u00f6nceleyen bir yakla\u015f\u0131mla g\u00fcncellenmesini son derece \u00f6nemli buluyoruz. Bu ad\u0131m Mardin\u2019de ekonomik hareketlili\u011fi daha da art\u0131racakt\u0131r. Bug\u00fcn kalk\u0131nman\u0131n en sa\u011fl\u0131kl\u0131 yolu, tar\u0131msal \u00fcretimi sadece tarlada b\u0131rakmayan, onu i\u015fleyen, paketleyen, markala\u015ft\u0131ran ve ulusal ile uluslararas\u0131 pazarlara ula\u015ft\u0131ran bir \u00fcretim modelini hayata ge\u00e7irmekten ge\u00e7iyor. A\u00e7\u0131klanan sekt\u00f6rler tam da bu d\u00f6n\u00fc\u015f\u00fcm\u00fc destekleyen bir \u00e7er\u00e7eve sunuyor\u201d dedi.<\/p>\n<p><strong>Katma de\u011ferli \u00fcr\u00fcn yat\u0131r\u0131mlar\u0131nda ciddi desteklere eri\u015fecek<\/strong><\/p>\n<p>Mardin\u2019in geni\u015f tar\u0131m alanlar\u0131, iklim avantaj\u0131 ve \u00fcr\u00fcn \u00e7e\u015fitlili\u011fiyle tar\u0131ma dayal\u0131 sanayi yat\u0131r\u0131mlar\u0131 i\u00e7in g\u00fc\u00e7l\u00fc bir altyap\u0131ya sahip oldu\u011funu vurgulayan Hatip \u00c7elik, \u00f6zellikle \u00fcz\u00fcm ve tah\u0131l ba\u015fta olmak \u00fczere bir\u00e7ok \u00fcr\u00fcn\u00fcn i\u015flenmeden ham \u015fekilde piyasaya sunulmas\u0131n\u0131n katma de\u011fer kayb\u0131na neden oldu\u011funu ifade etti. Yeni te\u015fviklerle birlikte kurulacak i\u015fleme tesislerinin hem \u00fcr\u00fcn kay\u0131plar\u0131n\u0131 azaltaca\u011f\u0131n\u0131 hem de \u00fcreticinin eme\u011finin ger\u00e7ek de\u011ferini bulmas\u0131na katk\u0131 sa\u011flayaca\u011f\u0131n\u0131 belirten Ba\u015fkan \u00c7elik, \u201cTah\u0131l grubunda konvasiyonel \u00fcr\u00fcnlerde ciddi bir \u00fcretim altyap\u0131m\u0131z var. Yerel kalk\u0131nma program\u0131yla birlikte i\u015fletmelerimiz konvansiyonel \u00fcr\u00fcnlerin yan\u0131 s\u0131ra katma de\u011ferli \u00fcr\u00fcn \u00fcretiminde desteklenecek. Dolay\u0131s\u0131yla tar\u0131msal \u00fcr\u00fcnlerde katma de\u011ferli \u00fcretim hatlar\u0131 sanayideki b\u00fcy\u00fcmemizi de art\u0131racak. Bu sayede Gen\u00e7 n\u00fcfusun kendi memleketinde i\u015f bulabildi\u011fi, \u00fcretime kat\u0131labildi\u011fi bir ekonomik yap\u0131 olu\u015fturabilece\u011fiz. Bunun i\u00e7in tah\u0131l sanayicilerimiz program kapsam\u0131nda \u00f6zel makine ve ekipman te\u015fviklerinden faydalanabilecekler\u201d diye konu\u015ftu.<\/p>\n<p><strong>\u201cNitelik olarak g\u00fc\u00e7l\u00fc bir ihracat yap\u0131s\u0131na kavu\u015faca\u011f\u0131z\u201d<\/strong><\/p>\n<p>Son olarak katma de\u011ferli \u00fcr\u00fcnlerin say\u0131s\u0131n\u0131n artmas\u0131yla birlikte Mardin\u2019in geli\u015fmi\u015f \u00fclkelere y\u00f6nelik ihracat\u0131n\u0131n g\u00fc\u00e7l\u00fc bir art\u0131\u015f ivmesi yakalayaca\u011f\u0131n\u0131 ifade eden Hatip \u00c7elik, \u015f\u00f6yle konu\u015ftu: \u201cKatma de\u011feri y\u00fcksek \u00fcr\u00fcnleri art\u0131rmadan k\u00fcresel rekabette kal\u0131c\u0131 bir yer edinmemiz m\u00fcmk\u00fcn de\u011fil. Tar\u0131msal \u00fcretimi ileri i\u015fleme teknolojileriyle bulu\u015fturdu\u011fumuzda, sadece miktar olarak de\u011fil nitelik olarak da daha g\u00fc\u00e7l\u00fc bir ihracat yap\u0131s\u0131na kavu\u015faca\u011f\u0131z. \u00d6zellikle kalite ve standart beklentisi y\u00fcksek olan geli\u015fmi\u015f \u00fclke pazarlar\u0131na eri\u015fim, ancak i\u015flenmi\u015f ve markal\u0131 \u00fcr\u00fcnlerle m\u00fcmk\u00fcn olmaktad\u0131r. Mardin\u2019in sahip oldu\u011fu tar\u0131msal potansiyeli sanayi yat\u0131r\u0131mlar\u0131yla destekledi\u011fimizde, b\u00f6lgemiz ihracatta yeni bir s\u0131\u00e7rama yakalayacakt\u0131r. Bu d\u00f6n\u00fc\u015f\u00fcm, \u00fcreticimizin daha fazla kazanmas\u0131n\u0131 sa\u011flarken, ilimizin ekonomik b\u00fcy\u00fcmesine de do\u011frudan katk\u0131 sunacakt\u0131r. Yeni te\u015fvik sistemiyle birlikte \u00f6n\u00fcm\u00fczdeki s\u00fcre\u00e7te hedefimiz; ham madde ihra\u00e7 eden de\u011fil, y\u00fcksek katma de\u011fer \u00fcreten ve markalar\u0131yla uluslararas\u0131 pazarlarda yer alan bir Mardin ekonomisi olu\u015fturmakt\u0131r.\u201d<\/p>\n<p>B\u00fclten<\/p>\n<p>&nbsp;<\/p>\n","protected":false},"excerpt":{"rendered":"<p>T\u00fcrkiye Yerel Kalk\u0131nma Hamlesi Program\u0131 kapsam\u0131nda desteklenecek sekt\u00f6rlerin g\u00fcncellenmesini de\u011ferlendiren Mardin Ticaret ve Sanayi Odas\u0131 Ba\u015fkan\u0131 Hatip \u00c7elik, yeni d\u00fczenlemenin \u00f6zellikle tar\u0131ma dayal\u0131, y\u00fcksek katma de\u011fer \u00fcreten sanayi yat\u0131r\u0131mlar\u0131 i\u00e7in \u00f6nemli f\u0131rsatlar sundu\u011funu belirtti. \u00c7elik, yap\u0131lan revizyonun b\u00f6lgesel \u00fcretim kapasitesini art\u0131rarak istihdama katk\u0131 sa\u011flayaca\u011f\u0131n\u0131 ve Mardin\u2019in rekabet g\u00fcc\u00fcn\u00fc y\u00fckseltecek yat\u0131r\u0131mlar\u0131n \u00f6n\u00fcn\u00fc a\u00e7aca\u011f\u0131n\u0131 vurgulad\u0131.<\/p>\n","protected":false},"author":1,"featured_media":112188,"comment_status":"open","ping_status":"open","sticky":false,"template":"","format":"standard","meta":{"footnotes":""},"categories":[6,3,4,9,30],"tags":[],"class_list":["post-112187","post","type-post","status-publish","format-standard","has-post-thumbnail","hentry","category-ekonomi","category-guncel","category-manset","category-mardin","category-ust-manset"],"_links":{"self":[{"href":"https:\/\/mardinhaberyolu.com\/index.php?rest_route=\/wp\/v2\/posts\/112187","targetHints":{"allow":["GET"]}}],"collection":[{"href":"https:\/\/mardinhaberyolu.com\/index.php?rest_route=\/wp\/v2\/posts"}],"about":[{"href":"https:\/\/mardinhaberyolu.com\/index.php?rest_route=\/wp\/v2\/types\/post"}],"author":[{"embeddable":true,"href":"https:\/\/mardinhaberyolu.com\/index.php?rest_route=\/wp\/v2\/users\/1"}],"replies":[{"embeddable":true,"href":"https:\/\/mardinhaberyolu.com\/index.php?rest_route=%2Fwp%2Fv2%2Fcomments&post=112187"}],"version-history":[{"count":1,"href":"https:\/\/mardinhaberyolu.com\/index.php?rest_route=\/wp\/v2\/posts\/112187\/revisions"}],"predecessor-version":[{"id":112189,"href":"https:\/\/mardinhaberyolu.com\/index.php?rest_route=\/wp\/v2\/posts\/112187\/revisions\/112189"}],"wp:featuredmedia":[{"embeddable":true,"href":"https:\/\/mardinhaberyolu.com\/index.php?rest_route=\/wp\/v2\/media\/112188"}],"wp:attachment":[{"href":"https:\/\/mardinhaberyolu.com\/index.php?rest_route=%2Fwp%2Fv2%2Fmedia&parent=112187"}],"wp:term":[{"taxonomy":"category","embeddable":true,"href":"https:\/\/mardinhaberyolu.com\/index.php?rest_route=%2Fwp%2Fv2%2Fcategories&post=112187"},{"taxonomy":"post_tag","embeddable":true,"href":"https:\/\/mardinhaberyolu.com\/index.php?rest_route=%2Fwp%2Fv2%2Ftags&post=112187"}],"curies":[{"name":"wp","href":"https:\/\/api.w.org\/{rel}","templated":true}]}}