{"id":112147,"date":"2026-01-28T17:40:52","date_gmt":"2026-01-28T17:40:52","guid":{"rendered":"https:\/\/mardinhaberyolu.com\/?p=112147"},"modified":"2026-01-28T17:40:52","modified_gmt":"2026-01-28T17:40:52","slug":"mardinli-tir-soforu-yurt-disinda-hayatini-kaybetti","status":"publish","type":"post","link":"https:\/\/mardinhaberyolu.com\/?p=112147","title":{"rendered":"Mardinli TIR \u015fof\u00f6r\u00fc yurt d\u0131\u015f\u0131nda hayat\u0131n\u0131 kaybetti"},"content":{"rendered":"<p>Muhammed Kas\u0131m \u0130pek<br \/>\nMuhammed Kas\u0131m \u0130pek T\u00fcm Haberleri<br \/>\nMardinli TIR \u015fof\u00f6r\u00fc yurt d\u0131\u015f\u0131nda hayat\u0131n\u0131 kaybettimask<br \/>\nB\u00fcy\u00fctmek i\u00e7in resme t\u0131klay\u0131n<br \/>\nEdinilen bilgilere g\u00f6re, uzun y\u0131llard\u0131r uluslararas\u0131 t\u0131r \u015fof\u00f6rl\u00fc\u011f\u00fc yapan Ramazan Polat\u2019\u0131n kulland\u0131\u011f\u0131 ara\u00e7, Bulgaristan s\u0131n\u0131rlar\u0131 i\u00e7erisinde kaza yapt\u0131. Polat, meydana gelen kazan\u0131n ard\u0131ndan olay yerinde hayat\u0131n\u0131 kaybetti.<br \/>\nAc\u0131 haberin K\u0131z\u0131ltepe\u2019ye ula\u015fmas\u0131n\u0131n ard\u0131ndan cenaze program\u0131 da netle\u015fti. Merhumun naa\u015f\u0131n\u0131n bug\u00fcn saat 17.00\u2019de havaliman\u0131ndan al\u0131narak K\u0131z\u0131ltepe\u2019ye getirilece\u011fi bildirildi. Cenaze, Mezopotamya Mahallesi Gir\u00ea B\u00eer\u00ea yolu \u00fczerinde bulunan mezarl\u0131kta dualarla son yolculu\u011funa u\u011furlanacak.<br \/>\nEvli ve 5 \u00e7ocuk babas\u0131 oldu\u011fu \u00f6\u011frenilen Ramazan Polat\u2019\u0131n ailesi, taziyeleri 28, 29 ve 30 Ocak tarihlerinde Turgut \u00d6zal Taziye Evi\u2019nde kabul edecek.<\/p>\n<p>Haber Merkezi<\/p>\n","protected":false},"excerpt":{"rendered":"<p>Mardin\u2019in K\u0131z\u0131ltepe il\u00e7esinde ikamet eden ve uluslararas\u0131 ta\u015f\u0131mac\u0131l\u0131k yapan 44 ya\u015f\u0131ndaki t\u0131r \u015fof\u00f6r\u00fc Ramazan Polat, g\u00f6rev icab\u0131 bulundu\u011fu Bulgaristan\u2019da ge\u00e7irdi\u011fi trafik kazas\u0131 sonucu ya\u015fam\u0131n\u0131 yitirdi.<\/p>\n","protected":false},"author":1,"featured_media":112148,"comment_status":"open","ping_status":"open","sticky":false,"template":"","format":"standard","meta":{"footnotes":""},"categories":[3,4,9,18],"tags":[],"class_list":["post-112147","post","type-post","status-publish","format-standard","has-post-thumbnail","hentry","category-guncel","category-manset","category-mardin","category-toplumsal-yasam-gundem"],"_links":{"self":[{"href":"https:\/\/mardinhaberyolu.com\/index.php?rest_route=\/wp\/v2\/posts\/112147","targetHints":{"allow":["GET"]}}],"collection":[{"href":"https:\/\/mardinhaberyolu.com\/index.php?rest_route=\/wp\/v2\/posts"}],"about":[{"href":"https:\/\/mardinhaberyolu.com\/index.php?rest_route=\/wp\/v2\/types\/post"}],"author":[{"embeddable":true,"href":"https:\/\/mardinhaberyolu.com\/index.php?rest_route=\/wp\/v2\/users\/1"}],"replies":[{"embeddable":true,"href":"https:\/\/mardinhaberyolu.com\/index.php?rest_route=%2Fwp%2Fv2%2Fcomments&post=112147"}],"version-history":[{"count":1,"href":"https:\/\/mardinhaberyolu.com\/index.php?rest_route=\/wp\/v2\/posts\/112147\/revisions"}],"predecessor-version":[{"id":112149,"href":"https:\/\/mardinhaberyolu.com\/index.php?rest_route=\/wp\/v2\/posts\/112147\/revisions\/112149"}],"wp:featuredmedia":[{"embeddable":true,"href":"https:\/\/mardinhaberyolu.com\/index.php?rest_route=\/wp\/v2\/media\/112148"}],"wp:attachment":[{"href":"https:\/\/mardinhaberyolu.com\/index.php?rest_route=%2Fwp%2Fv2%2Fmedia&parent=112147"}],"wp:term":[{"taxonomy":"category","embeddable":true,"href":"https:\/\/mardinhaberyolu.com\/index.php?rest_route=%2Fwp%2Fv2%2Fcategories&post=112147"},{"taxonomy":"post_tag","embeddable":true,"href":"https:\/\/mardinhaberyolu.com\/index.php?rest_route=%2Fwp%2Fv2%2Ftags&post=112147"}],"curies":[{"name":"wp","href":"https:\/\/api.w.org\/{rel}","templated":true}]}}