{"id":112128,"date":"2026-01-27T08:16:53","date_gmt":"2026-01-27T08:16:53","guid":{"rendered":"https:\/\/mardinhaberyolu.com\/?p=112128"},"modified":"2026-01-27T08:16:53","modified_gmt":"2026-01-27T08:16:53","slug":"mau-cografi-isaret-tescil-denetimlerine-basladi","status":"publish","type":"post","link":"https:\/\/mardinhaberyolu.com\/?p=112128","title":{"rendered":"\u00a0\u00a0\u00a0 MA\u00dc Co\u011frafi \u0130\u015faret Tescil Denetimlerine Ba\u015flad\u0131"},"content":{"rendered":"<p><strong>\u00a0 \u00a0<\/strong><\/p>\n<p><strong>\u00a0<\/strong><strong>\u00a0<\/strong><\/p>\n<p>Mardin Artuklu \u00dcniversitesi T\u00dcRKPATENT Bilgi ve Dok\u00fcman Birimi \u00f6nc\u00fcl\u00fc\u011f\u00fcnde, 27\u201331 Ocak 2026 tarihleri aras\u0131nda ilgili komisyon \u00fcyelerinin kat\u0131l\u0131m\u0131yla Co\u011frafi \u0130\u015faret Mahre\u00e7 Tescilli \u00fcr\u00fcnlere y\u00f6nelik denetimlerin aral\u0131kl\u0131 olarak ger\u00e7ekle\u015ftirilece\u011fi duyuruldu.<\/p>\n<p>Yerel \u00fcr\u00fcnlerin tescillenerek kentin tan\u0131t\u0131m\u0131na katk\u0131 sa\u011flamas\u0131, turizm potansiyelinin art\u0131r\u0131lmas\u0131, \u00fcr\u00fcn standartlar\u0131n\u0131n korunmas\u0131 ve esnaf\u0131n desteklenmesi amac\u0131yla y\u00fcr\u00fct\u00fclen co\u011frafi i\u015faret tescil s\u00fcre\u00e7leri; ilgili kurumlar taraf\u0131ndan yap\u0131lan ba\u015fvurular do\u011frultusunda T\u00fcrk Patent ve Marka Kurumu taraf\u0131ndan ger\u00e7ekle\u015ftirilmektedir. Bu tesciller, kamunun \u00e7ok y\u00f6nl\u00fc yarar\u0131n\u0131 g\u00f6zeten \u00f6nemli bir mekanizma olarak \u00f6ne \u00e7\u0131kmaktad\u0131r.<\/p>\n<p>Denetimler kapsam\u0131nda, Co\u011frafi \u0130\u015faret Mahre\u00e7 Tescilli alt\u0131 y\u00f6resel \u00fcr\u00fcn\u00fc \u00fcreten ve bu \u00fcr\u00fcnlerin tedarik zincirinde yer alan i\u015fletmeler; kullan\u0131lan malzemelerin i\u00e7erik ve miktarlar\u0131, \u00fcretim y\u00f6ntemleri ile mahre\u00e7 amblemi kullan\u0131m\u0131na uygunluk kriterleri esas al\u0131narak incelenecektir.<\/p>\n<p>Denetimlere Mardin Artuklu \u00dcniversitesi Turizm Fak\u00fcltesi, Mardin Ticaret ve Sanayi Odas\u0131 ile Mardin \u0130l Tar\u0131m ve Orman M\u00fcd\u00fcrl\u00fc\u011f\u00fc temsilcilerinin kat\u0131laca\u011f\u0131; co\u011frafi i\u015faretli Mardin Kebab\u0131, \u0130ncasiye, Firkiye, Alluciye, Harire ve Irok y\u00f6resel lezzetlerinin belirlenen kriterler do\u011frultusunda denetlenece\u011fi bildirildi.<\/p>\n<p>Ayr\u0131ca, co\u011frafi i\u015faretli \u00fcr\u00fcnleri \u00fcreten veya tedarik zincirinde yer alan i\u015fletmelerin, \u201cMahre\u00e7 Amblemi\u201d kullan\u0131m\u0131na ili\u015fkin denetlenme taleplerini ilgili ba\u015fvuru formu \u00fczerinden iletebilecekleri belirtildi.<\/p>\n<p>Ba\u015fvuru talep Linki: <a href=\"https:\/\/docs.google.com\/forms\/u\/0\/d\/e\/1FAIpQLScfk41QK_Uv-w1mawl-ystJkUqn5j2I6yowebJXW5k1xaaZ7w\/viewform?pli=1&amp;authuser=0\">https:\/\/docs.google.com\/forms\/u\/0\/d\/e\/1FAIpQLScfk41QK_Uv-w1mawl-ystJkUqn5j2I6yowebJXW5k1xaaZ7w\/viewform?pli=1&amp;authuser=0<\/a><\/p>\n<p>B\u00fclten<\/p>\n<p>&nbsp;<\/p>\n","protected":false},"excerpt":{"rendered":"<p>Mardin Artuklu \u00dcniversitesi 2026 Y\u0131l\u0131 kapsam\u0131nda co\u011frafi i\u015faretli y\u00f6resel \u00fcr\u00fcnlere y\u00f6nelik denetim s\u00fcre\u00e7lerini ba\u015flatt\u0131.<\/p>\n","protected":false},"author":1,"featured_media":112129,"comment_status":"open","ping_status":"open","sticky":false,"template":"","format":"standard","meta":{"footnotes":""},"categories":[20,4,9,18,30],"tags":[],"class_list":["post-112128","post","type-post","status-publish","format-standard","has-post-thumbnail","hentry","category-basin","category-manset","category-mardin","category-toplumsal-yasam-gundem","category-ust-manset"],"_links":{"self":[{"href":"https:\/\/mardinhaberyolu.com\/index.php?rest_route=\/wp\/v2\/posts\/112128","targetHints":{"allow":["GET"]}}],"collection":[{"href":"https:\/\/mardinhaberyolu.com\/index.php?rest_route=\/wp\/v2\/posts"}],"about":[{"href":"https:\/\/mardinhaberyolu.com\/index.php?rest_route=\/wp\/v2\/types\/post"}],"author":[{"embeddable":true,"href":"https:\/\/mardinhaberyolu.com\/index.php?rest_route=\/wp\/v2\/users\/1"}],"replies":[{"embeddable":true,"href":"https:\/\/mardinhaberyolu.com\/index.php?rest_route=%2Fwp%2Fv2%2Fcomments&post=112128"}],"version-history":[{"count":1,"href":"https:\/\/mardinhaberyolu.com\/index.php?rest_route=\/wp\/v2\/posts\/112128\/revisions"}],"predecessor-version":[{"id":112130,"href":"https:\/\/mardinhaberyolu.com\/index.php?rest_route=\/wp\/v2\/posts\/112128\/revisions\/112130"}],"wp:featuredmedia":[{"embeddable":true,"href":"https:\/\/mardinhaberyolu.com\/index.php?rest_route=\/wp\/v2\/media\/112129"}],"wp:attachment":[{"href":"https:\/\/mardinhaberyolu.com\/index.php?rest_route=%2Fwp%2Fv2%2Fmedia&parent=112128"}],"wp:term":[{"taxonomy":"category","embeddable":true,"href":"https:\/\/mardinhaberyolu.com\/index.php?rest_route=%2Fwp%2Fv2%2Fcategories&post=112128"},{"taxonomy":"post_tag","embeddable":true,"href":"https:\/\/mardinhaberyolu.com\/index.php?rest_route=%2Fwp%2Fv2%2Ftags&post=112128"}],"curies":[{"name":"wp","href":"https:\/\/api.w.org\/{rel}","templated":true}]}}