{"id":112122,"date":"2026-01-26T11:10:10","date_gmt":"2026-01-26T11:10:10","guid":{"rendered":"https:\/\/mardinhaberyolu.com\/?p=112122"},"modified":"2026-01-26T11:10:34","modified_gmt":"2026-01-26T11:10:34","slug":"marsu-eroglu-mahallesinde-atik-su-sorunu-cozume-kavusturdu","status":"publish","type":"post","link":"https:\/\/mardinhaberyolu.com\/?p=112122","title":{"rendered":"MARSU, Ero\u011flu Mahallesi\u2019nde At\u0131k Su Sorunu \u00c7\u00f6z\u00fcme Kavu\u015fturdu"},"content":{"rendered":"<p>Mardin B\u00fcy\u00fck\u015fehir Belediyesi MARSU Genel M\u00fcd\u00fcrl\u00fc\u011f\u00fc, \u015fehir merkezi, il\u00e7eler ve ba\u011fl\u0131 k\u0131rsal mahallelerde vatanda\u015flar\u0131n temel altyap\u0131 ihtiya\u00e7lar\u0131na daha h\u0131zl\u0131 ve g\u00fcvenilir \u015fekilde yan\u0131t verebilmek i\u00e7in \u00e7al\u0131\u015fmalar\u0131n\u0131 s\u00fcrd\u00fcr\u00fcyor. Bir yandan y\u0131llard\u0131r s\u00fcregelen kronik sorunlara \u00e7\u00f6z\u00fcm \u00fcretilirken, di\u011fer yandan yeni yat\u0131r\u0131mlarla altyap\u0131 g\u00fc\u00e7lendiriliyor.<\/p>\n<p>Bu do\u011frultuda, at\u0131k su altyap\u0131s\u0131 bulunmayan K\u0131z\u0131ltepe il\u00e7esine ba\u011fl\u0131 k\u0131rsal Ero\u011flu Mahallesi\u2019nde, sokaklarda akarak \u00e7evre ve halk sa\u011fl\u0131\u011f\u0131n\u0131 olumsuz etkileyen, k\u00f6t\u00fc koku ve \u00e7evre kirlili\u011fine neden olan at\u0131k su sorununa \u00e7\u00f6z\u00fcm getirildi. Fizibilite \u00e7al\u0131\u015fmalar\u0131n\u0131n ard\u0131ndan ba\u015flat\u0131lan ve at\u0131k sular\u0131n bertaraf edilmesini sa\u011flayacak at\u0131k su hatt\u0131 d\u00f6\u015feme \u00e7al\u0131\u015fmalar\u0131 tamamland\u0131.<br \/>\nY\u00fcr\u00fct\u00fclen \u00e7al\u0131\u015fmalarla mahallede bulunan yakla\u015f\u0131k 70 haneye hizmet ula\u015ft\u0131rmak amac\u0131yla 2 bin 700 metre uzunlu\u011funda at\u0131k su hatt\u0131 d\u00f6\u015fendi, vatanda\u015flar daha rahat ve sa\u011fl\u0131kl\u0131 bir ya\u015fam ortam\u0131na kavu\u015fturuldu.<\/p>\n<p>Mahalle sakinleri, uzun y\u0131llard\u0131r \u00e7\u00f6z\u00fcme kavu\u015fmas\u0131n\u0131 bekledikleri at\u0131k su sorununun giderilmesi nedeniyle eme\u011fi ge\u00e7enlere te\u015fekk\u00fcr etti.<\/p>\n<p>B\u00fclten<\/p>\n","protected":false},"excerpt":{"rendered":"<p>Mardin B\u00fcy\u00fck\u015fehir Belediyesi Su ve Kanalizasyon \u0130daresi (MARSU), K\u0131z\u0131ltepe il\u00e7esine ba\u011fl\u0131 Ero\u011flu Mahallesi\u2019nde y\u0131llard\u0131r a\u00e7\u0131ktan akan at\u0131k sular\u0131n bertaraf edilmesi amac\u0131yla ba\u015flat\u0131lan at\u0131k su hatt\u0131 d\u00f6\u015feme \u00e7al\u0131\u015fmalar\u0131n\u0131 tamamlad\u0131.<\/p>\n","protected":false},"author":1,"featured_media":112123,"comment_status":"open","ping_status":"open","sticky":false,"template":"","format":"standard","meta":{"footnotes":""},"categories":[3,4,9,27],"tags":[],"class_list":["post-112122","post","type-post","status-publish","format-standard","has-post-thumbnail","hentry","category-guncel","category-manset","category-mardin","category-yerel-siyaset"],"_links":{"self":[{"href":"https:\/\/mardinhaberyolu.com\/index.php?rest_route=\/wp\/v2\/posts\/112122","targetHints":{"allow":["GET"]}}],"collection":[{"href":"https:\/\/mardinhaberyolu.com\/index.php?rest_route=\/wp\/v2\/posts"}],"about":[{"href":"https:\/\/mardinhaberyolu.com\/index.php?rest_route=\/wp\/v2\/types\/post"}],"author":[{"embeddable":true,"href":"https:\/\/mardinhaberyolu.com\/index.php?rest_route=\/wp\/v2\/users\/1"}],"replies":[{"embeddable":true,"href":"https:\/\/mardinhaberyolu.com\/index.php?rest_route=%2Fwp%2Fv2%2Fcomments&post=112122"}],"version-history":[{"count":2,"href":"https:\/\/mardinhaberyolu.com\/index.php?rest_route=\/wp\/v2\/posts\/112122\/revisions"}],"predecessor-version":[{"id":112125,"href":"https:\/\/mardinhaberyolu.com\/index.php?rest_route=\/wp\/v2\/posts\/112122\/revisions\/112125"}],"wp:featuredmedia":[{"embeddable":true,"href":"https:\/\/mardinhaberyolu.com\/index.php?rest_route=\/wp\/v2\/media\/112123"}],"wp:attachment":[{"href":"https:\/\/mardinhaberyolu.com\/index.php?rest_route=%2Fwp%2Fv2%2Fmedia&parent=112122"}],"wp:term":[{"taxonomy":"category","embeddable":true,"href":"https:\/\/mardinhaberyolu.com\/index.php?rest_route=%2Fwp%2Fv2%2Fcategories&post=112122"},{"taxonomy":"post_tag","embeddable":true,"href":"https:\/\/mardinhaberyolu.com\/index.php?rest_route=%2Fwp%2Fv2%2Ftags&post=112122"}],"curies":[{"name":"wp","href":"https:\/\/api.w.org\/{rel}","templated":true}]}}