{"id":112113,"date":"2026-01-24T11:52:33","date_gmt":"2026-01-24T11:52:33","guid":{"rendered":"https:\/\/mardinhaberyolu.com\/?p=112113"},"modified":"2026-01-24T11:52:33","modified_gmt":"2026-01-24T11:52:33","slug":"milletvekili-kilic-tbmm-baskani-numan-kurtulmus-ile-bir-araya-geldi","status":"publish","type":"post","link":"https:\/\/mardinhaberyolu.com\/?p=112113","title":{"rendered":"Milletvekili K\u0131l\u0131\u00e7 TBMM Ba\u015fkan\u0131 Numan Kurtulmu\u015f \u0130le Bir Araya Geldi"},"content":{"rendered":"<p>AK Parti Mardin Milletvekili Faruk K\u0131l\u0131\u00e7, TBMM Ba\u015fkan\u0131 Prof. Dr. Numan Kurtulmu\u015f\u2019u makam\u0131nda ziyaret ederek Mardin yerelini kapsayan detayl\u0131 bilgiler ile birlikte toplumsal huzuru ve kalk\u0131nd\u0131rmay\u0131 yak\u0131ndan ilgilendiren kapsaml\u0131 bir rapor sundu.<br \/>\nMilletvekili K\u0131l\u0131\u00e7 ger\u00e7ekle\u015ftirmi\u015f oldu\u011fu ziyarete ili\u015fkin yapt\u0131\u011f\u0131 a\u00e7\u0131klamalarda, \u201cTBMM Ba\u015fkan\u0131m\u0131z Say\u0131n Prof. Dr. Numan Kurtulmu\u015f\u2019a \u00f6ncelikle bizlere ve b\u00f6lgemize g\u00f6stermi\u015f olduklar\u0131 \u00f6zveriden dolay\u0131 te\u015fekk\u00fcr ediyorum. Ger\u00e7ekle\u015ftirdi\u011fimiz g\u00f6r\u00fc\u015fmede kadim karde\u015fli\u011fimizi peki\u015ftirmek amac\u0131yla y\u00fcr\u00fctt\u00fc\u011f\u00fcm\u00fcz saha \u00e7al\u0131\u015fmalar\u0131m\u0131z\u0131 ve b\u00f6lgemizi yak\u0131ndan ilgilendiren kapsaml\u0131 raporu kendilerine arz ettik. Samimi bir ortamda ger\u00e7ekle\u015fen g\u00f6r\u00fc\u015fmede illerimizde zaman zaman geni\u015f kat\u0131l\u0131ml\u0131 olarak ger\u00e7ekle\u015ftirdi\u011fimiz esnaf, STK ve halk bulu\u015fmalar\u0131ndan elde etti\u011fimiz verileri i\u00e7eren raporumuzu payla\u015ft\u0131k.\u201d<br \/>\nBizler ac\u0131s\u0131 da, sevinci de, bayra\u011f\u0131 da bir olan b\u00fcy\u00fck bir aileyiz<br \/>\n\u201cB\u00f6lge insan\u0131m\u0131z\u0131n onurunu, k\u00fclt\u00fcrel dokusunu ve toplumsal de\u011ferlerini g\u00f6zeterek olas\u0131 sorunlara ili\u015fkin \u00e7\u00f6z\u00fcm \u00f6nerilerimizi sunduk. T\u00fcrk ve K\u00fcrt halklar\u0131n\u0131n bin y\u0131ll\u0131k etle t\u0131rnak ba\u011f\u0131n\u0131n, her t\u00fcrl\u00fc siyasi m\u00fclahazan\u0131n \u00fczerinde oldu\u011funu vurgulad\u0131k. Bu sars\u0131lmaz birlikteli\u011fin ilelebet devam edebilmesi i\u00e7in sorun kim ya da ne olursa olsun asla taviz verilmemesi gerekti\u011fini vurgulayarak tarihi ba\u011flar\u0131n \u00f6nemine dikkat \u00e7ektik. \u00dclkemiz ile birlikte \u00f6zellikle b\u00f6lgemizin dinamikli\u011fini daha canl\u0131 tutmak ve birlikteli\u011fimizin zedelememesi i\u00e7in ayr\u0131\u015ft\u0131r\u0131c\u0131 s\u00f6ylemlerden ka\u00e7\u0131narak, \u015fefkati, adaleti ve hakkaniyeti esas alan bir karde\u015flik dilinin h\u00e2kim k\u0131l\u0131nmas\u0131 gereklili\u011fini isti\u015fare ettik. Toplumsal huzurumuzu g\u00fc\u00e7lendirmek ve birli\u011fimize sahip \u00e7\u0131kmak ad\u0131na var g\u00fcc\u00fcm\u00fczle \u00e7al\u0131\u015fmaya devam edece\u011fimizi ifade ettik. Bizler t\u00fcm \u00fclke olarak ac\u0131s\u0131 da, sevinci de, bayra\u011f\u0131 da bir olan b\u00fcy\u00fck bir aileyiz, diyerek g\u00f6r\u00fc\u015fmemizi tamamlad\u0131k. Bu ba\u011flamda misafirperverlikleri ve milli dayan\u0131\u015fma s\u00fcrecine verdikleri k\u0131ymetli destekleri i\u00e7in Say\u0131n Ba\u015fkan\u0131m\u0131za bir kez daha \u015f\u00fckranlar\u0131m\u0131 sunuyorum.\u201d<\/p>\n","protected":false},"excerpt":{"rendered":"<p>AK Parti Mardin Milletvekili Faruk K\u0131l\u0131\u00e7, \u201cTBMM Ba\u015fkan\u0131m\u0131z Say\u0131n Prof. Dr. Numan Kurtulmu\u015f\u2019u makam\u0131nda ziyaret ederek, \u00fclkemizin birli\u011fi ve toplumsal huzurumuzun teminat\u0131 olan &#8220;Milli Dayan\u0131\u015fma, Karde\u015flik ve Demokrasi S\u00fcreci&#8221; \u00fczerine verimli bir isti\u015fare ger\u00e7ekle\u015ftirdik.\u201d<\/p>\n","protected":false},"author":1,"featured_media":112114,"comment_status":"open","ping_status":"open","sticky":false,"template":"","format":"standard","meta":{"footnotes":""},"categories":[4,9,8,30],"tags":[],"class_list":["post-112113","post","type-post","status-publish","format-standard","has-post-thumbnail","hentry","category-manset","category-mardin","category-politika","category-ust-manset"],"_links":{"self":[{"href":"https:\/\/mardinhaberyolu.com\/index.php?rest_route=\/wp\/v2\/posts\/112113","targetHints":{"allow":["GET"]}}],"collection":[{"href":"https:\/\/mardinhaberyolu.com\/index.php?rest_route=\/wp\/v2\/posts"}],"about":[{"href":"https:\/\/mardinhaberyolu.com\/index.php?rest_route=\/wp\/v2\/types\/post"}],"author":[{"embeddable":true,"href":"https:\/\/mardinhaberyolu.com\/index.php?rest_route=\/wp\/v2\/users\/1"}],"replies":[{"embeddable":true,"href":"https:\/\/mardinhaberyolu.com\/index.php?rest_route=%2Fwp%2Fv2%2Fcomments&post=112113"}],"version-history":[{"count":1,"href":"https:\/\/mardinhaberyolu.com\/index.php?rest_route=\/wp\/v2\/posts\/112113\/revisions"}],"predecessor-version":[{"id":112115,"href":"https:\/\/mardinhaberyolu.com\/index.php?rest_route=\/wp\/v2\/posts\/112113\/revisions\/112115"}],"wp:featuredmedia":[{"embeddable":true,"href":"https:\/\/mardinhaberyolu.com\/index.php?rest_route=\/wp\/v2\/media\/112114"}],"wp:attachment":[{"href":"https:\/\/mardinhaberyolu.com\/index.php?rest_route=%2Fwp%2Fv2%2Fmedia&parent=112113"}],"wp:term":[{"taxonomy":"category","embeddable":true,"href":"https:\/\/mardinhaberyolu.com\/index.php?rest_route=%2Fwp%2Fv2%2Fcategories&post=112113"},{"taxonomy":"post_tag","embeddable":true,"href":"https:\/\/mardinhaberyolu.com\/index.php?rest_route=%2Fwp%2Fv2%2Ftags&post=112113"}],"curies":[{"name":"wp","href":"https:\/\/api.w.org\/{rel}","templated":true}]}}