{"id":112059,"date":"2026-01-20T11:43:41","date_gmt":"2026-01-20T11:43:41","guid":{"rendered":"https:\/\/mardinhaberyolu.com\/?p=112059"},"modified":"2026-01-20T11:43:41","modified_gmt":"2026-01-20T11:43:41","slug":"icme-suyu-calismalari-nedeniyle-ptt-283-cadde-ve-9-cadde-kademli-olarak-trafige-kapatilacak","status":"publish","type":"post","link":"https:\/\/mardinhaberyolu.com\/?p=112059","title":{"rendered":"\u0130\u00e7me Suyu \u00c7al\u0131\u015fmalar\u0131 Nedeniyle PTT 283.Cadde ve 9.Cadde Kademli Olarak Trafi\u011fe Kapat\u0131lacak"},"content":{"rendered":"<p>Artuklu il\u00e7esinin i\u00e7me suyu altyap\u0131s\u0131n\u0131 modernize etmek, su temin kapasitesini art\u0131rarak kesintisiz i\u00e7me suyu sa\u011flamak hedefiyle s\u00fcrd\u00fcr\u00fclen \u201cMardin \u0130\u00e7me Suyu Projesi\u201d, \u00e7al\u0131\u015fmalar\u0131n en kritik a\u015famalar\u0131ndan biri olan yatay ge\u00e7i\u015f hatt\u0131ndan ana borular\u0131n ge\u00e7irilmesiyle devam edecek.<\/p>\n<p>Y\u00fcr\u00fct\u00fclecek \u00e7al\u0131\u015fmalar kapsam\u0131nda, Mardian AVM ile 15 Temmuz Demokrasi ve \u015eehitler Park\u0131 b\u00f6lgesinde daha \u00f6nce d\u00f6\u015fenen i\u00e7me suyu borular\u0131n\u0131n d\u0131\u015f korumas\u0131n\u0131 sa\u011flayacak \u00e7elik te\u00e7hiz borusu i\u00e7erisinden, yakla\u015f\u0131k 120 metre uzunlu\u011funda 800 ve 600 milimetre \u00e7ap\u0131ndaki ana i\u00e7me suyu borular\u0131n\u0131n ge\u00e7i\u015fi ger\u00e7ekle\u015ftirilecek.<br \/>\nTrafik ve yaya g\u00fcvenli\u011fini sa\u011flamak amac\u0131yla \u00e7al\u0131\u015fmalar nedeniyle 9.Cadde ve PTT 283.Cadde 21 Ocak 2026 Tarihinde kademeli olarak trafi\u011fe kapat\u0131lacak.<\/p>\n<p>MARSU Genel M\u00fcd\u00fcrl\u00fc\u011f\u00fcnden yap\u0131lan a\u00e7\u0131klamada, ula\u015f\u0131mda aksama ya\u015fanmamas\u0131 amac\u0131yla trafik ak\u0131\u015f\u0131n\u0131n, alternatif g\u00fczergah olarak belirlenen K\u00fclt\u00fcr Caddesi ile 10. Cadde \u00fczerinden sa\u011flanaca\u011f\u0131 belirtildi.<\/p>\n<p>A\u00e7\u0131klamada, s\u00fcr\u00fcc\u00fclerin y\u00f6nlendirme levhalar\u0131 ve trafik i\u015faretlerine dikkat etmeleri gerekti\u011fi vurgulan\u0131rken, \u00e7al\u0131\u015fmalar\u0131n aksamamas\u0131 i\u00e7in alternatif g\u00fczergahlar ile \u00e7al\u0131\u015fmalar\u0131n yap\u0131laca\u011f\u0131 caddelerde ara\u00e7 park\u0131 yap\u0131lmamas\u0131n\u0131n b\u00fcy\u00fck \u00f6nem ta\u015f\u0131d\u0131\u011f\u0131 ifade edildi.<\/p>\n<p>Haber Merkezi<\/p>\n","protected":false},"excerpt":{"rendered":"<p>Mardin B\u00fcy\u00fck\u015fehir Belediyesi Su ve Kanalizasyon \u0130daresi (MARSU), y\u00fcr\u00fct\u00fclen \u201cMardin \u0130\u00e7me Suyu Projesi\u201d kapsam\u0131nda yap\u0131lacak yatay ge\u00e7i\u015f ana hat d\u00f6\u015feme \u00e7al\u0131\u015fmalar\u0131 nedeniyle PTT 283. Cadde ile 9. Cadde\u2019nin kademeli olarak trafi\u011fe kapat\u0131laca\u011f\u0131n\u0131 duyurdu.<\/p>\n","protected":false},"author":1,"featured_media":112060,"comment_status":"open","ping_status":"open","sticky":false,"template":"","format":"standard","meta":{"footnotes":""},"categories":[3,4,9,18],"tags":[],"class_list":["post-112059","post","type-post","status-publish","format-standard","has-post-thumbnail","hentry","category-guncel","category-manset","category-mardin","category-toplumsal-yasam-gundem"],"_links":{"self":[{"href":"https:\/\/mardinhaberyolu.com\/index.php?rest_route=\/wp\/v2\/posts\/112059","targetHints":{"allow":["GET"]}}],"collection":[{"href":"https:\/\/mardinhaberyolu.com\/index.php?rest_route=\/wp\/v2\/posts"}],"about":[{"href":"https:\/\/mardinhaberyolu.com\/index.php?rest_route=\/wp\/v2\/types\/post"}],"author":[{"embeddable":true,"href":"https:\/\/mardinhaberyolu.com\/index.php?rest_route=\/wp\/v2\/users\/1"}],"replies":[{"embeddable":true,"href":"https:\/\/mardinhaberyolu.com\/index.php?rest_route=%2Fwp%2Fv2%2Fcomments&post=112059"}],"version-history":[{"count":1,"href":"https:\/\/mardinhaberyolu.com\/index.php?rest_route=\/wp\/v2\/posts\/112059\/revisions"}],"predecessor-version":[{"id":112061,"href":"https:\/\/mardinhaberyolu.com\/index.php?rest_route=\/wp\/v2\/posts\/112059\/revisions\/112061"}],"wp:featuredmedia":[{"embeddable":true,"href":"https:\/\/mardinhaberyolu.com\/index.php?rest_route=\/wp\/v2\/media\/112060"}],"wp:attachment":[{"href":"https:\/\/mardinhaberyolu.com\/index.php?rest_route=%2Fwp%2Fv2%2Fmedia&parent=112059"}],"wp:term":[{"taxonomy":"category","embeddable":true,"href":"https:\/\/mardinhaberyolu.com\/index.php?rest_route=%2Fwp%2Fv2%2Fcategories&post=112059"},{"taxonomy":"post_tag","embeddable":true,"href":"https:\/\/mardinhaberyolu.com\/index.php?rest_route=%2Fwp%2Fv2%2Ftags&post=112059"}],"curies":[{"name":"wp","href":"https:\/\/api.w.org\/{rel}","templated":true}]}}