{"id":112048,"date":"2026-01-18T12:12:01","date_gmt":"2026-01-18T12:12:01","guid":{"rendered":"https:\/\/mardinhaberyolu.com\/?p=112048"},"modified":"2026-01-18T12:12:01","modified_gmt":"2026-01-18T12:12:01","slug":"mardin-1969-spor-ankarada-farkli-kazandi","status":"publish","type":"post","link":"https:\/\/mardinhaberyolu.com\/?p=112048","title":{"rendered":"Mardin 1969 Spor Ankara\u2019da Farkl\u0131 Kazand\u0131"},"content":{"rendered":"<p>TFF 2. Lig K\u0131rm\u0131z\u0131 Grup\u2019ta 19. hafta m\u00fccadelesinde Mardin 1969 Spor, deplasmanda Ankara Demirspor\u2019a konuk oldu. Kar\u015f\u0131la\u015fmaya etkili ba\u015flayan Mardin temsilcisi, ilk yar\u0131da buldu\u011fu gollerle \u00fcst\u00fcnl\u00fc\u011f\u00fc ele ge\u00e7irdi.<br \/>\nMa\u00e7\u0131n 12. dakikas\u0131nda M\u00fccahit Can Ak\u00e7ay\u2019\u0131n gol\u00fcyle \u00f6ne ge\u00e7en Mardin 1969 Spor, oyunun kontrol\u00fcn\u00fc elinde tutmaya devam etti. 31. dakikada Mehmet Mani\u015f\u2019in kaydetti\u011fi golle fark\u0131 ikiye \u00e7\u0131karan konuk ekip, ilk yar\u0131y\u0131 2-0 \u00f6nde tamamlad\u0131.<br \/>\n\u0130kinci yar\u0131da da etkili oyununu s\u00fcrd\u00fcren Mardin 1969 Spor, M\u00fccahit Can Ak\u00e7ay\u2019\u0131n bir kez daha sahneye \u00e7\u0131kt\u0131\u011f\u0131 golle skoru 3-0\u2019a ta\u015f\u0131d\u0131. 90 art\u0131 6&#8217;da M\u00fccahit Can Ak\u00e7ay kafa vuru\u015fuyla kendisinin 3. tak\u0131m\u0131n\u0131n 4. gol\u00fcn\u00fc att\u0131. M\u00fcsabakada Mardin 1969 Spor 4-0 \u00f6ne ge\u00e7ti. Kar\u015f\u0131la\u015fma bu skorla sona ererken, Mardin temsilcisi deplasmandan net bir galibiyetle ayr\u0131ld\u0131.<\/p>\n<p><img fetchpriority=\"high\" decoding=\"async\" class=\"alignnone size-medium wp-image-112050\" src=\"https:\/\/mardinhaberyolu.com\/wp-content\/uploads\/2026\/01\/IMG-20260118-WA0029-280x300.jpg\" alt=\"\" width=\"280\" height=\"300\" srcset=\"https:\/\/mardinhaberyolu.com\/wp-content\/uploads\/2026\/01\/IMG-20260118-WA0029-280x300.jpg 280w, https:\/\/mardinhaberyolu.com\/wp-content\/uploads\/2026\/01\/IMG-20260118-WA0029-955x1024.jpg 955w, https:\/\/mardinhaberyolu.com\/wp-content\/uploads\/2026\/01\/IMG-20260118-WA0029-768x823.jpg 768w, https:\/\/mardinhaberyolu.com\/wp-content\/uploads\/2026\/01\/IMG-20260118-WA0029.jpg 1206w\" sizes=\"(max-width: 280px) 100vw, 280px\" \/><\/p>\n<p>Haber Merkezi<\/p>\n","protected":false},"excerpt":{"rendered":"<p>Mardin 1969 Spor, TFF 2. Lig K\u0131rm\u0131z\u0131 Grup\u2019ta deplasmanda kar\u015f\u0131la\u015ft\u0131\u011f\u0131 Ankara Demirspor\u2019u 4-0 ma\u011flup ederek haftay\u0131 \u00fc\u00e7 puanla kapatt\u0131.<\/p>\n","protected":false},"author":1,"featured_media":112049,"comment_status":"open","ping_status":"open","sticky":false,"template":"","format":"standard","meta":{"footnotes":""},"categories":[4,9,7,30],"tags":[],"class_list":["post-112048","post","type-post","status-publish","format-standard","has-post-thumbnail","hentry","category-manset","category-mardin","category-spor","category-ust-manset"],"_links":{"self":[{"href":"https:\/\/mardinhaberyolu.com\/index.php?rest_route=\/wp\/v2\/posts\/112048","targetHints":{"allow":["GET"]}}],"collection":[{"href":"https:\/\/mardinhaberyolu.com\/index.php?rest_route=\/wp\/v2\/posts"}],"about":[{"href":"https:\/\/mardinhaberyolu.com\/index.php?rest_route=\/wp\/v2\/types\/post"}],"author":[{"embeddable":true,"href":"https:\/\/mardinhaberyolu.com\/index.php?rest_route=\/wp\/v2\/users\/1"}],"replies":[{"embeddable":true,"href":"https:\/\/mardinhaberyolu.com\/index.php?rest_route=%2Fwp%2Fv2%2Fcomments&post=112048"}],"version-history":[{"count":1,"href":"https:\/\/mardinhaberyolu.com\/index.php?rest_route=\/wp\/v2\/posts\/112048\/revisions"}],"predecessor-version":[{"id":112051,"href":"https:\/\/mardinhaberyolu.com\/index.php?rest_route=\/wp\/v2\/posts\/112048\/revisions\/112051"}],"wp:featuredmedia":[{"embeddable":true,"href":"https:\/\/mardinhaberyolu.com\/index.php?rest_route=\/wp\/v2\/media\/112049"}],"wp:attachment":[{"href":"https:\/\/mardinhaberyolu.com\/index.php?rest_route=%2Fwp%2Fv2%2Fmedia&parent=112048"}],"wp:term":[{"taxonomy":"category","embeddable":true,"href":"https:\/\/mardinhaberyolu.com\/index.php?rest_route=%2Fwp%2Fv2%2Fcategories&post=112048"},{"taxonomy":"post_tag","embeddable":true,"href":"https:\/\/mardinhaberyolu.com\/index.php?rest_route=%2Fwp%2Fv2%2Ftags&post=112048"}],"curies":[{"name":"wp","href":"https:\/\/api.w.org\/{rel}","templated":true}]}}