{"id":112034,"date":"2026-01-16T16:26:06","date_gmt":"2026-01-16T16:26:06","guid":{"rendered":"https:\/\/mardinhaberyolu.com\/?p=112034"},"modified":"2026-01-16T16:26:06","modified_gmt":"2026-01-16T16:26:06","slug":"zeytinli-mahallesi-sifir-atik-koyu-olma-yolunda-ilerliyor","status":"publish","type":"post","link":"https:\/\/mardinhaberyolu.com\/?p=112034","title":{"rendered":"ZEYT\u0130NL\u0130 MAHALLES\u0130 \u201cSIFIR ATIK K\u00d6Y\u00dc\u201d OLMA YOLUNDA \u0130LERL\u0130YOR"},"content":{"rendered":"<p>Ye\u015filli il\u00e7esine ba\u011fl\u0131 Zeytinli Mahallesinde uygulanan projede; s\u0131f\u0131r at\u0131k y\u00f6netimi, yenilenebilir enerji ve \u00e7evre bilincini esas alan b\u00fct\u00fcnc\u00fcl bir yakla\u015f\u0131m benimseniyor. K\u0131rsal kalk\u0131nmay\u0131 desteklemeyi ama\u00e7layan proje, Avrupa Birli\u011fi Hibe Program\u0131\u2019na ba\u015fvurusu yap\u0131lan ve \u00c7evre, \u015eehircilik ve \u0130klim De\u011fi\u015fikli\u011fi Bakanl\u0131\u011f\u0131 \u00c7evre Ajans\u0131 taraf\u0131ndan desteklenen, 18 ay s\u00fcrecek kapsaml\u0131 bir \u00e7evre ve kalk\u0131nma giri\u015fimi olarak y\u00fcr\u00fct\u00fcl\u00fcyor.<\/p>\n<p>Proje kapsam\u0131nda Mardin B\u00fcy\u00fck\u015fehir Belediyesi \u0130klim De\u011fi\u015fikli\u011fi ve S\u0131f\u0131r At\u0131k Daire Ba\u015fkanl\u0131\u011f\u0131 ile Tar\u0131msal Hizmetler Daire Ba\u015fkanl\u0131\u011f\u0131 i\u015f birli\u011finde Zeytinli Mahallesinde 800 adet zeytin fidan\u0131 mahalle sakinlerine da\u011f\u0131t\u0131ld\u0131. Fidanlar; evlerin bah\u00e7eleri, okul, taziye evi ve cami avlular\u0131 ile mezarl\u0131k alanlar\u0131 gibi ortak kullan\u0131m alanlar\u0131na dikildi. Bu uygulamayla ye\u015fil alanlar\u0131n art\u0131r\u0131lmas\u0131, tar\u0131msal \u00fcretimin desteklenmesi ve \u00e7evre bilincinin g\u00fc\u00e7lendirilmesi hedefleniyor.<\/p>\n<p>\u0130klim De\u011fi\u015fikli\u011fi ve S\u0131f\u0131r At\u0131k Daire Ba\u015fkanl\u0131\u011f\u0131 taraf\u0131ndan y\u00fcr\u00fct\u00fclen proje ile k\u0131rsalda s\u0131f\u0131r at\u0131k y\u00f6netim modelinin kurulmas\u0131, yerel payda\u015flar\u0131n kapasitesinin art\u0131r\u0131lmas\u0131 ve kad\u0131nlar ile gen\u00e7lerin \u00fcretim s\u00fcre\u00e7lerine aktif kat\u0131l\u0131m\u0131n\u0131n sa\u011flanmas\u0131 ama\u00e7lan\u0131yor.<\/p>\n<p>Zeytinli S\u0131f\u0131r At\u0131k K\u00f6y\u00fc Projesi; yenilenebilir enerji destekli pilot uygulamalar, e\u011fitim ve fark\u0131ndal\u0131k \u00e7al\u0131\u015fmalar\u0131, at\u0131ktan \u00fcretime y\u00f6nelik sosyal giri\u015fimcilik faaliyetleri ve ya\u011fmur suyu hasad\u0131 sistemleri ile Mardin k\u0131rsal\u0131nda s\u00fcrd\u00fcr\u00fclebilir \u00fcretim ve ye\u015fil d\u00f6n\u00fc\u015f\u00fcm\u00fcn \u00f6nc\u00fcs\u00fc olmay\u0131 hedefliyor.<\/p>\n<p>Projenin tamamlanmas\u0131yla birlikte Zeytinli Mahallesinin, T\u00fcrkiye\u2019nin \u00f6rnek S\u0131f\u0131r At\u0131k K\u00f6yleri aras\u0131nda yer almas\u0131 ama\u00e7lan\u0131yor.<\/p>\n<p>Mardin Haberyolu<\/p>\n","protected":false},"excerpt":{"rendered":"<p>Mardin B\u00fcy\u00fck\u015fehir Belediyesi taraf\u0131ndan hayata ge\u00e7irilen Zeytinli S\u0131f\u0131r At\u0131k K\u00f6y\u00fc Projesi, \u00e7evresel s\u00fcrd\u00fcr\u00fclebilirlik ve ye\u015fil d\u00f6n\u00fc\u015f\u00fcm hedefleri do\u011frultusunda \u00f6nemli ad\u0131mlarla ilerliyor.<\/p>\n","protected":false},"author":1,"featured_media":112035,"comment_status":"open","ping_status":"open","sticky":false,"template":"","format":"standard","meta":{"footnotes":""},"categories":[3,4,9,18,30],"tags":[],"class_list":["post-112034","post","type-post","status-publish","format-standard","has-post-thumbnail","hentry","category-guncel","category-manset","category-mardin","category-toplumsal-yasam-gundem","category-ust-manset"],"_links":{"self":[{"href":"https:\/\/mardinhaberyolu.com\/index.php?rest_route=\/wp\/v2\/posts\/112034","targetHints":{"allow":["GET"]}}],"collection":[{"href":"https:\/\/mardinhaberyolu.com\/index.php?rest_route=\/wp\/v2\/posts"}],"about":[{"href":"https:\/\/mardinhaberyolu.com\/index.php?rest_route=\/wp\/v2\/types\/post"}],"author":[{"embeddable":true,"href":"https:\/\/mardinhaberyolu.com\/index.php?rest_route=\/wp\/v2\/users\/1"}],"replies":[{"embeddable":true,"href":"https:\/\/mardinhaberyolu.com\/index.php?rest_route=%2Fwp%2Fv2%2Fcomments&post=112034"}],"version-history":[{"count":1,"href":"https:\/\/mardinhaberyolu.com\/index.php?rest_route=\/wp\/v2\/posts\/112034\/revisions"}],"predecessor-version":[{"id":112036,"href":"https:\/\/mardinhaberyolu.com\/index.php?rest_route=\/wp\/v2\/posts\/112034\/revisions\/112036"}],"wp:featuredmedia":[{"embeddable":true,"href":"https:\/\/mardinhaberyolu.com\/index.php?rest_route=\/wp\/v2\/media\/112035"}],"wp:attachment":[{"href":"https:\/\/mardinhaberyolu.com\/index.php?rest_route=%2Fwp%2Fv2%2Fmedia&parent=112034"}],"wp:term":[{"taxonomy":"category","embeddable":true,"href":"https:\/\/mardinhaberyolu.com\/index.php?rest_route=%2Fwp%2Fv2%2Fcategories&post=112034"},{"taxonomy":"post_tag","embeddable":true,"href":"https:\/\/mardinhaberyolu.com\/index.php?rest_route=%2Fwp%2Fv2%2Ftags&post=112034"}],"curies":[{"name":"wp","href":"https:\/\/api.w.org\/{rel}","templated":true}]}}