{"id":112017,"date":"2026-01-14T16:20:00","date_gmt":"2026-01-14T16:20:00","guid":{"rendered":"https:\/\/mardinhaberyolu.com\/?p=112017"},"modified":"2026-01-14T16:58:50","modified_gmt":"2026-01-14T16:58:50","slug":"kiziltepede-eski-muhtar-ve-oglu-bir-gun-arayla-vefat-etti","status":"publish","type":"post","link":"https:\/\/mardinhaberyolu.com\/?p=112017","title":{"rendered":"K\u0131z\u0131ltepe&#8217;de Eski Muhtar ve O\u011flu Bir G\u00fcn Arayla Vefat Etti"},"content":{"rendered":"<p>Baba Mehmet \u00c7i\u00e7ek, tedavi g\u00f6rd\u00fc\u011f\u00fc K\u0131z\u0131ltepe Devlet Hastanesi\u2019nde d\u00fcn ak\u015fam saatlerinde hayat\u0131n\u0131 kaybetti. O\u011flu Mahmut \u00c7i\u00e7ek ise bug\u00fcn Mardin E\u011fitim ve Ara\u015ft\u0131rma Hastanesi\u2019nde verdi\u011fi ya\u015fam m\u00fccadelesini kaybederek vefat etti.<\/p>\n<p>\u0130lk \u00f6l\u00fcm\u00fcn ac\u0131s\u0131n\u0131 hen\u00fcz ya\u015fayan \u00c7i\u00e7ek ailesi, bir g\u00fcn arayla gelen ikinci ac\u0131 haberle adeta yasa bo\u011fuldu.<\/p>\n<p>K\u0131z\u0131ltepe il\u00e7esinde ikamet eden, eski Bah\u00e7elievler Mahallesi Muhtar\u0131 Mehmet \u00c7i\u00e7ek ile o\u011flu Mahmut \u00c7i\u00e7ek, ge\u00e7irdikleri beyin kanamas\u0131 nedeniyle bir s\u00fcredir tedavi alt\u0131nda tutulduklar\u0131 hastanelerde bir g\u00fcn arayla vefat ettiler.<\/p>\n<p>Baba Mehmet \u00c7i\u00e7ek, tedavi g\u00f6rd\u00fc\u011f\u00fc K\u0131z\u0131ltepe Devlet Hastanesi\u2019nde d\u00fcn ak\u015fam saatlerinde hayat\u0131n\u0131 kaybetti. O\u011flu Mahmut \u00c7i\u00e7ek ise bug\u00fcn Mardin E\u011fitim ve Ara\u015ft\u0131rma Hastanesi\u2019nde verdi\u011fi ya\u015fam m\u00fccadelesini kaybederek vefat etti.<\/p>\n<p>\u0130lk \u00f6l\u00fcm\u00fcn ac\u0131s\u0131n\u0131 hen\u00fcz ya\u015fayan \u00c7i\u00e7ek ailesi, bir g\u00fcn arayla gelen ikinci ac\u0131 haberle adeta yasa bo\u011fuldu.<\/p>\n<p>Erban\u00ee \/ Beloy\u00ee \/ Mala Caz\u00ea<\/p>\n<p>\u0130rtibat Telefonlar\u0131:<br \/>\nKarde\u015fi Enver \u00c7i\u00e7ek \u2013 0541 778 91 43<br \/>\nKarde\u015fi Nimet \u00c7i\u00e7ek \u2013 0544 777 91 43<br \/>\nKarde\u015fi Abdullah \u00c7i\u00e7ek \u2013 0544 294 91 90<br \/>\nAmcao\u011flu Hac\u0131 \u00c7i\u00e7ek \u2013 0531 888 49 68<\/p>\n<p>Taziye Yeri:<br \/>\nH\u00fcseyin Sa\u011flam Taziye Evi<br \/>\n(Hz. Ali Camii yan\u0131, F\u0131rat Mahallesi)<\/p>\n<p>Taziye G\u00fcnleri:<br \/>\n14 \u2013 15 \u2013 16 Ocak 2026<\/p>\n","protected":false},"excerpt":{"rendered":"<p>K\u0131z\u0131ltepe il\u00e7esinde ikamet eden, eski Bah\u00e7elievler Mahallesi Muhtar\u0131 Mehmet \u00c7i\u00e7ek ile o\u011flu Mahmut \u00c7i\u00e7ek, ge\u00e7irdikleri beyin kanamas\u0131 nedeniyle bir s\u00fcredir tedavi alt\u0131nda tutulduklar\u0131 hastanelerde bir g\u00fcn arayla vefat ettiler.<\/p>\n","protected":false},"author":1,"featured_media":112020,"comment_status":"open","ping_status":"open","sticky":false,"template":"","format":"standard","meta":{"footnotes":""},"categories":[3,2,4,18],"tags":[],"class_list":["post-112017","post","type-post","status-publish","format-standard","has-post-thumbnail","hentry","category-guncel","category-kiziltepe","category-manset","category-toplumsal-yasam-gundem"],"_links":{"self":[{"href":"https:\/\/mardinhaberyolu.com\/index.php?rest_route=\/wp\/v2\/posts\/112017","targetHints":{"allow":["GET"]}}],"collection":[{"href":"https:\/\/mardinhaberyolu.com\/index.php?rest_route=\/wp\/v2\/posts"}],"about":[{"href":"https:\/\/mardinhaberyolu.com\/index.php?rest_route=\/wp\/v2\/types\/post"}],"author":[{"embeddable":true,"href":"https:\/\/mardinhaberyolu.com\/index.php?rest_route=\/wp\/v2\/users\/1"}],"replies":[{"embeddable":true,"href":"https:\/\/mardinhaberyolu.com\/index.php?rest_route=%2Fwp%2Fv2%2Fcomments&post=112017"}],"version-history":[{"count":1,"href":"https:\/\/mardinhaberyolu.com\/index.php?rest_route=\/wp\/v2\/posts\/112017\/revisions"}],"predecessor-version":[{"id":112018,"href":"https:\/\/mardinhaberyolu.com\/index.php?rest_route=\/wp\/v2\/posts\/112017\/revisions\/112018"}],"wp:featuredmedia":[{"embeddable":true,"href":"https:\/\/mardinhaberyolu.com\/index.php?rest_route=\/wp\/v2\/media\/112020"}],"wp:attachment":[{"href":"https:\/\/mardinhaberyolu.com\/index.php?rest_route=%2Fwp%2Fv2%2Fmedia&parent=112017"}],"wp:term":[{"taxonomy":"category","embeddable":true,"href":"https:\/\/mardinhaberyolu.com\/index.php?rest_route=%2Fwp%2Fv2%2Fcategories&post=112017"},{"taxonomy":"post_tag","embeddable":true,"href":"https:\/\/mardinhaberyolu.com\/index.php?rest_route=%2Fwp%2Fv2%2Ftags&post=112017"}],"curies":[{"name":"wp","href":"https:\/\/api.w.org\/{rel}","templated":true}]}}