{"id":112010,"date":"2026-01-14T05:23:22","date_gmt":"2026-01-14T05:23:22","guid":{"rendered":"https:\/\/mardinhaberyolu.com\/?p=112010"},"modified":"2026-01-14T05:23:22","modified_gmt":"2026-01-14T05:23:22","slug":"mardinde-kar-yagisi-yeniden-etkili-oldu-artuklu-belediyesi-ekipleri-sahada","status":"publish","type":"post","link":"https:\/\/mardinhaberyolu.com\/?p=112010","title":{"rendered":"Mardin\u2019de Kar Ya\u011f\u0131\u015f\u0131 Yeniden Etkili Oldu: Artuklu Belediyesi Ekipleri Sahada!"},"content":{"rendered":"<p>Meteoroloji Genel M\u00fcd\u00fcrl\u00fc\u011f\u00fc\u2019n\u00fcn uyar\u0131lar\u0131 do\u011frultusunda \u00f6nceden haz\u0131rl\u0131klar\u0131n\u0131 tamamlayan ekipler, olas\u0131 olumsuzluklara kar\u015f\u0131 haz\u0131rda bekledi.<\/p>\n<p>Gece saatlerinde etkisini art\u0131ran kar ya\u011f\u0131\u015f\u0131yla birlikte Artuklu Belediyesi ekipleri kent genelinde e\u015f zamanl\u0131 olarak sahaya \u00e7\u0131kt\u0131.<\/p>\n<p>Kentin d\u00f6rt bir yan\u0131nda cadde ve sokaklarda kar k\u00fcreme ve tuzlama \u00e7al\u0131\u015fmalar\u0131 sabaha kadar aral\u0131ks\u0131z s\u00fcrd\u00fcr\u00fcld\u00fc.<\/p>\n<p>Ula\u015f\u0131mda aksama ya\u015fanmamas\u0131 ve vatanda\u015flar\u0131n g\u00fcvenli\u011finin sa\u011flanmas\u0131 amac\u0131yla \u00f6zellikle yo\u011fun kullan\u0131lan g\u00fczergahlar ve okul \u00e7evrelerine \u00f6ncelik verildi.<\/p>\n<p><img fetchpriority=\"high\" decoding=\"async\" class=\"alignnone size-medium wp-image-112012\" src=\"https:\/\/mardinhaberyolu.com\/wp-content\/uploads\/2026\/01\/el2-300x169.jpg\" alt=\"\" width=\"300\" height=\"169\" srcset=\"https:\/\/mardinhaberyolu.com\/wp-content\/uploads\/2026\/01\/el2-300x169.jpg 300w, https:\/\/mardinhaberyolu.com\/wp-content\/uploads\/2026\/01\/el2-1024x576.jpg 1024w, https:\/\/mardinhaberyolu.com\/wp-content\/uploads\/2026\/01\/el2-768x432.jpg 768w, https:\/\/mardinhaberyolu.com\/wp-content\/uploads\/2026\/01\/el2-1536x864.jpg 1536w, https:\/\/mardinhaberyolu.com\/wp-content\/uploads\/2026\/01\/el2.jpg 2048w\" sizes=\"(max-width: 300px) 100vw, 300px\" \/><\/p>\n<p>B\u00fclten<\/p>\n","protected":false},"excerpt":{"rendered":"<p>Mardin\u2019de yeniden etkisini g\u00f6steren kar ya\u011f\u0131\u015f\u0131yla birlikte, Artuklu Belediyesi ekipleri karla m\u00fccadele \u00e7al\u0131\u015fmalar\u0131 h\u0131z kesmeden devam ediyor.<\/p>\n","protected":false},"author":1,"featured_media":112011,"comment_status":"open","ping_status":"open","sticky":false,"template":"","format":"standard","meta":{"footnotes":""},"categories":[3,4,9,18],"tags":[],"class_list":["post-112010","post","type-post","status-publish","format-standard","has-post-thumbnail","hentry","category-guncel","category-manset","category-mardin","category-toplumsal-yasam-gundem"],"_links":{"self":[{"href":"https:\/\/mardinhaberyolu.com\/index.php?rest_route=\/wp\/v2\/posts\/112010","targetHints":{"allow":["GET"]}}],"collection":[{"href":"https:\/\/mardinhaberyolu.com\/index.php?rest_route=\/wp\/v2\/posts"}],"about":[{"href":"https:\/\/mardinhaberyolu.com\/index.php?rest_route=\/wp\/v2\/types\/post"}],"author":[{"embeddable":true,"href":"https:\/\/mardinhaberyolu.com\/index.php?rest_route=\/wp\/v2\/users\/1"}],"replies":[{"embeddable":true,"href":"https:\/\/mardinhaberyolu.com\/index.php?rest_route=%2Fwp%2Fv2%2Fcomments&post=112010"}],"version-history":[{"count":1,"href":"https:\/\/mardinhaberyolu.com\/index.php?rest_route=\/wp\/v2\/posts\/112010\/revisions"}],"predecessor-version":[{"id":112013,"href":"https:\/\/mardinhaberyolu.com\/index.php?rest_route=\/wp\/v2\/posts\/112010\/revisions\/112013"}],"wp:featuredmedia":[{"embeddable":true,"href":"https:\/\/mardinhaberyolu.com\/index.php?rest_route=\/wp\/v2\/media\/112011"}],"wp:attachment":[{"href":"https:\/\/mardinhaberyolu.com\/index.php?rest_route=%2Fwp%2Fv2%2Fmedia&parent=112010"}],"wp:term":[{"taxonomy":"category","embeddable":true,"href":"https:\/\/mardinhaberyolu.com\/index.php?rest_route=%2Fwp%2Fv2%2Fcategories&post=112010"},{"taxonomy":"post_tag","embeddable":true,"href":"https:\/\/mardinhaberyolu.com\/index.php?rest_route=%2Fwp%2Fv2%2Ftags&post=112010"}],"curies":[{"name":"wp","href":"https:\/\/api.w.org\/{rel}","templated":true}]}}