{"id":112005,"date":"2026-01-13T14:01:39","date_gmt":"2026-01-13T14:01:39","guid":{"rendered":"https:\/\/mardinhaberyolu.com\/?p=112005"},"modified":"2026-01-13T14:01:39","modified_gmt":"2026-01-13T14:01:39","slug":"evlilikte-25-yilini-tamamlayan-ciftler-icin-umre-kurasi-cekiliyor","status":"publish","type":"post","link":"https:\/\/mardinhaberyolu.com\/?p=112005","title":{"rendered":"Evlilikte 25 Y\u0131l\u0131n\u0131 Tamamlayan \u00c7iftler \u0130\u00e7in Umre Kuras\u0131 \u00c7ekiliyor"},"content":{"rendered":"<p>Bu kapsamda, evlilikte 25 y\u0131l\u0131n\u0131 tamamlayan \u00e7iftler aras\u0131ndan belirlenecek 47 \u00e7ift Umre ibadeti i\u00e7in kutsal topraklara u\u011furlanacak.<\/p>\n<p>Mardin B\u00fcy\u00fck\u015fehir Belediyesi Kad\u0131n ve Aile Daire Ba\u015fkanl\u0131\u011f\u0131 taraf\u0131ndan y\u00fcr\u00fct\u00fclen proje \u00e7er\u00e7evesinde, Umreye gidecek \u00e7iftlerin belirlenece\u011fi kura \u00e7ekimi 15 Ocak Per\u015fembe g\u00fcn\u00fc saat 14.00\u2019te, \u0130l Mill\u00ee E\u011fitim M\u00fcd\u00fcrl\u00fc\u011f\u00fc Konferans Salonu\u2019nda ger\u00e7ekle\u015ftirilecek.<\/p>\n<p>Ba\u015fvuru yapan t\u00fcm vatanda\u015flar\u0131n kura \u00e7ekimine davetli oldu\u011funu belirtildi.<\/p>\n<p>Ger\u00e7ekle\u015ftirilecek kura \u00e7ekimiyle birlikte, evliliklerinde 25 y\u0131l\u0131 geride b\u0131rakan 47 \u00e7ift, Mardin B\u00fcy\u00fck\u015fehir Belediyesi\u2019nin destekleriyle Umre ibadetini yerine getirme imk\u00e2n\u0131 bulacak.<\/p>\n<p>Haber Merkezi<\/p>\n","protected":false},"excerpt":{"rendered":"<p>Mardin B\u00fcy\u00fck\u015fehir Belediyesi, 2025 Aile Y\u0131l\u0131 kapsam\u0131nda aile kurumunu g\u00fc\u00e7lendirmeye y\u00f6nelik anlaml\u0131 bir projeyi hayata ge\u00e7iriyor.<\/p>\n","protected":false},"author":1,"featured_media":112006,"comment_status":"open","ping_status":"open","sticky":false,"template":"","format":"standard","meta":{"footnotes":""},"categories":[3,4,9,17,30],"tags":[],"class_list":["post-112005","post","type-post","status-publish","format-standard","has-post-thumbnail","hentry","category-guncel","category-manset","category-mardin","category-toplumsal-yasam","category-ust-manset"],"_links":{"self":[{"href":"https:\/\/mardinhaberyolu.com\/index.php?rest_route=\/wp\/v2\/posts\/112005","targetHints":{"allow":["GET"]}}],"collection":[{"href":"https:\/\/mardinhaberyolu.com\/index.php?rest_route=\/wp\/v2\/posts"}],"about":[{"href":"https:\/\/mardinhaberyolu.com\/index.php?rest_route=\/wp\/v2\/types\/post"}],"author":[{"embeddable":true,"href":"https:\/\/mardinhaberyolu.com\/index.php?rest_route=\/wp\/v2\/users\/1"}],"replies":[{"embeddable":true,"href":"https:\/\/mardinhaberyolu.com\/index.php?rest_route=%2Fwp%2Fv2%2Fcomments&post=112005"}],"version-history":[{"count":1,"href":"https:\/\/mardinhaberyolu.com\/index.php?rest_route=\/wp\/v2\/posts\/112005\/revisions"}],"predecessor-version":[{"id":112007,"href":"https:\/\/mardinhaberyolu.com\/index.php?rest_route=\/wp\/v2\/posts\/112005\/revisions\/112007"}],"wp:featuredmedia":[{"embeddable":true,"href":"https:\/\/mardinhaberyolu.com\/index.php?rest_route=\/wp\/v2\/media\/112006"}],"wp:attachment":[{"href":"https:\/\/mardinhaberyolu.com\/index.php?rest_route=%2Fwp%2Fv2%2Fmedia&parent=112005"}],"wp:term":[{"taxonomy":"category","embeddable":true,"href":"https:\/\/mardinhaberyolu.com\/index.php?rest_route=%2Fwp%2Fv2%2Fcategories&post=112005"},{"taxonomy":"post_tag","embeddable":true,"href":"https:\/\/mardinhaberyolu.com\/index.php?rest_route=%2Fwp%2Fv2%2Ftags&post=112005"}],"curies":[{"name":"wp","href":"https:\/\/api.w.org\/{rel}","templated":true}]}}