{"id":112002,"date":"2026-01-13T08:09:15","date_gmt":"2026-01-13T08:09:15","guid":{"rendered":"https:\/\/mardinhaberyolu.com\/?p=112002"},"modified":"2026-01-13T08:09:15","modified_gmt":"2026-01-13T08:09:15","slug":"mardin-tso-baskani-celik-mardin-ihracatinda-2026-hedefi-gosterdi-surdurulebilirlik-ve-kuresel-rekabet","status":"publish","type":"post","link":"https:\/\/mardinhaberyolu.com\/?p=112002","title":{"rendered":"Mardin TSO Ba\u015fkan\u0131 \u00c7elik Mardin ihracat\u0131nda 2026 hedefi g\u00f6sterdi: S\u00fcrd\u00fcr\u00fclebilirlik ve K\u00fcresel rekabet"},"content":{"rendered":"<p>Mardinli ihracat\u00e7\u0131lar 2025\u2019te 908,4 milyon dolarl\u0131k d\u0131\u015f sat\u0131m ger\u00e7ekle\u015ftirdi. 2024 y\u0131l\u0131na g\u00f6re kentin ihracat rakamlar\u0131 y\u00fczde 10 azal\u0131rken, toplam kay\u0131p miktar\u0131 101 milyon dolar oldu. Irak pazar\u0131na ve hububat, bakliyat, ya\u011fl\u0131 tohumlar sekt\u00f6r\u00fcne y\u00fcksek oranda ba\u011f\u0131ml\u0131 bir ihracat yap\u0131s\u0131na sahip olan Mardin\u2019de alternatif pazar ve sekt\u00f6rel \u00e7e\u015fitlilik sa\u011flamaya y\u00f6nelik giri\u015fimler de art\u0131r\u0131l\u0131yor.<\/p>\n<p>Mardin Ticaret ve Sanayi Odas\u0131 Y\u00f6netim Kurulu Ba\u015fkan\u0131 Hatip \u00c7elik, Irak\u2019ta ya\u015fanan idari, siyasi ve askeri sorunlar ile bu \u00fclkede geli\u015fen yerli \u00fcretim ve sanayi yat\u0131r\u0131mlar\u0131n\u0131n \u00f6zellikle g\u0131da sekt\u00f6r\u00fcndeki ihracat\u0131 olumsuz etkiledi\u011fini s\u00f6yledi. Irak\u2019taki pazar pay\u0131n\u0131n her ge\u00e7en y\u0131l darald\u0131\u011f\u0131na dikkat \u00e7eken Hatip \u00c7elik, \u201cKentimizin d\u0131\u015f ticaret yap\u0131s\u0131n\u0131 \u00e7e\u015fitlendirmek amac\u0131yla ihracat\u00e7\u0131lar\u0131m\u0131z\u0131 Avrupa, Afrika, ABD ve T\u00fcrk Cumhuriyetleri pazarlar\u0131na y\u00f6nlendirmeye y\u00f6nelik projeler y\u00fcr\u00fct\u00fcyoruz. \u0130hracat\u00e7\u0131lar\u0131m\u0131z ge\u00e7ti\u011fimiz y\u0131l 20 \u00fclkeye ilk kez giri\u015f yapt\u0131. \u00d6zellikle yeni a\u00e7\u0131ld\u0131\u011f\u0131m\u0131z Afrika pazar\u0131nda ihracat\u0131m\u0131z h\u0131zl\u0131 bir geli\u015fim g\u00f6stermektedir. Yeni d\u00f6nemde temel hedefimiz, Mardin ihracat\u0131n\u0131 tek pazara ba\u011f\u0131ml\u0131 olmaktan \u00e7\u0131kararak daha dengeli, s\u00fcrd\u00fcr\u00fclebilir ve k\u00fcresel \u00f6l\u00e7ekte rekabet\u00e7i bir yap\u0131ya kavu\u015fturmakt\u0131r. Bu kapsamda g\u0131da sekt\u00f6r\u00fcne y\u00f6nelik bir UR-GE projesini hayata ge\u00e7irdik, in\u015faat sekt\u00f6r\u00fcne y\u00f6nelik ikinci UR-GE projemizin haz\u0131rl\u0131klar\u0131 da h\u0131zla devam etmektedir\u201d dedi.<\/p>\n<p><strong>\u201c\u0130hracat\u00e7\u0131lar\u0131m\u0131z\u0131n s\u00fcrd\u00fcr\u00fclebilirlik proje fark\u0131ndal\u0131\u011f\u0131 art\u0131r\u0131lmal\u0131\u201d <\/strong><\/p>\n<p>Mardin\u2019in ihracattaki rekabet g\u00fcc\u00fcn\u00fc art\u0131rmak i\u00e7in s\u00fcrd\u00fcr\u00fclebilir \u00fcretim yat\u0131r\u0131mlar\u0131n\u0131n gelecek d\u00f6nem i\u00e7in en stratejik projeler oldu\u011funu vurgulayan Ba\u015fkan \u00c7elik, \u201c\u00d6ncelikle \u00fcretim s\u00fcre\u00e7lerinde yenilenebilir enerji kaynaklar\u0131n\u0131n kullan\u0131m\u0131 yayg\u0131nla\u015ft\u0131rmam\u0131z, sanayicilerimizin bu alandaki fark\u0131ndal\u0131klar\u0131n\u0131 art\u0131rmam\u0131z gerekiyor. Kentimizin uzun g\u00fcne\u015flenme s\u00fcresi nedeniyle bu alanda \u00f6nemli bir f\u0131rsat sa\u011fl\u0131yor. Yenilenebilir enerji sadece maliyetleri d\u00fc\u015f\u00fcrmekle kalmaz, ayn\u0131 zamanda firmalar\u0131m\u0131z\u0131n \u00e7evre dostu \u00fcretim imaj\u0131n\u0131 g\u00fc\u00e7lendirerek markala\u015fmalar\u0131na \u00f6nemli katk\u0131 sa\u011flar. Bunun yan\u0131nda robot teknolojileri ve otomasyon yat\u0131r\u0131mlar\u0131, verimlili\u011fi art\u0131rarak k\u00fcresel pazarlarda kalite ve h\u0131z a\u00e7\u0131s\u0131ndan avantaj yarat\u0131r. \u0130hracat\u00e7\u0131lar\u0131m\u0131z\u0131n yaln\u0131zca ham maddeye dayal\u0131 de\u011fil, katma de\u011ferli \u00fcr\u00fcn \u00fcretimine y\u00f6nelmesi, markala\u015fma ve y\u00fcksek gelirli pazarlara eri\u015fim i\u00e7in kritik bir ad\u0131m olaca\u011f\u0131na inan\u0131yoruz. Ayr\u0131ca Irak\u2019a ba\u011f\u0131ml\u0131 yap\u0131y\u0131 azaltmak amac\u0131yla firmalar\u0131m\u0131z\u0131n d\u0131\u015f ticaret birimlerinin alternatif pazar aray\u0131\u015flar\u0131 h\u0131zland\u0131r\u0131lmal\u0131; Afrika, Avrupa ve Amerika gibi yeni pazarlarda kal\u0131c\u0131 bir varl\u0131k olu\u015fturulmal\u0131d\u0131r. Bu stratejik ad\u0131mlar bir araya geldi\u011finde Mardin ihracat\u0131 daha dengeli, s\u00fcrd\u00fcr\u00fclebilir ve k\u00fcresel \u00f6l\u00e7ekte rekabet\u00e7i bir yap\u0131ya kavu\u015facakt\u0131r\u201d diye konu\u015ftu.<\/p>\n<p><strong>2025\u2019in \u00f6nc\u00fc sekt\u00f6rleri otomotiv ve kimya oldu<\/strong><\/p>\n<p>Mardinli ihracat\u00e7\u0131lar\u0131n sekt\u00f6r bazl\u0131 2025 y\u0131l\u0131 ihracat performans\u0131n\u0131 ele alan Hatip \u00c7elik, kentin lokomotif sekt\u00f6r\u00fc olan hububat, bakliyat, ya\u011fl\u0131 tohumlar ve mamulleri ihracat\u0131ndaki gerilemenin s\u00fcrd\u00fc\u011f\u00fcn\u00fc belirtti. Bu sekt\u00f6r\u00fcn 2025 y\u0131l\u0131 ihracat\u0131n\u0131n bir \u00f6nceki y\u0131la oranla y\u00fczde 21,4 azalarak 372,6 milyon dolara geriledi\u011fini kaydeden \u00c7elik, \u201cLokomotif pazar\u0131m\u0131z Irak\u2019ta temel g\u0131da \u00fcretimi alan\u0131nda ya\u015fanan yeni sanayi yat\u0131r\u0131mlar\u0131 ihracat\u00e7\u0131lar\u0131m\u0131z\u0131n pay\u0131n\u0131 d\u00fc\u015f\u00fcrmeye devam ediyor. Ayr\u0131ca g\u00fcmr\u00fck s\u00fcre\u00e7lerine getirilen ek vergiler ve yeni antidamping uygulamalar\u0131 firmalar\u0131m\u0131z\u0131n rekabet g\u00fcc\u00fcn\u00fc olumsuz etkiliyor. \u0130kinci lokomotif sekt\u00f6r\u00fcm\u00fcz olan mobilya, a\u011fa\u00e7 ve orman \u00fcr\u00fcnleri ise dezavantajlara ra\u011fmen ihracat hacmini koruyarak hedeflerine do\u011fru ilerliyor. Suriye\u2019deki normalle\u015fme ile birlikte bu sekt\u00f6rdeki hareketlili\u011fin daha da artmas\u0131n\u0131 bekliyoruz. Di\u011fer sekt\u00f6rlerimizin performans\u0131na bakt\u0131\u011f\u0131m\u0131zda 2025 y\u0131l\u0131nda 14 sekt\u00f6rde ihracat\u0131m\u0131z\u0131n d\u00fc\u015ft\u00fc\u011f\u00fcn\u00fc g\u00f6r\u00fcyoruz. Buna kar\u015f\u0131n kimyevi maddeler, \u00e7imento, elektrik-elektronik, demir ve demir d\u0131\u015f\u0131 metaller, makine, iklimlendirme, otomotiv, t\u00fct\u00fcn ve s\u00fcs bitkileri ba\u015fta olmak \u00fczere 9 sekt\u00f6rde \u00f6nemli ihracat rekorlar\u0131 k\u0131r\u0131ld\u0131. \u00d6zellikle otomotiv end\u00fcstrisi ihracat\u0131 y\u00fczde 113,6 art\u0131\u015fla dikkat \u00e7ekti. Bu sekt\u00f6rlerin \u00fcst\u00fcn gayretleri sayesinde kentimiz d\u0131\u015f ticaretinde b\u00fcy\u00fck bir d\u00fc\u015f\u00fc\u015ften korundu\u201d diye konu\u015ftu.<\/p>\n<p><strong>\u201cNusaybin S\u0131n\u0131r Kap\u0131s\u0131 a\u00e7\u0131l\u0131rsa mevcut ihracat 5\u2019e katlanacak\u201d<\/strong><\/p>\n<p>Ge\u00e7ti\u011fimiz y\u0131l Mardinli ihracat\u00e7\u0131lar\u0131n toplamda 113 \u00fclkeye \u00fcr\u00fcn g\u00f6nderdi\u011fini ayr\u0131ca 20 pazara ise ilk kez giri\u015f yapt\u0131\u011f\u0131n\u0131 ifade eden Hatip \u00c7elik, Afrika, Avrupa ve Amerika pazarlar\u0131nda yeni f\u0131rsatlar ke\u015ffedildi\u011fini vurgulad\u0131. Ba\u015fkan \u00c7elik, \u015f\u00f6yle konu\u015ftu: \u201c2025 y\u0131l\u0131nda toplam ihracat\u0131m\u0131z\u0131n %69,76\u2019s\u0131na kar\u015f\u0131l\u0131k gelen 633,7 milyon dolarl\u0131k b\u00f6l\u00fcm\u00fc Irak pazar\u0131nda ger\u00e7ekle\u015fti. Ana pazar\u0131m\u0131z olan Irak\u2019a y\u00f6nelik ihracat\u0131m\u0131z 2024\u2019te y\u00fczde 21,2 azald\u0131. Irak\u2019la birlikte 59 pazarda ihracat\u0131m\u0131z gerilerken, 54 pazarda rekor art\u0131\u015flar ya\u015fand\u0131. Uzun bir i\u00e7 sava\u015f\u0131n ard\u0131ndan yeniden normalle\u015fme d\u00f6nemine giren Suriye pazar\u0131nda Nusaybin S\u0131n\u0131r Kap\u0131m\u0131z\u0131n kapal\u0131 olmas\u0131ndan kaynakl\u0131 olu\u015fan lojistik dezavantajlara ra\u011fmen bir \u00f6nceki y\u0131la oranla y\u00fczde 171,1 art\u0131\u015f sa\u011flayarak 77,5 milyon dolarl\u0131k ihracat performans\u0131 g\u00f6sterdi. Bu hacmin 2026\u2019da da artmas\u0131n\u0131 \u00f6ng\u00f6r\u00fcyoruz. Nusaybin S\u0131n\u0131r Kap\u0131s\u0131\u2019n\u0131n a\u00e7\u0131lmas\u0131yla birlikte bu pazardaki ihracat hacmimiz k\u0131sa vadede 5 kat artacakt\u0131r. Bu y\u00f6nde lobi faaliyetlerimiz s\u00fcr\u00fcyor.\u201d<\/p>\n<p>2025 y\u0131l\u0131nda kentin en b\u00fcy\u00fck \u00fc\u00e7\u00fcnc\u00fc pazar\u0131 konumuna y\u00fckselen Romanya\u2019da \u00fcst\u00fcn bir ba\u015far\u0131 hik\u00e2yesi yaz\u0131ld\u0131\u011f\u0131n\u0131 ifade eden Hatip \u00c7elik, \u201cBu pazara y\u00f6nelik ihracat\u0131m\u0131z 2024\u2019e g\u00f6re y\u00fczde 57,7 art\u0131\u015fla 26,7 milyon dolara ula\u015ft\u0131. \u0130ran\u2019a y\u00f6nelik ihracat\u0131m\u0131z da y\u00fczde 153,1 art\u0131\u015fla 24,8 milyon dolara y\u00fckseldi. ABD pazar\u0131nda ise konumumuzu korumaya devam ediyoruz. Bu pazara y\u00f6nelik ihracat\u0131m\u0131z 20,9 milyon dolar olarak ger\u00e7ekle\u015fti\u201d diye konu\u015ftu.<\/p>\n<p>B\u00fclten<\/p>\n","protected":false},"excerpt":{"rendered":"<p>Irak pazar\u0131ndaki daralma 2025 y\u0131l\u0131nda Mardin ihracat\u00e7\u0131lar\u0131n\u0131n k\u00fcresel rekabet yolunda yeni aray\u0131\u015flar\u0131n\u0131 h\u0131zland\u0131r\u0131rken, Nusaybin S\u0131n\u0131r Kap\u0131s\u0131\u2019n\u0131n a\u00e7\u0131lmas\u0131na y\u00f6nelik lobi faaliyetleri art\u0131r\u0131ld\u0131. Nusaybin S\u0131n\u0131r Kap\u0131s\u0131n\u0131n a\u00e7\u0131lmas\u0131 ile birlikte k\u0131sa vadede Mardin ihracat\u0131n\u0131n 5 kat artmas\u0131 ve kentin s\u00fcrd\u00fcr\u00fclebilir b\u00fcy\u00fcme hedeflerine ivme kazand\u0131rmas\u0131 bekleniyor.<\/p>\n","protected":false},"author":1,"featured_media":112003,"comment_status":"open","ping_status":"open","sticky":false,"template":"","format":"standard","meta":{"footnotes":""},"categories":[6,4,9,30],"tags":[],"class_list":["post-112002","post","type-post","status-publish","format-standard","has-post-thumbnail","hentry","category-ekonomi","category-manset","category-mardin","category-ust-manset"],"_links":{"self":[{"href":"https:\/\/mardinhaberyolu.com\/index.php?rest_route=\/wp\/v2\/posts\/112002","targetHints":{"allow":["GET"]}}],"collection":[{"href":"https:\/\/mardinhaberyolu.com\/index.php?rest_route=\/wp\/v2\/posts"}],"about":[{"href":"https:\/\/mardinhaberyolu.com\/index.php?rest_route=\/wp\/v2\/types\/post"}],"author":[{"embeddable":true,"href":"https:\/\/mardinhaberyolu.com\/index.php?rest_route=\/wp\/v2\/users\/1"}],"replies":[{"embeddable":true,"href":"https:\/\/mardinhaberyolu.com\/index.php?rest_route=%2Fwp%2Fv2%2Fcomments&post=112002"}],"version-history":[{"count":1,"href":"https:\/\/mardinhaberyolu.com\/index.php?rest_route=\/wp\/v2\/posts\/112002\/revisions"}],"predecessor-version":[{"id":112004,"href":"https:\/\/mardinhaberyolu.com\/index.php?rest_route=\/wp\/v2\/posts\/112002\/revisions\/112004"}],"wp:featuredmedia":[{"embeddable":true,"href":"https:\/\/mardinhaberyolu.com\/index.php?rest_route=\/wp\/v2\/media\/112003"}],"wp:attachment":[{"href":"https:\/\/mardinhaberyolu.com\/index.php?rest_route=%2Fwp%2Fv2%2Fmedia&parent=112002"}],"wp:term":[{"taxonomy":"category","embeddable":true,"href":"https:\/\/mardinhaberyolu.com\/index.php?rest_route=%2Fwp%2Fv2%2Fcategories&post=112002"},{"taxonomy":"post_tag","embeddable":true,"href":"https:\/\/mardinhaberyolu.com\/index.php?rest_route=%2Fwp%2Fv2%2Ftags&post=112002"}],"curies":[{"name":"wp","href":"https:\/\/api.w.org\/{rel}","templated":true}]}}