{"id":111994,"date":"2026-01-12T16:06:34","date_gmt":"2026-01-12T16:06:34","guid":{"rendered":"https:\/\/mardinhaberyolu.com\/?p=111994"},"modified":"2026-01-12T16:06:34","modified_gmt":"2026-01-12T16:06:34","slug":"38-dagcihazarbaba-dagina-kotu-hava-kosullarinda-tirmanisa-gecti","status":"publish","type":"post","link":"https:\/\/mardinhaberyolu.com\/?p=111994","title":{"rendered":"38 Da\u011fc\u0131,Hazarbaba Da\u011f\u0131na k\u00f6t\u00fc hava ko\u015fullar\u0131nda t\u0131rman\u0131\u015fa ge\u00e7ti."},"content":{"rendered":"<p>Mardin da\u011fc\u0131l\u0131k ile Dicle da\u011fc\u0131l\u0131k Kul\u00fcb\u00fcn\u00fcn ortakla\u015fa d\u00fczenledikleri,k\u0131\u015f t\u0131rman\u0131\u015f\u0131 kapsam\u0131nda \u00e7\u0131kmaya \u00e7al\u0131\u015ft\u0131klar\u0131 2347 rak\u0131ml\u0131 Hazarbaba da\u011f\u0131\u2019na yo\u011fun kar ve tipi nedeniyle t\u0131rman\u0131\u015f\u0131 tamamlamadan geri d\u00f6nd\u00fcler.<\/p>\n<p>Mardin Da\u011fc\u0131l\u0131k Kul\u00fcb\u00fc ile Dicle Da\u011fc\u0131l\u0131k Kul\u00fcb\u00fc taraf\u0131ndan d\u00fczenlenen Hazarbaba Da\u011f\u0131 K\u0131\u015f T\u0131rman\u0131\u015f\u0131,Elaz\u0131\u011f\u2019\u0131n Sivrice \u0130l\u00e7esi\u2019nde bulunan y\u00fcksekli\u011fi 2347 metre olan Hazarbaba Da\u011f\u0131\u2019na 11\u2019i kad\u0131n,27\u2019si erkek olmak \u00fczere 38 da\u011fc\u0131n\u0131n kat\u0131l\u0131m\u0131 ile ba\u015flayan t\u0131rman\u0131\u015f ayn\u0131 g\u00fcnde yo\u011fun kar ve tipi nedeniyle t\u0131rman\u0131\u015f\u0131 tamamlamadan geri d\u00f6nd\u00fcler.<br \/>\nMardin da\u011fc\u0131l\u0131k Kul\u00fcb\u00fcne e\u015flik eden T\u00fcrkiye Da\u011fc\u0131l\u0131k Federasyonu lisansl\u0131 sporcusu Mehmet Fatih Akt\u00fcrk,\u201dMardin da\u011fc\u0131l\u0131k ile Dicle da\u011fc\u0131l\u0131k Kul\u00fcb\u00fc\u2019n\u00fcn ortakla\u015fa d\u00fczenlemi\u015f oldu\u011fu Hazarbaba Da\u011f\u0131 K\u0131\u015f T\u0131rman\u0131\u015f\u0131 kar f\u0131rt\u0131na sis tipi ve k\u00f6t\u00fc hava ko\u015fullar\u0131 alt\u0131nda yar\u0131 yoldan geri d\u00f6n\u00fc\u015f karar\u0131 al\u0131narak ba\u015far\u0131yla tamamlanm\u0131\u015ft\u0131r, bizler a\u00e7\u0131s\u0131ndan Hazarbaba da\u011f\u0131 k\u0131\u015f t\u0131rman\u0131\u015f\u0131 ger\u00e7ek anlamda bir da\u011fc\u0131l\u0131k dene\u011fimi oldu, sporcu arkada\u015flar\u0131m\u0131z\u0131n da\u011f\u0131n ger\u00e7ek y\u00fcz\u00fc olan kar, f\u0131rt\u0131na ve tipiyle m\u00fccadele etmenin ne kadar zor oldu\u011funu hepimiz hep beraber g\u00f6zlerimizle ya\u015fayarak \u015fahit olduk,e\u011fer bulundu\u011fumuz yerden geri d\u00f6nmeseydik,daha yukar\u0131lar\u0131 hem \u00e7ok \u015fiddetli f\u0131rt\u0131na hem de yo\u011fun sisten dolay\u0131 g\u00f6r\u00fc\u015f mesafesinin s\u0131f\u0131ra d\u00fc\u015ft\u00fc\u011f\u00fc yerde Hazarbaba zirveye giderken en kritik yer olan yakla\u015f\u0131k 500 metrelik yan ge\u00e7i\u015fte hem \u00e7\u0131\u011f riski hem de kar\u0131n alt\u0131 buz tuttu\u011fu i\u00e7in olas\u0131 bir facia ve d\u00fc\u015fme olay\u0131 ka\u00e7\u0131n\u0131lmazd\u0131,Allah korusun yan ge\u00e7i\u015fin alt\u0131 tamamen u\u00e7urum oldu\u011fu i\u00e7in ani bir kayma ayak burkulmas\u0131 yada so\u011fuk havadan dolay\u0131 olu\u015facak olan hipotermiden dolay\u0131 bir arkada\u015f\u0131m\u0131z\u0131n ba\u015f\u0131na bir olay gelseydi arama kurtarma operasyonu ve tahliye i\u015flemi \u00e7ok zor olacakt\u0131 o k\u00f6t\u00fc havada resmi makamlar ve afad bile bizleri kurtaramazd\u0131 bunu unutmay\u0131n arkada\u015flar arama ve kurtarma operasyonlar\u0131na kat\u0131lan bir arkada\u015f\u0131n\u0131z olarak s\u00f6yl\u00fcyorum sizleri kurtarmaya gelende bir insand\u0131r ve hi\u00e7 kimse da\u011f\u0131n ger\u00e7ek y\u00fcz\u00fc olan k\u00f6t\u00fc hava ko\u015fullar\u0131yla sava\u015famaz bu bir da\u011fc\u0131l\u0131k ve federasyon kural\u0131d\u0131r en iyi da\u011fc\u0131 da\u011fdan sa\u011f salim inen da\u011fc\u0131d\u0131r.<br \/>\nSonu\u00e7 olarak Hazarbaba da\u011f\u0131 k\u0131\u015f t\u0131rman\u0131\u015f\u0131 bizlere ger\u00e7ek bir da\u011fc\u0131l\u0131k dene\u011fimi olan k\u0131\u015f da\u011fc\u0131l\u0131\u011f\u0131n\u0131n ne kadar zor oldu\u011funu ve k\u00f6t\u00fc hava ko\u015fullar\u0131yla m\u00fccadele etmenin zorluklar\u0131n\u0131 g\u00f6stermi\u015ftir.\u201ddedi.<br \/>\nT\u00fcrkiye Da\u011fc\u0131l\u0131k Federasyonu(TDF) Mardin \u0130l Temsilcisi Hasan \u0130mrak,\u201dMardin Da\u011fc\u0131l\u0131k Do\u011fa Arama ve Kurtarma Spor Kul\u00fcb\u00fc (MARKUT) ve Dicle Da\u011fc\u0131l\u0131k ve Do\u011fa Sporlar\u0131 Kul\u00fcb\u00fc(DiDAK) i\u015f birli\u011fiyle, y\u0131ll\u0131k faaliyet program\u0131m\u0131zda yer alan Hazar Baba K\u0131\u015f Zirve T\u0131rman\u0131\u015f\u0131 faaliyeti ba\u015far\u0131yla ger\u00e7ekle\u015ftirilmi\u015f olup 2100 metre seviyesinde etkili olan yo\u011fun kar ya\u011f\u0131\u015f\u0131, tipi ve kuvvetli r\u00fczg\u00e2r nedeniyle zirve hedefinden g\u00fcvenlik \u00f6nceli\u011fiyle vazge\u00e7ilmi\u015f, faaliyet kazas\u0131z ve sorunsuz \u015fekilde tamamlanm\u0131\u015ft\u0131r. \u201cdedi.<\/p>\n<p><img fetchpriority=\"high\" decoding=\"async\" class=\"alignnone size-medium wp-image-111996\" src=\"https:\/\/mardinhaberyolu.com\/wp-content\/uploads\/2026\/01\/IMG-20260112-WA0065-226x300.jpg\" alt=\"\" width=\"226\" height=\"300\" srcset=\"https:\/\/mardinhaberyolu.com\/wp-content\/uploads\/2026\/01\/IMG-20260112-WA0065-226x300.jpg 226w, https:\/\/mardinhaberyolu.com\/wp-content\/uploads\/2026\/01\/IMG-20260112-WA0065-770x1024.jpg 770w, https:\/\/mardinhaberyolu.com\/wp-content\/uploads\/2026\/01\/IMG-20260112-WA0065-768x1021.jpg 768w, https:\/\/mardinhaberyolu.com\/wp-content\/uploads\/2026\/01\/IMG-20260112-WA0065-1155x1536.jpg 1155w, https:\/\/mardinhaberyolu.com\/wp-content\/uploads\/2026\/01\/IMG-20260112-WA0065.jpg 1203w\" sizes=\"(max-width: 226px) 100vw, 226px\" \/><br \/>\nEMRULLAH KARAKA\u015e-MARD\u0130N HABERYOLU<\/p>\n","protected":false},"excerpt":{"rendered":"<p>T\u00fcrkiye Da\u011fc\u0131l\u0131k Federasyonu \u00fcyelerinden 38 Da\u011fc\u0131,Hazarbaba Da\u011f\u0131na k\u00f6t\u00fc hava ko\u015fullar\u0131nda t\u0131rman\u0131\u015fa ge\u00e7ti.<\/p>\n","protected":false},"author":1,"featured_media":111995,"comment_status":"open","ping_status":"open","sticky":false,"template":"","format":"standard","meta":{"footnotes":""},"categories":[3,4,9,18,30],"tags":[],"class_list":["post-111994","post","type-post","status-publish","format-standard","has-post-thumbnail","hentry","category-guncel","category-manset","category-mardin","category-toplumsal-yasam-gundem","category-ust-manset"],"_links":{"self":[{"href":"https:\/\/mardinhaberyolu.com\/index.php?rest_route=\/wp\/v2\/posts\/111994","targetHints":{"allow":["GET"]}}],"collection":[{"href":"https:\/\/mardinhaberyolu.com\/index.php?rest_route=\/wp\/v2\/posts"}],"about":[{"href":"https:\/\/mardinhaberyolu.com\/index.php?rest_route=\/wp\/v2\/types\/post"}],"author":[{"embeddable":true,"href":"https:\/\/mardinhaberyolu.com\/index.php?rest_route=\/wp\/v2\/users\/1"}],"replies":[{"embeddable":true,"href":"https:\/\/mardinhaberyolu.com\/index.php?rest_route=%2Fwp%2Fv2%2Fcomments&post=111994"}],"version-history":[{"count":1,"href":"https:\/\/mardinhaberyolu.com\/index.php?rest_route=\/wp\/v2\/posts\/111994\/revisions"}],"predecessor-version":[{"id":111997,"href":"https:\/\/mardinhaberyolu.com\/index.php?rest_route=\/wp\/v2\/posts\/111994\/revisions\/111997"}],"wp:featuredmedia":[{"embeddable":true,"href":"https:\/\/mardinhaberyolu.com\/index.php?rest_route=\/wp\/v2\/media\/111995"}],"wp:attachment":[{"href":"https:\/\/mardinhaberyolu.com\/index.php?rest_route=%2Fwp%2Fv2%2Fmedia&parent=111994"}],"wp:term":[{"taxonomy":"category","embeddable":true,"href":"https:\/\/mardinhaberyolu.com\/index.php?rest_route=%2Fwp%2Fv2%2Fcategories&post=111994"},{"taxonomy":"post_tag","embeddable":true,"href":"https:\/\/mardinhaberyolu.com\/index.php?rest_route=%2Fwp%2Fv2%2Ftags&post=111994"}],"curies":[{"name":"wp","href":"https:\/\/api.w.org\/{rel}","templated":true}]}}