{"id":111907,"date":"2026-01-05T09:12:39","date_gmt":"2026-01-05T09:12:39","guid":{"rendered":"https:\/\/mardinhaberyolu.com\/?p=111907"},"modified":"2026-01-05T09:12:40","modified_gmt":"2026-01-05T09:12:40","slug":"intihar-denildi-dosya-kapatilmak-istendi-rojin-kabaise-ne-oldu","status":"publish","type":"post","link":"https:\/\/mardinhaberyolu.com\/?p=111907","title":{"rendered":"\u0130NT\u0130HAR DEN\u0130LD\u0130, DOSYA KAPATILMAK  \u0130STEND\u0130: ROJ\u0130N KABA\u0130\u015e\u2019E NE OLDU?"},"content":{"rendered":"<p>Resmi a\u00e7\u0131klamalarla birlikte kamuoyuna ilk yans\u0131yan iddia <strong>\u2018intihar\u2019<\/strong> oldu. Ancak Rojin\u2019in ailesi bu iddiay\u0131 en ba\u015f\u0131ndan itibaren reddetti. Baba Nizamettin Kabai\u015f\u2019in dile getirdi\u011fi sorular ve ku\u015fkular, dosyan\u0131n kapanmamas\u0131 gerekti\u011fini d\u00fc\u015f\u00fcnen geni\u015f bir kesimin de sesi haline geldi.<\/p>\n<p>Van Adli T\u0131p Kurumu\u2019nda yap\u0131lan ilk incelemede; Rojin\u2019in v\u00fccudunda kesici ya da ate\u015fli silah yaras\u0131na rastlanmad\u0131\u011f\u0131, kemik k\u0131r\u0131\u011f\u0131n\u0131n bulunmad\u0131\u011f\u0131 a\u00e7\u0131kland\u0131. Ancak boyun, diz ve kol b\u00f6lgelerinde renk de\u011fi\u015fiklikleri oldu\u011fu kayda ge\u00e7ti. Kesin \u00f6l\u00fcm nedeninin belirlenmesi amac\u0131yla al\u0131nan kan, idrar ve i\u00e7 organ \u00f6rnekleri \u0130stanbul Adli T\u0131p Kurumuna g\u00f6nderildi.<\/p>\n<p>6 Kas\u0131m 2024 tarihli Adli T\u0131p Kurumu raporunda ise kamuoyunu daha da d\u00fc\u015f\u00fcnd\u00fcren bir ifade yer ald\u0131<strong>: \u2018\u0130ki farkl\u0131 erke\u011fe ait DNA \u00f6rnekleri tespit edilmi\u015ftir; ancak \u00f6rneklerden \u015f\u00fcpheli bir bulgu elde edilememi\u015ftir.\u2019<\/strong> Bu c\u00fcmle, hukuki olarak net bir su\u00e7 isnad\u0131 i\u00e7ermese de vicdanlar\u0131 rahatlatmaya yetmedi.<\/p>\n<p><strong>BABANIN \u0130T\u0130RAZI, KAMUOYUNUN SORULARI<\/strong><\/p>\n<p>Rojin\u2019in babas\u0131 Nizamettin Kabai\u015f, k\u0131z\u0131n\u0131n \u00f6l\u00fcm\u00fcn\u00fcn <strong>\u2018intihar\u2019<\/strong> olarak nitelendirilmesine itiraz ediyor. Kabai\u015f, Vali Ozan Balc\u0131 ve emniyet yetkilileri ile yapt\u0131\u011f\u0131 bir g\u00f6r\u00fc\u015fmede, kendisine olay\u0131n intihar oldu\u011fu y\u00f6n\u00fcnde de\u011ferlendirme yap\u0131ld\u0131\u011f\u0131n\u0131 \u00f6ne s\u00fcrd\u00fc. Ancak baba Kabai\u015f\u2019in itiraz\u0131 net ve sars\u0131c\u0131yd\u0131:<\/p>\n<p><strong>\u2018\u0130ntiharsa bu cenaze bu kadar nas\u0131l gider? Bana (Su alt\u0131nda cenaze gider) dediler. Ben bunu kabul etmedim. K\u0131z\u0131m ayakla bile o kadar yolu gidemez. Mollakas\u0131m\u2019a kadar 18 kilometrelik mesafeyi u\u00e7arak m\u0131 gitti?\u2019<\/strong><\/p>\n<p>Bu s\u00f6zler bir iddiad\u0131r; ancak ayn\u0131 zamanda yan\u0131t bekleyen sorular\u0131n da \u00f6zetidir. Baba Kabai\u015f, Y\u00fcz\u00fcnc\u00fc Y\u0131l \u00dcniversitesi Rekt\u00f6r\u00fc Hamdullah \u015eevli\u2019nin de otopsiye girdi\u011fini \u00f6ne s\u00fcrm\u00fc\u015ft\u00fc.<\/p>\n<p>Ailenin talebi a\u00e7\u0131k: Olay neyse, ger\u00e7e\u011fiyle ortaya \u00e7\u0131kar\u0131ls\u0131n. \u00dcniversitenin ad\u0131 kirlenmesin, \u015fehrin itibar\u0131 zedelenmesin kayg\u0131lar\u0131yla dosyan\u0131n kapat\u0131lmaya \u00e7al\u0131\u015f\u0131ld\u0131\u011f\u0131 y\u00f6n\u00fcndeki ku\u015fku, baba Kabai\u015f taraf\u0131ndan da dile getiriliyor.<\/p>\n<p>Bu s\u00fcre\u00e7te yaln\u0131zca aile de\u011fil, \u00fcniversite \u00f6\u011frencileri ve sivil toplum \u00f6rg\u00fctleri de sessiz kalmad\u0131. Van Y\u00fcz\u00fcnc\u00fc Y\u0131l \u00dcniversitesi ba\u015fta olmak \u00fczere Diyarbak\u0131r\u2019da ve b\u00f6lgenin bir\u00e7ok kentinde <strong>\u2018Rojin i\u00e7in adalet\u2019<\/strong> \u00e7a\u011fr\u0131s\u0131yla protestolar d\u00fczenlendi. Sosyal medya \u00fczerinden payla\u015f\u0131lan g\u00f6rseller ve videolar k\u0131sa s\u00fcrede geni\u015f kitlelere ula\u015ft\u0131. Ancak tam da bu noktada dikkat \u00e7ekici bir ba\u015fka tart\u0131\u015fma g\u00fcndeme geldi.<\/p>\n<p><strong>SESS\u0130ZL\u0130K, GER\u0130 \u00c7EK\u0130LEN PAYLA\u015eIMLAR VE ET\u0130K SORU<\/strong><\/p>\n<p>Rojin i\u00e7in adalet \u00e7a\u011fr\u0131lar\u0131n\u0131n y\u00fckseldi\u011fi g\u00fcnlerde, baz\u0131 sivil toplum \u00f6rg\u00fctleri de destek payla\u015f\u0131mlar\u0131 yapt\u0131. Bunlardan biri, ad\u0131 bende sakl\u0131 bir sivil toplum \u00f6rg\u00fct\u00fc, 16 Ekim\u2019de <strong>\u2018Rojin i\u00e7in adalet\u2019<\/strong> ba\u015fl\u0131\u011f\u0131yla bir g\u00f6rsel ve video payla\u015ft\u0131. S\u00f6z konusu payla\u015f\u0131m k\u0131sa s\u00fcrede binin \u00fczerinde be\u011feni ald\u0131, \u00e7ok say\u0131da yorum yap\u0131ld\u0131 ve defalarca payla\u015f\u0131ld\u0131.<\/p>\n<p>Ne var ki, ayn\u0131 sivil toplum \u00f6rg\u00fct\u00fc bu payla\u015f\u0131m\u0131 daha sonra sessizce kald\u0131rd\u0131. Bu geri \u00e7ekilme, kamuoyunda ister istemez soru i\u015faretleri do\u011furdu. Ayn\u0131 \u00f6rg\u00fct\u00fcn sosyal medya hesaplar\u0131nda birka\u00e7 g\u00fcn sonra Y\u00fcz\u00fcnc\u00fc Y\u0131l \u00dcniversitesi Rekt\u00f6r\u00fc ile ve daha \u00f6nce vali ve baz\u0131 \u00fcst d\u00fczey b\u00fcrokratlarla yeni \u00e7ekilmi\u015f foto\u011fraflar\u0131n\u0131 payla\u015fmaya devam etmesi ise tart\u0131\u015fmay\u0131 daha da derinle\u015ftirdi.<\/p>\n<p>Bu durum \u015fu soruyu ka\u00e7\u0131n\u0131lmaz k\u0131l\u0131yor:<\/p>\n<p><strong>Bir sivil toplum \u00f6rg\u00fct\u00fcn\u00fcn, kamuoyunu yak\u0131ndan ilgilendiren b\u00f6ylesi bir olayda \u00f6nce destek verip sonra sessizce geri ad\u0131m atmas\u0131 etik midir? <\/strong><\/p>\n<p><strong>Bu payla\u015f\u0131m bir yerden gelen talimatla m\u0131 kald\u0131r\u0131ld\u0131, yoksa kendili\u011finden mi silindi? <\/strong><\/p>\n<p><strong>Daha \u00f6nemlisi, bu payla\u015f\u0131ma destek veren, alt\u0131na yorum yazan, payla\u015fan y\u00fczlerce insan \u015fimdi ne diyecek?<\/strong><\/p>\n<p>Bu sorular bir su\u00e7lama de\u011fil; bir sorgulamad\u0131r. \u00c7\u00fcnk\u00fc sivil toplum, ad\u0131ndan da anla\u015f\u0131laca\u011f\u0131 \u00fczere, g\u00fcc\u00fcn\u00fc iktidardan de\u011fil toplumdan al\u0131r. Aksi halde yap\u0131lan a\u00e7\u0131klamalar, verilen destekler ve ard\u0131ndan gelen sessizlik, inand\u0131r\u0131c\u0131l\u0131\u011f\u0131n\u0131 yitirir.<\/p>\n<p>Bu tart\u0131\u015fmalar s\u00fcrerken, Van Valisi ve B\u00fcy\u00fck\u015fehir Belediye Ba\u015fkan Vekili Ozan Balc\u0131\u2019n\u0131n Ankara\u2019ya gitmesi ve sonras\u0131nda g\u00f6revden al\u0131naca\u011f\u0131 y\u00f6n\u00fcndeki iddialar da kamuoyunda konu\u015fulmaya ba\u015fland\u0131. Baz\u0131 \u00e7evreler valiye destek a\u00e7\u0131klamalar\u0131 yapt\u0131, <strong>\u2018Valime dokunma\u2019<\/strong> \u00e7a\u011fr\u0131lar\u0131 sosyal medyaya yans\u0131d\u0131. Daha sonra bu payla\u015f\u0131mlar\u0131n bir k\u0131sm\u0131n\u0131n kald\u0131r\u0131lmas\u0131 ise dikkatlerden ka\u00e7mad\u0131.<\/p>\n<p>Elbette burada alt\u0131 \u00e7izilmesi gereken \u015fudur: <strong>Bir kamu g\u00f6revlisinin kariyer planlar\u0131 ya da g\u00f6rev yeri de\u011fi\u015fiklikleri, bir gen\u00e7 k\u0131z\u0131n \u00f6l\u00fcm\u00fcyle ilgili adalet aray\u0131\u015f\u0131n\u0131n \u00f6n\u00fcne ge\u00e7memelidir. Hukuk, ki\u015filere ya da makamlara g\u00f6re de\u011fil; delillere g\u00f6re konu\u015fur.<\/strong><\/p>\n<p>Bu dosya, ister istemez Munzur \u00dcniversitesi \u00f6\u011frencisi G\u00fclistan Doku\u2019yu da hat\u0131rlat\u0131yor. 5 Ocak 2020\u2019den bu yana kay\u0131p olan G\u00fclistan Doku dosyas\u0131, aradan ge\u00e7en alt\u0131 y\u0131la ra\u011fmen h\u00e2l\u00e2 ayd\u0131nlat\u0131lamad\u0131. Ailesinin iddialar\u0131, kamuoyunun sorular\u0131 ve s\u00fcregelen belirsizlik\u2026 Bug\u00fcn Rojin Kabai\u015f i\u00e7in duyulan endi\u015fenin temelinde de tam olarak bu korku yat\u0131yor: <strong>Bir dosyan\u0131n daha faili me\u00e7huller aras\u0131na eklenmesi.<\/strong><\/p>\n<p>Van Y\u00fcz\u00fcnc\u00fc Y\u0131l \u00dcniversitesi\u2019nde yapt\u0131\u011f\u0131m g\u00f6zlemlerde, baz\u0131 g\u00fcvenlik g\u00f6revlilerinin gazetecileri belirli alanlara almad\u0131\u011f\u0131n\u0131, arac\u0131mdaki bas\u0131n kart\u0131m\u0131 g\u00f6ren g\u00f6revlilerin beni baz\u0131 noktalardan geri \u00e7evirdi\u011fini de not etmek gerekir. Ayr\u0131ca ismini vermek istemeyen baz\u0131 \u00f6\u011fretim g\u00f6revlileriyle yapt\u0131\u011f\u0131m g\u00f6r\u00fc\u015fmelerde, olay\u0131n perde arkas\u0131na dair g\u00fc\u00e7l\u00fc tahminlerin dile getirildi\u011fini; ancak herkesin sessizli\u011fe g\u00f6m\u00fcld\u00fc\u011f\u00fcn\u00fc g\u00f6zlemledim. Bunlar da birer iddiad\u0131r. Fakat bu iddialar\u0131n varl\u0131\u011f\u0131 bile, dosyan\u0131n neden titizlikle ele al\u0131nmas\u0131 gerekti\u011fini g\u00f6stermektedir.<\/p>\n<p>Sonu\u00e7 olarak ortada tart\u0131\u015fmas\u0131z bir ger\u00e7ek var: 21 ya\u015f\u0131nda bir \u00fcniversite \u00f6\u011frencisi hayat\u0131n\u0131 kaybetti. Ancak geriye kalan sadece bir cenaze de\u011fil; yan\u0131tlanmam\u0131\u015f sorular, \u00e7eli\u015fkili a\u00e7\u0131klamalar ve giderek derinle\u015fen bir g\u00fcvensizlik duygusu oldu.<\/p>\n<p><strong>Aile ikna olmu\u015f de\u011fil. <\/strong><\/p>\n<p><strong>Kamuoyu tatmin olmu\u015f de\u011fil. <\/strong><\/p>\n<p><strong>Dosya ise toplum vicdan\u0131nda kapanm\u0131\u015f de\u011fil.<\/strong><\/p>\n<p>Bug\u00fcn Rojin Kabai\u015f dosyas\u0131nda as\u0131l tehlike, ger\u00e7e\u011fin ortaya \u00e7\u0131kmamas\u0131 de\u011fil; ger\u00e7e\u011fin ortaya \u00e7\u0131kar\u0131lmas\u0131na dair iradenin zay\u0131flamas\u0131 ihtimalidir. <strong>\u2018\u0130ntihar\u2019<\/strong> denilerek yap\u0131lan a\u00e7\u0131klamalar\u0131n, bilimsel, hukuki ve vicdani t\u00fcm soru i\u015faretlerini ortadan kald\u0131racak a\u00e7\u0131kl\u0131kta sunulamamas\u0131 bu ku\u015fkuyu beslemektedir. \u00dcniversitenin, \u015fehrin ya da makamlar\u0131n itibar\u0131n\u0131 koruma refleksi, bir gen\u00e7 k\u0131z\u0131n ya\u015fam hakk\u0131n\u0131n \u00f6n\u00fcne ge\u00e7emez.<\/p>\n<p>Bu noktada sivil topluma, \u00fcniversitelere, barolara, meslek \u00f6rg\u00fctlerine ve en \u00f6nemlisi yarg\u0131 makamlar\u0131na a\u011f\u0131r bir sorumluluk d\u00fc\u015fmektedir. Suskunluk, tarafs\u0131zl\u0131k de\u011fildir. Geri \u00e7ekilen payla\u015f\u0131mlar, silinen a\u00e7\u0131klamalar, g\u00f6rmezden gelinen sorular bu dosyay\u0131 hafifletmez; aksine daha da a\u011f\u0131rla\u015ft\u0131r\u0131r.<\/p>\n<p>Rojin Kabai\u015f\u2019in dosyas\u0131 G\u00fclistan Doku\u2019nun dosyas\u0131 gibi y\u0131llarca raflarda bekletilecek bir dosya olmamal\u0131d\u0131r. Bir baba, k\u0131z\u0131n\u0131n nas\u0131l ve neden \u00f6ld\u00fc\u011f\u00fcn\u00fc \u00f6\u011frenmek istiyor. Bu talep ne siyasidir ne de provokatif; bu talep insani ve hukuksald\u0131r.<\/p>\n<p>Buradan a\u00e7\u0131k ve net bir \u00e7a\u011fr\u0131 yapmak gerekiyor: E\u011fer bu bir intiharsa, t\u00fcm teknik veriler, \u00e7eli\u015fkisiz ve ikna edici bi\u00e7imde kamuoyuyla payla\u015f\u0131lmal\u0131d\u0131r. E\u011fer ba\u015fka ihtimaller varsa, \u00fczeri \u00f6rt\u00fclmemeli; kimden gelirse gelsin her t\u00fcrl\u00fc bask\u0131ya ra\u011fmen ger\u00e7ek ortaya \u00e7\u0131kar\u0131lmal\u0131d\u0131r. \u00c7\u00fcnk\u00fc adalet, gecikti\u011finde sadece bir dosya kapanmaz; toplumun devlete ve hukuka olan inanc\u0131 da biraz daha a\u015f\u0131n\u0131r.<\/p>\n<p>Rojin Kabai\u015f i\u00e7in adalet istemek bir su\u00e7 de\u011fildir. Aksine bu \u00fclkenin hukuk devleti iddias\u0131n\u0131n gere\u011fidir. Bu dosya kapanmamal\u0131d\u0131r. Ger\u00e7ek ortaya \u00e7\u0131kmal\u0131, sorumlular kimse hukuk \u00f6n\u00fcnde hesap vermelidir. Aksi halde geriye sadece bir isim, bir mezar ve <strong>\u2018bir dosya daha\u2019<\/strong> utanc\u0131 kalacakt\u0131r.<\/p>\n<p>Bir bilgi daha payla\u015fay\u0131m. K\u00f6y \u00c7ocuklar\u0131 Okusun Sosyal Yard\u0131mla\u015fma ve Dayan\u0131\u015fma Derne\u011fi, Diyarbak\u0131r\u2019\u0131n merkez Kayap\u0131nar il\u00e7esindeki Rasim \u00d6zden\u00f6ren \u0130lkokulu\u2019nda Rojin Kabai\u015f an\u0131s\u0131na k\u00fct\u00fcphane olu\u015fturarak, a\u00e7\u0131l\u0131\u015f\u0131n\u0131 yapt\u0131.<\/p>\n<p>A\u00e7\u0131l\u0131\u015fa kat\u0131lan baba Nizamettin Kabai\u015f, k\u0131z\u0131n\u0131n isminin bir k\u00fct\u00fcphanede ya\u015fat\u0131lmas\u0131ndan duydu\u011fu memnuniyeti dile getirdi. Kabai\u015f, dernek y\u00f6netimine ve Vali Murat Zorluo\u011flu\u2019na te\u015fekk\u00fcr etti. Dernek, daha \u00f6nce de Narin G\u00fcran ad\u0131na bir k\u00fct\u00fcphane olu\u015fturmu\u015ftu.<\/p>\n<p>Son bir bilgi daha Rojin Kabai\u015f \u0130\u00e7in Adalet Komisyonlar\u0131, 30 Ocak 2026\u2019da Ankara\u2019da toplanarak Adalet Bakanl\u0131\u011f\u0131na gidecek.<\/p>\n<p><strong>Sevgiyle kal\u0131n.<\/strong><\/p>\n","protected":false},"excerpt":{"rendered":"<p>Van Y\u00fcz\u00fcnc\u00fc Y\u0131l \u00dcniversitesi \u00c7ocuk Geli\u015fimi B\u00f6l\u00fcm\u00fc birinci s\u0131n\u0131f \u00f6\u011frencisi Rojin Kabai\u015f, e\u011fitim hayat\u0131n\u0131 s\u00fcrd\u00fcrmek i\u00e7in Diyarbak\u0131r\u2019dan Van\u2019a gitti. 27 Eyl\u00fcl\u2019de kendisinden haber al\u0131namad\u0131. G\u00fcnlerce s\u00fcren belirsizlik, ailesi i\u00e7in bir bekleyi\u015f de\u011fil; her ge\u00e7en g\u00fcn a\u011f\u0131rla\u015fan bir endi\u015feye d\u00f6n\u00fc\u015ft\u00fc. 18 g\u00fcn s\u00fcren arama \u00e7al\u0131\u015fmalar\u0131n\u0131n ard\u0131ndan, 15 Ekim 2024\u2019te Rojin Kabai\u015f\u2019in cans\u0131z bedeni Van G\u00f6l\u00fc\u2019n\u00fcn Mollakas\u0131m K\u00f6y\u00fc sahilinde bulundu.<\/p>\n","protected":false},"author":3,"featured_media":111908,"comment_status":"open","ping_status":"open","sticky":false,"template":"","format":"standard","meta":{"footnotes":""},"categories":[24],"tags":[],"class_list":["post-111907","post","type-post","status-publish","format-standard","has-post-thumbnail","hentry","category-yazarlar"],"_links":{"self":[{"href":"https:\/\/mardinhaberyolu.com\/index.php?rest_route=\/wp\/v2\/posts\/111907","targetHints":{"allow":["GET"]}}],"collection":[{"href":"https:\/\/mardinhaberyolu.com\/index.php?rest_route=\/wp\/v2\/posts"}],"about":[{"href":"https:\/\/mardinhaberyolu.com\/index.php?rest_route=\/wp\/v2\/types\/post"}],"author":[{"embeddable":true,"href":"https:\/\/mardinhaberyolu.com\/index.php?rest_route=\/wp\/v2\/users\/3"}],"replies":[{"embeddable":true,"href":"https:\/\/mardinhaberyolu.com\/index.php?rest_route=%2Fwp%2Fv2%2Fcomments&post=111907"}],"version-history":[{"count":1,"href":"https:\/\/mardinhaberyolu.com\/index.php?rest_route=\/wp\/v2\/posts\/111907\/revisions"}],"predecessor-version":[{"id":111909,"href":"https:\/\/mardinhaberyolu.com\/index.php?rest_route=\/wp\/v2\/posts\/111907\/revisions\/111909"}],"wp:featuredmedia":[{"embeddable":true,"href":"https:\/\/mardinhaberyolu.com\/index.php?rest_route=\/wp\/v2\/media\/111908"}],"wp:attachment":[{"href":"https:\/\/mardinhaberyolu.com\/index.php?rest_route=%2Fwp%2Fv2%2Fmedia&parent=111907"}],"wp:term":[{"taxonomy":"category","embeddable":true,"href":"https:\/\/mardinhaberyolu.com\/index.php?rest_route=%2Fwp%2Fv2%2Fcategories&post=111907"},{"taxonomy":"post_tag","embeddable":true,"href":"https:\/\/mardinhaberyolu.com\/index.php?rest_route=%2Fwp%2Fv2%2Ftags&post=111907"}],"curies":[{"name":"wp","href":"https:\/\/api.w.org\/{rel}","templated":true}]}}