{"id":111903,"date":"2026-01-05T09:08:58","date_gmt":"2026-01-05T09:08:58","guid":{"rendered":"https:\/\/mardinhaberyolu.com\/?p=111903"},"modified":"2026-01-05T11:37:31","modified_gmt":"2026-01-05T11:37:31","slug":"kan-bagisinda-bulunan-ogrenci-kahraman-ilan-edilecek","status":"publish","type":"post","link":"https:\/\/mardinhaberyolu.com\/?p=111903","title":{"rendered":"Kan Ba\u011f\u0131\u015f\u00e7\u0131 Getiren \u00d6\u011frenci Kahraman \u0130lan Edilecek"},"content":{"rendered":"<p>K\u0131z\u0131ltepe \u0130nk\u0131lap Ortaokulu ve \u0130lkokulu ilgin\u00e7 bir Kan Ba\u011f\u0131\u015f\u0131 kampanyas\u0131n\u0131n alt\u0131na imza att\u0131. 06 OCAK SALI g\u00fcn\u00fc kan ba\u011f\u0131\u015f\u0131nda bulunacak olan \u00f6\u011frencilerin ya\u015fam m\u00fccadelesi veren birine umut olabilece\u011fi belirtilerek &#8220;Unutmay\u0131n, bir damla kan, bir hayat kurtarabilir&#8221; anlay\u0131\u015f\u0131yla kan ba\u011f\u0131\u015f\u0131n\u0131 artt\u0131rmaya y\u00f6nelik ad\u0131m att\u0131.<\/p>\n<p><strong>Kahraman S\u0131n\u0131fa Milli Forma Hediye Edilecek<\/strong><\/p>\n<p>Yap\u0131lan a\u00e7\u0131klamada &#8220;Duyarl\u0131 ve merhametli y\u00fcreklerinizin, bu hay\u0131rl\u0131 amaca katk\u0131 sa\u011flamas\u0131n\u0131 dileriz&#8221; dile\u011finde bulunularak, buna g\u00f6re &#8220;\u00d6\u011frencilerimiz her getirdi\u011fi ki\u015fi i\u00e7in KAHRAMANLIK MADALYASI alacakt\u0131r. En fazla madalya alan s\u0131n\u0131fa 1 adet futbol topu ve 1 adet milli tak\u0131m formas\u0131 hediye edilecektir. En \u00e7ok madalya alan s\u0131n\u0131f KAHRAMAN SINIF se\u00e7ilecek ve KAHRAMAN SINIF BELGES\u0130 alacakt\u0131r&#8221; \u00f6\u011frenci ve s\u0131n\u0131flara kahramanl\u0131k payesi verilece\u011fi a\u00e7\u0131kland\u0131.<\/p>\n<p>Okul M\u00fcd\u00fcr\u00fc Kamuran Ayd\u0131n &#8220;Kan ba\u011f\u0131\u015f\u0131nda bulunacak velilerimizin kimliklerinin yan\u0131nda olmas\u0131 ve tok karn\u0131na gelmeleri \u00f6nemle rica olunur. Kan Ba\u011f\u0131\u015f Noktas\u0131: \u0130nk\u0131lap Ortaokulunda olacakt\u0131r.&#8221; a\u00e7\u0131klamas\u0131nda bulundu.<\/p>\n<p>Mardin Haberyolu<\/p>\n","protected":false},"excerpt":{"rendered":"<p>K\u0131z\u0131ltepe \u0130nk\u0131lap Ortaokulu M\u00fcd\u00fcr\u00fc Kamuran Ayd\u0131n, Kan ba\u011f\u0131\u015f\u0131nda bulunacak olan \u00f6\u011frencinin &#8216;Kahraman&#8217; ilan edilece\u011fini belirterek bu yolla ba\u011f\u0131\u015fa ilgiyi art\u0131rmak amac\u0131nda oldu\u011funu a\u00e7\u0131klad\u0131.<\/p>\n","protected":false},"author":1,"featured_media":111905,"comment_status":"open","ping_status":"open","sticky":false,"template":"","format":"standard","meta":{"footnotes":""},"categories":[16,3,2,4,30],"tags":[],"class_list":["post-111903","post","type-post","status-publish","format-standard","has-post-thumbnail","hentry","category-egitim","category-guncel","category-kiziltepe","category-manset","category-ust-manset"],"_links":{"self":[{"href":"https:\/\/mardinhaberyolu.com\/index.php?rest_route=\/wp\/v2\/posts\/111903","targetHints":{"allow":["GET"]}}],"collection":[{"href":"https:\/\/mardinhaberyolu.com\/index.php?rest_route=\/wp\/v2\/posts"}],"about":[{"href":"https:\/\/mardinhaberyolu.com\/index.php?rest_route=\/wp\/v2\/types\/post"}],"author":[{"embeddable":true,"href":"https:\/\/mardinhaberyolu.com\/index.php?rest_route=\/wp\/v2\/users\/1"}],"replies":[{"embeddable":true,"href":"https:\/\/mardinhaberyolu.com\/index.php?rest_route=%2Fwp%2Fv2%2Fcomments&post=111903"}],"version-history":[{"count":5,"href":"https:\/\/mardinhaberyolu.com\/index.php?rest_route=\/wp\/v2\/posts\/111903\/revisions"}],"predecessor-version":[{"id":111916,"href":"https:\/\/mardinhaberyolu.com\/index.php?rest_route=\/wp\/v2\/posts\/111903\/revisions\/111916"}],"wp:featuredmedia":[{"embeddable":true,"href":"https:\/\/mardinhaberyolu.com\/index.php?rest_route=\/wp\/v2\/media\/111905"}],"wp:attachment":[{"href":"https:\/\/mardinhaberyolu.com\/index.php?rest_route=%2Fwp%2Fv2%2Fmedia&parent=111903"}],"wp:term":[{"taxonomy":"category","embeddable":true,"href":"https:\/\/mardinhaberyolu.com\/index.php?rest_route=%2Fwp%2Fv2%2Fcategories&post=111903"},{"taxonomy":"post_tag","embeddable":true,"href":"https:\/\/mardinhaberyolu.com\/index.php?rest_route=%2Fwp%2Fv2%2Ftags&post=111903"}],"curies":[{"name":"wp","href":"https:\/\/api.w.org\/{rel}","templated":true}]}}