{"id":111838,"date":"2025-12-29T09:56:06","date_gmt":"2025-12-29T09:56:06","guid":{"rendered":"https:\/\/mardinhaberyolu.com\/?p=111838"},"modified":"2025-12-29T09:56:06","modified_gmt":"2025-12-29T09:56:06","slug":"artukluda-kaldirimlarda-kar-temizligi-calismalari-yapildi","status":"publish","type":"post","link":"https:\/\/mardinhaberyolu.com\/?p=111838","title":{"rendered":"Artuklu\u2019da Kald\u0131r\u0131mlarda Kar Temizli\u011fi \u00c7al\u0131\u015fmalar\u0131 Yap\u0131ld\u0131"},"content":{"rendered":"<p>Artuklu Belediyesi, Kent genelinde yollarda kar k\u00fcreme \u00e7al\u0131\u015fmalar\u0131n\u0131 h\u0131zla s\u00fcrd\u00fcr\u00fcrken, yaya g\u00fcvenli\u011fini sa\u011flamak amac\u0131yla kald\u0131r\u0131mlarda da kar temizleme \u00e7al\u0131\u015fmalar\u0131 aral\u0131ks\u0131z devam ediyor.<\/p>\n<p>Artuklu\u2019da etkili olan kar ya\u011f\u0131\u015f\u0131n\u0131n ard\u0131ndan yaya g\u00fcvenli\u011fini sa\u011flamak amac\u0131yla ba\u015flat\u0131lan kar temizleme \u00e7al\u0131\u015fmalar\u0131 s\u00fcr\u00fcyor.<\/p>\n<p>Kald\u0131r\u0131mlarda ve yaya yollar\u0131nda y\u00fcr\u00fct\u00fclen \u00e7al\u0131\u015fmalara kat\u0131lan Artuklu Belediyesi E\u015fba\u015fkan\u0131 Mehmet Ali Amak ve E\u015fba\u015fkan Yard\u0131mc\u0131s\u0131 G\u00fclgen Do\u011fan ile birlikte eline k\u00fcrek alarak belediye personeliyle omuz omuza kar temizli\u011fi yapt\u0131.<\/p>\n<p>Sahada \u00e7al\u0131\u015fan ekiplerle bir araya gelen E\u015fba\u015fkan Amak, emek\u00e7i personele kolayl\u0131klar dileyerek dayan\u0131\u015fma mesaj\u0131 verdi.<\/p>\n<p>Belediye ekipleri, kent genelinde ara\u00e7 ve yaya ula\u015f\u0131m\u0131n\u0131n g\u00fcvenli ve g\u00fcvenli \u015fekilde sa\u011flanmas\u0131 i\u00e7in \u00e7al\u0131\u015fmalar\u0131n\u0131 aral\u0131ks\u0131z s\u00fcrd\u00fcr\u00fcyor.<\/p>\n<p><img fetchpriority=\"high\" decoding=\"async\" class=\"alignnone size-medium wp-image-111840\" src=\"https:\/\/mardinhaberyolu.com\/wp-content\/uploads\/2025\/12\/IMG-20251229-WA0102-300x225.jpg\" alt=\"\" width=\"300\" height=\"225\" srcset=\"https:\/\/mardinhaberyolu.com\/wp-content\/uploads\/2025\/12\/IMG-20251229-WA0102-300x225.jpg 300w, https:\/\/mardinhaberyolu.com\/wp-content\/uploads\/2025\/12\/IMG-20251229-WA0102-1024x768.jpg 1024w, https:\/\/mardinhaberyolu.com\/wp-content\/uploads\/2025\/12\/IMG-20251229-WA0102-768x576.jpg 768w, https:\/\/mardinhaberyolu.com\/wp-content\/uploads\/2025\/12\/IMG-20251229-WA0102-1536x1152.jpg 1536w, https:\/\/mardinhaberyolu.com\/wp-content\/uploads\/2025\/12\/IMG-20251229-WA0102.jpg 2048w\" sizes=\"(max-width: 300px) 100vw, 300px\" \/><\/p>\n<p>Mardin Haberyolu<\/p>\n","protected":false},"excerpt":{"rendered":"<p>E\u015fba\u015fkan Amak Eline K\u00fcrek Ald\u0131, Kald\u0131r\u0131mlarda Kar Temizledi<\/p>\n","protected":false},"author":1,"featured_media":111839,"comment_status":"open","ping_status":"open","sticky":false,"template":"","format":"standard","meta":{"footnotes":""},"categories":[3,4,9,18,30,27],"tags":[],"class_list":["post-111838","post","type-post","status-publish","format-standard","has-post-thumbnail","hentry","category-guncel","category-manset","category-mardin","category-toplumsal-yasam-gundem","category-ust-manset","category-yerel-siyaset"],"_links":{"self":[{"href":"https:\/\/mardinhaberyolu.com\/index.php?rest_route=\/wp\/v2\/posts\/111838","targetHints":{"allow":["GET"]}}],"collection":[{"href":"https:\/\/mardinhaberyolu.com\/index.php?rest_route=\/wp\/v2\/posts"}],"about":[{"href":"https:\/\/mardinhaberyolu.com\/index.php?rest_route=\/wp\/v2\/types\/post"}],"author":[{"embeddable":true,"href":"https:\/\/mardinhaberyolu.com\/index.php?rest_route=\/wp\/v2\/users\/1"}],"replies":[{"embeddable":true,"href":"https:\/\/mardinhaberyolu.com\/index.php?rest_route=%2Fwp%2Fv2%2Fcomments&post=111838"}],"version-history":[{"count":1,"href":"https:\/\/mardinhaberyolu.com\/index.php?rest_route=\/wp\/v2\/posts\/111838\/revisions"}],"predecessor-version":[{"id":111841,"href":"https:\/\/mardinhaberyolu.com\/index.php?rest_route=\/wp\/v2\/posts\/111838\/revisions\/111841"}],"wp:featuredmedia":[{"embeddable":true,"href":"https:\/\/mardinhaberyolu.com\/index.php?rest_route=\/wp\/v2\/media\/111839"}],"wp:attachment":[{"href":"https:\/\/mardinhaberyolu.com\/index.php?rest_route=%2Fwp%2Fv2%2Fmedia&parent=111838"}],"wp:term":[{"taxonomy":"category","embeddable":true,"href":"https:\/\/mardinhaberyolu.com\/index.php?rest_route=%2Fwp%2Fv2%2Fcategories&post=111838"},{"taxonomy":"post_tag","embeddable":true,"href":"https:\/\/mardinhaberyolu.com\/index.php?rest_route=%2Fwp%2Fv2%2Ftags&post=111838"}],"curies":[{"name":"wp","href":"https:\/\/api.w.org\/{rel}","templated":true}]}}