{"id":111835,"date":"2025-12-29T09:51:40","date_gmt":"2025-12-29T09:51:40","guid":{"rendered":"https:\/\/mardinhaberyolu.com\/?p=111835"},"modified":"2025-12-29T09:51:40","modified_gmt":"2025-12-29T09:51:40","slug":"mardin-buyuksehir-belediyesinden-araliksiz-karla-mucadele-calismalari","status":"publish","type":"post","link":"https:\/\/mardinhaberyolu.com\/?p=111835","title":{"rendered":"Mardin B\u00fcy\u00fck\u015fehir Belediyesinden Aral\u0131ks\u0131z Karla M\u00fccadele \u00c7al\u0131\u015fmalar\u0131"},"content":{"rendered":"<p>Mardin B\u00fcy\u00fck\u015fehir Belediyesi, kent genelinde etkili olan kar ya\u011f\u0131\u015f\u0131 ve so\u011fuk hava ko\u015fullar\u0131na kar\u015f\u0131 vatanda\u015flar\u0131n g\u00fcnl\u00fck ya\u015fam\u0131n\u0131n aksamamas\u0131 i\u00e7in karla m\u00fccadele \u00e7al\u0131\u015fmalar\u0131n\u0131 aral\u0131ks\u0131z s\u00fcrd\u00fcr\u00fcyor.<\/p>\n<p>Belediyeye ba\u011fl\u0131 ekipler, \u00f6zellikle y\u00fcksek kesimler ve k\u0131rsal mahallelerde kar k\u00fcreme, yol a\u00e7ma ve tuzlama \u00e7al\u0131\u015fmalar\u0131n\u0131 yo\u011fun \u015fekilde y\u00fcr\u00fct\u00fcyor. Ula\u015f\u0131mda herhangi bir aksakl\u0131k ya\u015fanmamas\u0131 amac\u0131yla ana arterler, hastane yollar\u0131 ve toplu ta\u015f\u0131ma g\u00fczerg\u00e2hlar\u0131 \u00f6ncelikli olarak a\u00e7\u0131k tutuluyor.<\/p>\n<p>Fen \u0130\u015fleri, Yol Bak\u0131m ve Onar\u0131m ile Ula\u015f\u0131m Daire Ba\u015fkanl\u0131klar\u0131na ba\u011fl\u0131 ekipler, i\u015f makineleri ve personel deste\u011fiyle 7\/24 esas\u0131na g\u00f6re sahada g\u00f6rev yaparken, buzlanma riskine kar\u015f\u0131 tuzlama \u00e7al\u0131\u015fmalar\u0131 da titizlikle s\u00fcrd\u00fcr\u00fcl\u00fcyor.<\/p>\n<p>Mardin B\u00fcy\u00fck\u015fehir Belediyesi yetkilileri, olumsuz hava ko\u015fullar\u0131na kar\u015f\u0131 t\u00fcm haz\u0131rl\u0131klar\u0131n tamamland\u0131\u011f\u0131n\u0131 belirterek, vatanda\u015flar\u0131n zorunlu olmad\u0131k\u00e7a \u00f6zel ara\u00e7lar\u0131yla trafi\u011fe \u00e7\u0131kmamalar\u0131, k\u0131\u015f lasti\u011fi kullanmalar\u0131 ve yap\u0131lan uyar\u0131lara dikkat etmeleri \u00e7a\u011fr\u0131s\u0131nda bulundu.<\/p>\n<p>B\u00fclten<\/p>\n","protected":false},"excerpt":{"rendered":"<p>Mardin B\u00fcy\u00fck\u015fehir Belediyesi Karla M\u00fccadele \u00c7al\u0131\u015fmalar\u0131n\u0131 Aral\u0131ks\u0131z S\u00fcrd\u00fcr\u00fcyor<\/p>\n","protected":false},"author":1,"featured_media":111836,"comment_status":"open","ping_status":"open","sticky":false,"template":"","format":"standard","meta":{"footnotes":""},"categories":[3,4,9,18,30],"tags":[],"class_list":["post-111835","post","type-post","status-publish","format-standard","has-post-thumbnail","hentry","category-guncel","category-manset","category-mardin","category-toplumsal-yasam-gundem","category-ust-manset"],"_links":{"self":[{"href":"https:\/\/mardinhaberyolu.com\/index.php?rest_route=\/wp\/v2\/posts\/111835","targetHints":{"allow":["GET"]}}],"collection":[{"href":"https:\/\/mardinhaberyolu.com\/index.php?rest_route=\/wp\/v2\/posts"}],"about":[{"href":"https:\/\/mardinhaberyolu.com\/index.php?rest_route=\/wp\/v2\/types\/post"}],"author":[{"embeddable":true,"href":"https:\/\/mardinhaberyolu.com\/index.php?rest_route=\/wp\/v2\/users\/1"}],"replies":[{"embeddable":true,"href":"https:\/\/mardinhaberyolu.com\/index.php?rest_route=%2Fwp%2Fv2%2Fcomments&post=111835"}],"version-history":[{"count":1,"href":"https:\/\/mardinhaberyolu.com\/index.php?rest_route=\/wp\/v2\/posts\/111835\/revisions"}],"predecessor-version":[{"id":111837,"href":"https:\/\/mardinhaberyolu.com\/index.php?rest_route=\/wp\/v2\/posts\/111835\/revisions\/111837"}],"wp:featuredmedia":[{"embeddable":true,"href":"https:\/\/mardinhaberyolu.com\/index.php?rest_route=\/wp\/v2\/media\/111836"}],"wp:attachment":[{"href":"https:\/\/mardinhaberyolu.com\/index.php?rest_route=%2Fwp%2Fv2%2Fmedia&parent=111835"}],"wp:term":[{"taxonomy":"category","embeddable":true,"href":"https:\/\/mardinhaberyolu.com\/index.php?rest_route=%2Fwp%2Fv2%2Fcategories&post=111835"},{"taxonomy":"post_tag","embeddable":true,"href":"https:\/\/mardinhaberyolu.com\/index.php?rest_route=%2Fwp%2Fv2%2Ftags&post=111835"}],"curies":[{"name":"wp","href":"https:\/\/api.w.org\/{rel}","templated":true}]}}