{"id":111813,"date":"2025-12-27T04:57:13","date_gmt":"2025-12-27T04:57:13","guid":{"rendered":"https:\/\/mardinhaberyolu.com\/?p=111813"},"modified":"2025-12-27T04:57:13","modified_gmt":"2025-12-27T04:57:13","slug":"artuklu-belediyesinden-anlamli-fidan-dikim-seferberligi-doga-ve-insan-icin-yesil-adimlar","status":"publish","type":"post","link":"https:\/\/mardinhaberyolu.com\/?p=111813","title":{"rendered":"Artuklu Belediyesi\u2019nden Anlaml\u0131 Fidan Dikim Seferberli\u011fi: Do\u011fa ve \u0130nsan \u0130\u00e7in Ye\u015fil Ad\u0131mlar"},"content":{"rendered":"<p>Artuklu Belediyesi, \u00e7evreye duyarl\u0131 ve s\u00fcrd\u00fcr\u00fclebilir bir kent vizyonu do\u011frultusunda, ekolojik ya\u015fam\u0131 g\u00fc\u00e7lendirmek ve ye\u015fil alanlar\u0131 art\u0131rmak amac\u0131yla kapsaml\u0131 bir fidan dikim seferberli\u011fi ger\u00e7ekle\u015ftirdi. Bu \u00f6nemli giri\u015fim, Yayla Mahallesi ve Mardin Sanayi Sitesi olmak \u00fczere iki farkl\u0131 noktada e\u015f zamanl\u0131 olarak y\u00fczlerce fidan\u0131n toprakla bulu\u015fturulmas\u0131yla hayata ge\u00e7irildi.<\/p>\n<p>Yayla Mahallesi\u2019nde d\u00fczenlenen etkinlikte, Artuklu Belediyesi E\u015fba\u015fkan\u0131 Mehmet Ali Amak, E\u015fba\u015fkan Yard\u0131mc\u0131lar\u0131 G\u00fclgen Do\u011fan, Dilan Bilin ve Nurettin Bak\u0131\u015f, meclis \u00fcyeleri, belediye personelleri ve Mardin Ekoloji Derne\u011fi \u00fcyeleri bir araya gelerek me\u015fe ve \u00e7am fidanlar\u0131n\u0131 toprakla bulu\u015fturdu.<\/p>\n<p>Kat\u0131l\u0131mc\u0131lar, ye\u015fil bir Artuklu hedefi do\u011frultusunda do\u011fayla uyumlu kent anlay\u0131\u015f\u0131n\u0131 vurgulayarak, gelece\u011fe nefes olacak bu \u00e7al\u0131\u015fman\u0131n \u00f6nemine dikkat \u00e7ekti.<\/p>\n<p><img fetchpriority=\"high\" decoding=\"async\" class=\"alignnone size-medium wp-image-111815\" src=\"https:\/\/mardinhaberyolu.com\/wp-content\/uploads\/2025\/12\/IMG-20251226-WA0075-300x225.jpg\" alt=\"\" width=\"300\" height=\"225\" srcset=\"https:\/\/mardinhaberyolu.com\/wp-content\/uploads\/2025\/12\/IMG-20251226-WA0075-300x225.jpg 300w, https:\/\/mardinhaberyolu.com\/wp-content\/uploads\/2025\/12\/IMG-20251226-WA0075-1024x768.jpg 1024w, https:\/\/mardinhaberyolu.com\/wp-content\/uploads\/2025\/12\/IMG-20251226-WA0075-768x576.jpg 768w, https:\/\/mardinhaberyolu.com\/wp-content\/uploads\/2025\/12\/IMG-20251226-WA0075-1536x1152.jpg 1536w, https:\/\/mardinhaberyolu.com\/wp-content\/uploads\/2025\/12\/IMG-20251226-WA0075-2048x1536.jpg 2048w\" sizes=\"(max-width: 300px) 100vw, 300px\" \/><\/p>\n<p>\u00d6te yandan, Mardin Sanayi Sitesi\u2019nde ger\u00e7ekle\u015ftirilen fidan dikim \u00e7al\u0131\u015fmas\u0131na ise Artuklu Belediyesi E\u015fba\u015fkan\u0131 M\u00fcnevver \u00d6lker, E\u015fba\u015fkan Yard\u0131mc\u0131s\u0131 Dilan Bilin, meclis \u00fcyeleri, Ekoloji Derne\u011fi, T\u00fcm Bel-Sen, sanayi esnaf\u0131 ile Park ve Bah\u00e7eler M\u00fcd\u00fcrl\u00fc\u011f\u00fc ve D\u0131\u015f \u0130li\u015fkiler M\u00fcd\u00fcrl\u00fc\u011f\u00fc ekipleri kat\u0131ld\u0131.<\/p>\n<p>Bu alanda yap\u0131lan dikimlerle, yo\u011fun \u00e7al\u0131\u015fma temposu i\u00e7inde olan sanayi emek\u00e7ileri i\u00e7in nefes alabilecekleri yeni bir ya\u015fam alan\u0131 olu\u015fturuldu.<\/p>\n<p>Sanayi sitesi ye\u015fil alan\u0131, \u00f6n\u00fcm\u00fczdeki d\u00f6nemde kamelya ve oturma alanlar\u0131yla desteklenerek, emek\u00e7ilerin dinlenebilece\u011fi, sosyal ve sa\u011fl\u0131kl\u0131 bir mekana d\u00f6n\u00fc\u015ft\u00fcr\u00fclmesi planlan\u0131yor.<\/p>\n<p>Sanayi sitesinde yap\u0131lan bu ye\u015fillendirme \u00e7al\u0131\u015fmalar\u0131, yo\u011fun ve zorlu \u00e7al\u0131\u015fma temposu i\u00e7erisinde olan sanayi emek\u00e7ileri i\u00e7in nefes alabilecekleri yeni bir ya\u015fam alan\u0131 olu\u015ftururken, sanayi esnaf\u0131 taraf\u0131ndan da memnuniyetle kar\u015f\u0131land\u0131.<\/p>\n<p>Ayn\u0131 zamanda ara\u00e7lar\u0131n\u0131 tamir i\u00e7in sanayi sitesine getiren yurtta\u015flar\u0131n, bekleme s\u00fcrecinde dinlenebilecekleri, g\u00f6lgelenebilecekleri ve zaman ge\u00e7irebilecekleri sosyal bir alan\u0131n temelleri at\u0131lm\u0131\u015f oldu.<\/p>\n<p>Artuklu Belediyesi, do\u011fay\u0131 koruyan, ye\u015fil alanlar\u0131 \u00e7o\u011faltan ve ekolojik dengeyi g\u00f6zeten belediyecilik anlay\u0131\u015f\u0131yla, kent genelinde \u00e7evreye duyarl\u0131 ve s\u00fcrd\u00fcr\u00fclebilir projelerini kararl\u0131l\u0131kla s\u00fcrd\u00fcrmeye devam edece\u011fini bir kez daha ortaya koydu.<\/p>\n<p><img decoding=\"async\" class=\"alignnone size-medium wp-image-111816\" src=\"https:\/\/mardinhaberyolu.com\/wp-content\/uploads\/2025\/12\/IMG-20251226-WA0071-300x225.jpg\" alt=\"\" width=\"300\" height=\"225\" srcset=\"https:\/\/mardinhaberyolu.com\/wp-content\/uploads\/2025\/12\/IMG-20251226-WA0071-300x225.jpg 300w, https:\/\/mardinhaberyolu.com\/wp-content\/uploads\/2025\/12\/IMG-20251226-WA0071-1024x768.jpg 1024w, https:\/\/mardinhaberyolu.com\/wp-content\/uploads\/2025\/12\/IMG-20251226-WA0071-768x576.jpg 768w, https:\/\/mardinhaberyolu.com\/wp-content\/uploads\/2025\/12\/IMG-20251226-WA0071-1536x1152.jpg 1536w, https:\/\/mardinhaberyolu.com\/wp-content\/uploads\/2025\/12\/IMG-20251226-WA0071-2048x1536.jpg 2048w\" sizes=\"(max-width: 300px) 100vw, 300px\" \/><\/p>\n<p>B\u00fclten<\/p>\n","protected":false},"excerpt":{"rendered":"<p>*\u201cMe\u015fe ve \u00c7am Fidanlar\u0131 Toprakla Bulu\u015ftu\u201d*<\/p>\n","protected":false},"author":1,"featured_media":111814,"comment_status":"open","ping_status":"open","sticky":false,"template":"","format":"standard","meta":{"footnotes":""},"categories":[3,11,4,18,27],"tags":[],"class_list":["post-111813","post","type-post","status-publish","format-standard","has-post-thumbnail","hentry","category-guncel","category-kultur-sanat","category-manset","category-toplumsal-yasam-gundem","category-yerel-siyaset"],"_links":{"self":[{"href":"https:\/\/mardinhaberyolu.com\/index.php?rest_route=\/wp\/v2\/posts\/111813","targetHints":{"allow":["GET"]}}],"collection":[{"href":"https:\/\/mardinhaberyolu.com\/index.php?rest_route=\/wp\/v2\/posts"}],"about":[{"href":"https:\/\/mardinhaberyolu.com\/index.php?rest_route=\/wp\/v2\/types\/post"}],"author":[{"embeddable":true,"href":"https:\/\/mardinhaberyolu.com\/index.php?rest_route=\/wp\/v2\/users\/1"}],"replies":[{"embeddable":true,"href":"https:\/\/mardinhaberyolu.com\/index.php?rest_route=%2Fwp%2Fv2%2Fcomments&post=111813"}],"version-history":[{"count":1,"href":"https:\/\/mardinhaberyolu.com\/index.php?rest_route=\/wp\/v2\/posts\/111813\/revisions"}],"predecessor-version":[{"id":111817,"href":"https:\/\/mardinhaberyolu.com\/index.php?rest_route=\/wp\/v2\/posts\/111813\/revisions\/111817"}],"wp:featuredmedia":[{"embeddable":true,"href":"https:\/\/mardinhaberyolu.com\/index.php?rest_route=\/wp\/v2\/media\/111814"}],"wp:attachment":[{"href":"https:\/\/mardinhaberyolu.com\/index.php?rest_route=%2Fwp%2Fv2%2Fmedia&parent=111813"}],"wp:term":[{"taxonomy":"category","embeddable":true,"href":"https:\/\/mardinhaberyolu.com\/index.php?rest_route=%2Fwp%2Fv2%2Fcategories&post=111813"},{"taxonomy":"post_tag","embeddable":true,"href":"https:\/\/mardinhaberyolu.com\/index.php?rest_route=%2Fwp%2Fv2%2Ftags&post=111813"}],"curies":[{"name":"wp","href":"https:\/\/api.w.org\/{rel}","templated":true}]}}