{"id":111809,"date":"2025-12-26T13:35:59","date_gmt":"2025-12-26T13:35:59","guid":{"rendered":"https:\/\/mardinhaberyolu.com\/?p=111809"},"modified":"2025-12-26T13:35:59","modified_gmt":"2025-12-26T13:35:59","slug":"mardin-buyuksehir-belediyesi-aile-yili-kapsaminda-47-cifti-umreye-gonderecek","status":"publish","type":"post","link":"https:\/\/mardinhaberyolu.com\/?p=111809","title":{"rendered":"Mardin B\u00fcy\u00fck\u015fehir Belediyesi Aile Y\u0131l\u0131 Kapsam\u0131nda 47 \u00c7ifti Umreye G\u00f6nderecek"},"content":{"rendered":"<p>Mardin B\u00fcy\u00fck\u015fehir Belediyesi, 2025 Aile Y\u0131l\u0131 kapsam\u0131nda evlilikte 25 y\u0131l\u0131n\u0131 tamamlayan \u00e7iftlere y\u00f6nelik anlaml\u0131 bir umre program\u0131 hayata ge\u00e7iriyor. Programla, aile kurumunun g\u00fc\u00e7lendirilmesi ve uzun soluklu evliliklerin desteklenmesi ama\u00e7lan\u0131yor.<\/p>\n<p>Aile ve Sosyal Hizmetler Bakan\u0131 Mahinur \u00d6zdemir G\u00f6kta\u015f\u2019\u0131n te\u015frifleri ile Mardin Valisi ve B\u00fcy\u00fck\u015fehir Belediye Ba\u015fkan Vekili Tuncay Akkoyun\u2019un kat\u0131l\u0131m\u0131yla Aile Y\u0131l\u0131 Sosyal Destekler Tan\u0131t\u0131m Program\u0131 kapsam\u0131nda kamuoyuna tan\u0131t\u0131lan projeler aras\u0131nda, evlilikte 25 y\u0131l\u0131n\u0131 dolduran 47 \u00e7iftin umre ziyareti de yer ald\u0131.<\/p>\n<p>Program \u00e7er\u00e7evesinde, umre ziyaretine kat\u0131lmaya \u00e7iftler i\u00e7in 26 Aral\u0131k tarihi itibariyle ba\u015fvurlar ba\u015flad\u0131. 47 \u00e7ift, 15 Ocak 2026 tarihinde komisyon huzurunda yap\u0131lacak kura \u00e7ekimiyle belirlenecek. Umre ziyareti ise 22\u201330 Mart 2026 tarihleri aras\u0131nda ger\u00e7ekle\u015ftirilecek.<\/p>\n<p>Programa ba\u015fvurular, 26 Aral\u0131k 2025 ile 9 Ocak 2026 tarihleri aras\u0131nda al\u0131nacak. Ba\u015fvurular, Mardin B\u00fcy\u00fck\u015fehir Belediyesi\u2019nin https:\/\/basvuru.mardin.bel.tr\/tr adresi \u00fczerinden \u00e7evrim i\u00e7i olarak yap\u0131labilecek. Ba\u015fvuru \u015fartlar\u0131 ve programa ili\u015fkin t\u00fcm detaylara da ayn\u0131 internet adresinden ula\u015f\u0131labilecek.<\/p>\n<p>Mardin B\u00fcy\u00fck\u015fehir Belediyesi Kad\u0131n ve Aile Hizmetleri Daire Ba\u015fkanl\u0131\u011f\u0131 taraf\u0131ndan y\u00fcr\u00fct\u00fclecek olan program\u0131n, 2025 Aile Y\u0131l\u0131 faaliyetleri kapsam\u0131nda aile kurumunun korunmas\u0131na ve evliliklerin te\u015fvik edilmesine \u00f6nemli katk\u0131 sunmas\u0131 hedefleniyor.<\/p>\n<p>Mardin Haberyolu<\/p>\n","protected":false},"excerpt":{"rendered":"<p>Umre Kay\u0131t Ba\u015fvurlar\u0131 Ba\u015flad\u0131<\/p>\n","protected":false},"author":1,"featured_media":111810,"comment_status":"open","ping_status":"open","sticky":false,"template":"","format":"standard","meta":{"footnotes":""},"categories":[3,4,9,18,30],"tags":[],"class_list":["post-111809","post","type-post","status-publish","format-standard","has-post-thumbnail","hentry","category-guncel","category-manset","category-mardin","category-toplumsal-yasam-gundem","category-ust-manset"],"_links":{"self":[{"href":"https:\/\/mardinhaberyolu.com\/index.php?rest_route=\/wp\/v2\/posts\/111809","targetHints":{"allow":["GET"]}}],"collection":[{"href":"https:\/\/mardinhaberyolu.com\/index.php?rest_route=\/wp\/v2\/posts"}],"about":[{"href":"https:\/\/mardinhaberyolu.com\/index.php?rest_route=\/wp\/v2\/types\/post"}],"author":[{"embeddable":true,"href":"https:\/\/mardinhaberyolu.com\/index.php?rest_route=\/wp\/v2\/users\/1"}],"replies":[{"embeddable":true,"href":"https:\/\/mardinhaberyolu.com\/index.php?rest_route=%2Fwp%2Fv2%2Fcomments&post=111809"}],"version-history":[{"count":1,"href":"https:\/\/mardinhaberyolu.com\/index.php?rest_route=\/wp\/v2\/posts\/111809\/revisions"}],"predecessor-version":[{"id":111811,"href":"https:\/\/mardinhaberyolu.com\/index.php?rest_route=\/wp\/v2\/posts\/111809\/revisions\/111811"}],"wp:featuredmedia":[{"embeddable":true,"href":"https:\/\/mardinhaberyolu.com\/index.php?rest_route=\/wp\/v2\/media\/111810"}],"wp:attachment":[{"href":"https:\/\/mardinhaberyolu.com\/index.php?rest_route=%2Fwp%2Fv2%2Fmedia&parent=111809"}],"wp:term":[{"taxonomy":"category","embeddable":true,"href":"https:\/\/mardinhaberyolu.com\/index.php?rest_route=%2Fwp%2Fv2%2Fcategories&post=111809"},{"taxonomy":"post_tag","embeddable":true,"href":"https:\/\/mardinhaberyolu.com\/index.php?rest_route=%2Fwp%2Fv2%2Ftags&post=111809"}],"curies":[{"name":"wp","href":"https:\/\/api.w.org\/{rel}","templated":true}]}}