{"id":111686,"date":"2025-12-18T15:21:28","date_gmt":"2025-12-18T15:21:28","guid":{"rendered":"https:\/\/mardinhaberyolu.com\/?p=111686"},"modified":"2025-12-18T15:21:28","modified_gmt":"2025-12-18T15:21:28","slug":"mardin-tsonun-uye-istisare-bulusmalari-omerliyle-devam-etti","status":"publish","type":"post","link":"https:\/\/mardinhaberyolu.com\/?p=111686","title":{"rendered":"Mardin TSO\u2019nun \u00fcye isti\u015fare bulu\u015fmalar\u0131 \u00d6merli\u2019yle devam etti"},"content":{"rendered":"<p>\u00d6merli i\u015f d\u00fcnyas\u0131n\u0131n yo\u011fun kat\u0131l\u0131m sa\u011flad\u0131\u011f\u0131 bulu\u015fmada; oda b\u00fcnyesinde y\u00fcr\u00fct\u00fclen faaliyetler kamuoyuna a\u00e7\u0131klan\u0131rken; i\u015f insanlar\u0131n\u0131n sorun, talep ve \u00f6nerileri al\u0131nd\u0131.<br \/>\nMardin Ticaret ve Sanayi Odas\u0131\u2019n\u0131n \u201cOrtak Hedefimiz ve Ortak Gelece\u011fimiz\u201d mottosuyla d\u00fczenledi\u011fi \u00dcye \u0130sti\u015fare Bulu\u015fmalar\u0131 devam ediyor. \u015eeffafl\u0131k ilkesi do\u011frultusunda oda b\u00fcnyesinde y\u00fcr\u00fct\u00fclen faaliyetlerin kamuoyuna duyurulmas\u0131 ve \u00fcyelerden gelen taleplerin al\u0131nmas\u0131 amac\u0131yla 8\u2019inci kez d\u00fczenlenen toplant\u0131 \u00d6merli\u2019de ger\u00e7ekle\u015ftirildi. \u00d6merli i\u015f d\u00fcnyas\u0131n\u0131n yo\u011fun kat\u0131l\u0131m sa\u011flad\u0131\u011f\u0131 bulu\u015fmada il\u00e7enin ekonomik kalk\u0131nma potansiyeli ele al\u0131nd\u0131. Ayr\u0131ca tar\u0131m, turizm, sanayi ve lojistik alanlar\u0131nda s\u00fcrd\u00fcr\u00fclen projeler masaya yat\u0131r\u0131ld\u0131. Mardin Ticaret ve Sanayi Odas\u0131 Meclis Ba\u015fkan\u0131 Sabahattin Evrensel, Y\u00f6netim Kurulu Ba\u015fkan\u0131 Hatip \u00c7elik, Y\u00f6netim Kurulu \u00dcyeleri ve Meclis \u00dcyelerinin kat\u0131l\u0131m\u0131yla ger\u00e7ekle\u015ftirilen bulu\u015fmaya \u00d6merli Kaymakam\u0131 Furkan \u00c7ak\u0131r, \u00d6merli Belediye Ba\u015fkan\u0131 H\u00fcsamettin Alt\u0131nda\u011f, \u00d6merli K\u00fc\u00e7\u00fck Sanayi Sitesi Ba\u015fkan\u0131 M. Veysi Uzunkaya, \u00d6merli Esnaf ve Sanatkarlar Kredi ve Kefalet Kooperatifi Ba\u015fkan\u0131 \u015eeyhmus Akg\u00fcnd\u00fcz, \u00d6merli Gen\u00e7 \u0130\u015f Adamlar\u0131 Derne\u011fi Ba\u015fkan\u0131 Mehmet Nezir Uzunkaya, \u00d6merli Muhtarlar Derne\u011fi Ba\u015fkan\u0131 Mehmet Ali Turgut, Al\u0131\u00e7l\u0131-An\u0131ttepe ve Salihk\u00f6y K\u00f6yleri Tar\u0131msal Kalk\u0131nma Kooperatifi Ba\u015fkan\u0131 Fahri Eldemir, muhtarlar, kanaat \u00f6nderleri ve \u00e7ok say\u0131da i\u015f insan\u0131 i\u015ftirak etti.<br \/>\n\u00d6merli\u2019nin gelece\u011fini \u015fekillendiren i\u015f insanlar\u0131n\u0131n \u00f6ncelikli talepleri aras\u0131nda; il\u00e7eye bir \u00f6nemli ihracat avantajlar\u0131n\u0131n sa\u011fland\u0131\u011f\u0131 bir serbest b\u00f6lgenin kurulmas\u0131, \u00e7evre yolu projesinde in\u015faat\u0131n ba\u015flamas\u0131, k\u00fc\u00e7\u00fck sanayi sitesinin kurulmas\u0131, kapal\u0131 pazaryerinin a\u00e7\u0131lmas\u0131, \u015fehir i\u00e7i minib\u00fcs terminalinin ba\u015flat\u0131lmas\u0131, kentteki tarihi yap\u0131lar\u0131n yeniden restore edilerek kent turizmine entegrasyonunun sa\u011flanmas\u0131, il\u00e7edeki sosyal, spor ve k\u00fclt\u00fcrel etkinliklerin art\u0131r\u0131lmas\u0131 gibi konular \u00f6ne \u00e7\u0131kt\u0131.<br \/>\nToplant\u0131n\u0131n a\u00e7\u0131l\u0131\u015f konu\u015fmas\u0131n\u0131 ger\u00e7ekle\u015ftiren Mardin Ticaret ve Sanayi Odas\u0131 Y\u00f6netim Kurulu Ba\u015fkan\u0131 Hatip \u00c7elik, \u00e7at\u0131 kurulu\u015flar\u0131 TOBB\u2019dan ald\u0131klar\u0131 g\u00fc\u00e7 ve TOBB Ba\u015fkan\u0131 M. Rifat Hisarc\u0131kl\u0131o\u011flu\u2019nun k\u00fcresel vizyonun rehberli\u011finde i\u015f d\u00fcnyas\u0131n\u0131n ihtiya\u00e7lar\u0131n\u0131n kar\u015f\u0131lanmas\u0131 i\u00e7in aral\u0131ks\u0131z \u00e7al\u0131\u015ft\u0131klar\u0131n\u0131 s\u00f6yledi.<\/p>\n<p><img fetchpriority=\"high\" decoding=\"async\" class=\"alignnone size-medium wp-image-111688\" src=\"https:\/\/mardinhaberyolu.com\/wp-content\/uploads\/2025\/12\/IMG-20251218-WA0051-300x200.jpg\" alt=\"\" width=\"300\" height=\"200\" srcset=\"https:\/\/mardinhaberyolu.com\/wp-content\/uploads\/2025\/12\/IMG-20251218-WA0051-300x200.jpg 300w, https:\/\/mardinhaberyolu.com\/wp-content\/uploads\/2025\/12\/IMG-20251218-WA0051-1024x684.jpg 1024w, https:\/\/mardinhaberyolu.com\/wp-content\/uploads\/2025\/12\/IMG-20251218-WA0051-768x513.jpg 768w, https:\/\/mardinhaberyolu.com\/wp-content\/uploads\/2025\/12\/IMG-20251218-WA0051-1536x1025.jpg 1536w, https:\/\/mardinhaberyolu.com\/wp-content\/uploads\/2025\/12\/IMG-20251218-WA0051.jpg 2048w\" sizes=\"(max-width: 300px) 100vw, 300px\" \/>TOBB Genel Ba\u015fkan\u0131 M. Rifat Hisarc\u0131kl\u0131o\u011flu\u2019nun ayn\u0131 zamanda D\u00fcnya Odalar Federasyonu Ba\u015fkan\u0131 oldu\u011funu an\u0131msatan Hatip \u00c7elik, \u201cAsya\u2019dan Pasifik\u2019e kadar t\u00fcm d\u00fcnyada etkisi olan bir organizasyonun b\u00fcnyesinde hareket ediyoruz. Genel ba\u015fkan\u0131m\u0131z\u0131n bize verdi\u011fi g\u00fc\u00e7 ve kamu kurum ve kurulu\u015flar\u0131m\u0131z ile olan ikili diyaloglar\u0131m\u0131z ile i\u015f d\u00fcnyam\u0131z\u0131n sorunlar\u0131n\u0131 ve taleplerini ivedilikle ilgili kurumlara iletiyoruz. \u00dcyelerimizin t\u00fcm sorunlar\u0131n\u0131 ekonomi \u015furalar\u0131nda, bakanl\u0131k ve isti\u015fare toplant\u0131lar\u0131nda dile getiriyor, temel misyonumuzu yerine getiriyoruz. Son s\u00fcre\u00e7te TOBB\u2019dan ald\u0131\u011f\u0131m\u0131z g\u00fc\u00e7le onlarca lobi faaliyetimizde \u00f6nemli ba\u015far\u0131lar elde ettik. ilimizde ya\u015fanan ula\u015f\u0131m sorunlar\u0131, enerji problemleri, imar ve altyap\u0131 sorunlar\u0131 ile alakal\u0131 m\u00fccadelemizi b\u00fcy\u00fct\u00fcyoruz. Bu alanda \u00fclkemizde bulunan 367 oda aras\u0131nda en iyileri aras\u0131na girmek i\u00e7in m\u00fccadele veriyoruz\u201d dedi.<br \/>\n\u00d6merli yeniden g\u00f6\u00e7 alan bir merkez konumuna geldi<br \/>\n\u00d6merli\u2019de s\u00fcrd\u00fcrd\u00fckleri temaslar\u0131 anlatan Ba\u015fkan Hatip \u00c7elik, \u201c\u00d6merli, 1953 y\u0131l\u0131nda bir buca\u011fa ba\u011fl\u0131 bir k\u00f6yd\u00fc. H\u0131zla artan n\u00fcfus ve g\u00f6\u00e7 ile birlikte \u00d6merli, son 70 y\u0131lda \u00f6nemli bir geli\u015fim g\u00f6sterdi. Yakla\u015f\u0131k 410 kilometrekarelik \u00f6l\u00e7\u00fcm\u00fc olan il\u00e7emiz, 43 mahalle ve 2 mezradan olu\u015fuyor. \u0130l\u00e7emizin ticari geli\u015fiminde ise ya\u015f meyve sekt\u00f6r\u00fc belirleyici bir rol oynuyor. \u00d6merli son 30 y\u0131lda \u00f6nemli bir g\u00f6\u00e7 sorunu ya\u015fad\u0131. Vatanda\u015flar\u0131m\u0131z\u0131n g\u00f6\u00e7 etmesine neden olan altyap\u0131 ve \u00fcstyap\u0131 sorunlar\u0131n\u0131n \u00e7\u00f6z\u00fcm\u00fc noktas\u0131nda son 3 y\u0131ld\u0131r \u00f6nemli bir mesafe ald\u0131k. G\u00fcn\u00fcm\u00fczde \u00d6merli yeniden g\u00f6\u00e7 alan bir merkez konumuna geldi. Bu \u015fehrin modern ya\u015fam standartlar\u0131na kavu\u015fmas\u0131 i\u00e7in temaslar\u0131m\u0131z h\u0131zla devam ediyor. K\u00fc\u00e7\u00fck sanayi sitesi, kapal\u0131 semt pazar\u0131, \u015fehir i\u00e7i minib\u00fcs terminali tesislerinin kurulmas\u0131 i\u00e7in bize s\u0131k s\u0131k talepler geliyor. Ald\u0131\u011f\u0131m\u0131z bu talepleri ivedi bir \u015fekilde ilgili kurumlar\u0131m\u0131za iletiyoruz. K\u00fc\u00e7\u00fck sanayi sitesinde ciddi bir mesafe al\u0131nd\u0131. \u00c7ok yak\u0131nda in\u015faata ba\u015flanmas\u0131 planlan\u0131yor\u201d diye konu\u015ftu.<br \/>\n\u00d6merli\u2019deki turizm destinasyonlar\u0131 Turizm Master Plan\u0131na eklenmeli<br \/>\nMardin Lojistik Master Plan\u0131\u2019n\u0131n haz\u0131rl\u0131klar\u0131n\u0131n ba\u015flad\u0131\u011f\u0131n\u0131 belirten Hatip \u00c7elik, \u00d6merli\u2019deki turizm destinasyonlar\u0131n\u0131n da s\u00f6z konusu plana eklenmesi i\u00e7in giri\u015fimlerde bulunduklar\u0131n\u0131 s\u00f6yledi. Tar\u0131mdan sonra \u00d6merli\u2019deki en stratejik sekt\u00f6rlerden birisinin turizm oldu\u011funu ifade eden Ba\u015fkan \u00c7elik, \u015f\u00f6yle konu\u015ftu: \u201c\u00d6merli, turizm sekt\u00f6r\u00fc a\u00e7\u0131s\u0131ndan Roma, Bizans, Osmanl\u0131 gibi farkl\u0131 medeniyetlerden kalan \u00f6zg\u00fcn yap\u0131larla ve eserlerle \u015fekillenmi\u015f bir \u015fehrimizdir. \u00d6zellikle Roma ve Bizans \u0130mparatorluklar\u0131 d\u00f6neminden kalma tarihi yap\u0131lar ve eserler turizm sekt\u00f6r\u00fcm\u00fcz i\u00e7in \u00f6nemli bir potansiyel ta\u015f\u0131maktad\u0131r. \u00d6merli tarihte \u00f6zel y\u00f6netim kademelerinde yer alm\u0131\u015f kadim kentlerimizden birisidir. \u0130l\u00e7emizdeki mevcut tarihi inan\u00e7 merkezleri, \u00e7ar\u015f\u0131s\u0131 ve di\u011fer k\u00fclt\u00fcrel destinasyon alanlar\u0131n\u0131 \u00f6zg\u00fcn yap\u0131lar\u0131n\u0131 koruyarak rehabilite edersek, Mardin, Midyat ve Savur\u2019dan sonraki en g\u00fc\u00e7l\u00fc turizm destinasyonumuz; \u00d6merli olacakt\u0131r.\u201d<\/p>\n<p><img decoding=\"async\" class=\"alignnone size-medium wp-image-111689\" src=\"https:\/\/mardinhaberyolu.com\/wp-content\/uploads\/2025\/12\/IMG-20251218-WA0050-300x200.jpg\" alt=\"\" width=\"300\" height=\"200\" srcset=\"https:\/\/mardinhaberyolu.com\/wp-content\/uploads\/2025\/12\/IMG-20251218-WA0050-300x200.jpg 300w, https:\/\/mardinhaberyolu.com\/wp-content\/uploads\/2025\/12\/IMG-20251218-WA0050-1024x684.jpg 1024w, https:\/\/mardinhaberyolu.com\/wp-content\/uploads\/2025\/12\/IMG-20251218-WA0050-768x513.jpg 768w, https:\/\/mardinhaberyolu.com\/wp-content\/uploads\/2025\/12\/IMG-20251218-WA0050-1536x1025.jpg 1536w, https:\/\/mardinhaberyolu.com\/wp-content\/uploads\/2025\/12\/IMG-20251218-WA0050.jpg 2048w\" sizes=\"(max-width: 300px) 100vw, 300px\" \/><br \/>\nAvrupa\u2019ya g\u00f6\u00e7 eden Mardinlilerin geri d\u00f6n\u00fc\u015f\u00fc s\u00fcr\u00fcyor<br \/>\nAvrupa\u2019ya g\u00f6\u00e7 etmi\u015f farkl\u0131 inan\u00e7lardan Mardinlilerin geri d\u00f6n\u00fc\u015f\u00fcn\u00fcn ba\u015flad\u0131\u011f\u0131n\u0131 ifade eden Hatip \u00c7elik, \u201cKurdu\u011fumuz D\u0131\u015f Ticaret Birimimizle yurt d\u0131\u015f\u0131 faaliyetlerinde daha profesyonel bir \u00e7al\u0131\u015fma sistemine ge\u00e7tik. Hem fuar kat\u0131l\u0131mlar\u0131m\u0131zla hem yurt d\u0131\u015f\u0131 ziyaretlerimiz ile Mardinli firmalar\u0131m\u0131z\u0131n g\u00f6r\u00fcn\u00fcrl\u00fc\u011f\u00fcn\u00fc art\u0131r\u0131yoruz. Almanya, Hollanda, Polonya, \u0130sve\u00e7 gibi \u00fclkelerde \u00f6nemli mesafeler ald\u0131k. Son olarak d\u0131\u015f temaslar\u0131m\u0131zda en \u00f6nemli g\u00fcndemlerimizden birisi Avrupa\u2019ya g\u00f6\u00e7 eden Ezidi, S\u00fcryani ve farkl\u0131 inan\u00e7 ve mezheplerden insanlar\u0131m\u0131z\u0131n ata topraklar\u0131na geri d\u00f6n\u00fc\u015f \u00e7al\u0131\u015fmalar\u0131d\u0131r. Bu alanda ciddi mesafeler ald\u0131\u011f\u0131m\u0131za inan\u0131yoruz. Geri d\u00f6n\u00fc\u015f \u00e7al\u0131\u015fmalar\u0131 art\u0131k devletimizin de g\u00fcndeminde yer al\u0131yor. Gurbet\u00e7i vatanda\u015flar\u0131m\u0131zdan taraf\u0131m\u0131za iletilen imar, ula\u015f\u0131m ve temel altyap\u0131 sorunlar\u0131n\u0131 ivedilikle ilgili kurumlara ileterek \u00e7\u00f6z\u00fcm sa\u011fl\u0131yoruz\u201d dedi.<br \/>\nNusaybin S\u0131n\u0131r Kap\u0131s\u0131\u2019n\u0131n yeniden a\u00e7\u0131lmas\u0131 i\u00e7in \u00e7al\u0131\u015f\u0131yoruz<br \/>\nSuriye\u2019nin yeniden normalle\u015fmesi ile birlikte Nusaybin S\u0131n\u0131r Kap\u0131s\u0131\u2019n\u0131n yeniden a\u00e7\u0131lmas\u0131 i\u00e7in lobi faaliyetlerini h\u0131zland\u0131rd\u0131klar\u0131n\u0131 belirten Hatip \u00c7elik, s\u00f6z konusu s\u0131n\u0131r kap\u0131s\u0131n\u0131n \u00fclke tarihi boyunca sadece ticareti de\u011fil, k\u00fclt\u00fcrel, akrabal\u0131k ve inan\u00e7lar\u0131 birbirlerine ba\u011flayan \u00f6nemli bir k\u00f6pr\u00fc oldu\u011funu vurgulad\u0131. Nusaybin ile Kam\u0131\u015fl\u0131 bir elman\u0131n iki yar\u0131s\u0131 gibi oldu\u011funu ifade eden \u00c7elik, \u201cT\u00fcrkiye ile Suriye s\u0131n\u0131r\u0131 \u00e7izildi\u011finde tek kent ikiye b\u00f6l\u00fcnm\u00fc\u015ft\u00fcr. Ayr\u0131ca Mardin\u2019de ya\u015fayan S\u00fcryani ve Ezidi vatanda\u015flar\u0131m\u0131z\u0131n akrabalar\u0131n\u0131n b\u00fcy\u00fck b\u00f6l\u00fcm\u00fc Suriye\u2019de ya\u015famaktad\u0131r. Biz Suriye ile hem inan\u00e7sal hem etnik hem de k\u00fclt\u00fcrel olarak birbirimize ba\u011fl\u0131 iki toplumuz. Mardinli firmalar\u0131n oraya yapacaklar\u0131 ticaret hem kendi sanayicilerimizin g\u00fc\u00e7lenmesi hem de Suriye\u2019nin de kalk\u0131nmas\u0131 anlam\u0131na gelmektedir. \u00d6zellikle zor bir s\u00fcre\u00e7ten ge\u00e7en ve emek yo\u011fun sekt\u00f6rlerden biri olan tekstil sanayicilerimizin en b\u00fcy\u00fck beklentilerinden birisi Nusaybin S\u0131n\u0131r Kap\u0131s\u0131\u2019n\u0131n a\u00e7\u0131larak pazara eri\u015fimin g\u00fc\u00e7lendirilmesidir. Bu noktada bizim lobi faaliyetlerimiz devam ediyor. \u0130lgili t\u00fcm kurumlarla s\u00fcrekli ileti\u015fim halindeyiz.\u201d<br \/>\nAlt\u0131nda\u011f: \u00d6merli gelece\u011fin y\u0131ld\u0131z \u015fehirlerinden biri olacak<br \/>\n\u00d6merli Belediye Ba\u015fkan\u0131 H\u00fcsamettin Alt\u0131nda\u011f ise \u00d6merli\u2019nin stratejik sekt\u00f6r\u00fcn\u00fcn tar\u0131m oldu\u011funu vurgulayarak konu\u015fmas\u0131na ba\u015flad\u0131. \u00d6merli\u2019nin ayr\u0131ca \u00f6nemli bir turizm \u015fehri oldu\u011funu kaydeden H\u00fcsamettin Alt\u0131nda\u011f, \u201cSon s\u00fcre\u00e7te bo\u015falan k\u00f6ylerimizde ya\u015fam yeniden canlan\u0131yor. \u00c7e\u015fitli s\u0131k\u0131nt\u0131lardan dolay\u0131 ba\u015fka yerlere g\u00f6\u00e7 eden vatanda\u015flar\u0131m\u0131z yeniden k\u00f6ylerine d\u00f6n\u00fcyor. Yaz aylar\u0131nda n\u00fcfusumuz 3 kat artarak 50 bin ki\u015fiye ula\u015f\u0131yor. Geri d\u00f6n\u00fc\u015flerin h\u0131zland\u0131r\u0131lmas\u0131 noktas\u0131nda altyap\u0131 \u00e7al\u0131\u015fmalar\u0131n\u0131 h\u0131zland\u0131rd\u0131k. \u00d6zellikle ula\u015f\u0131m ve yap\u0131la\u015fma sorunlar\u0131n\u0131n \u00e7\u00f6z\u00fclmesi i\u00e7in projelerimiz devam ediyor. \u00d6n\u00fcm\u00fczdeki d\u00f6nemde \u00d6merli\u2019de kalk\u0131nma hamlemizi daha da g\u00fc\u00e7lendirmeye \u00e7al\u0131\u015faca\u011f\u0131z. Bu alanda hem planlama hem de proje \u00fcretme noktas\u0131nda giri\u015fimlerimiz s\u00fcr\u00fcyor. Ayn\u0131 zamanda t\u00fcm payda\u015f kurumlar\u0131m\u0131zla olan ileti\u015fim ve i\u015fbirli\u011fi kanallar\u0131m\u0131z\u0131 daha da g\u00fc\u00e7lendiriyoruz. Do\u011fal gaz sorunumuz \u00e7\u00f6z\u00fcld\u00fc, ula\u015f\u0131m sorunlar\u0131m\u0131z\u0131 ve ihtiya\u00e7lar\u0131m\u0131z\u0131 h\u0131zla \u00e7\u00f6z\u00fcme kavu\u015fturuyoruz. G\u00f6\u00e7 verme sorunumuz azald\u0131, n\u00fcfusumuz yeniden art\u0131\u015f e\u011filimine girdi. K\u0131rsaldaki n\u00fcfus hareketlili\u011fi yeniden ba\u015flad\u0131. Bu s\u00fcreci te\u015fvik edecek giri\u015fimlerimizi art\u0131rd\u0131k. \u00d6merli gelecekte Mardin\u2019in parlayan y\u0131ld\u0131zlar\u0131ndan biri haline gelecek. Son olarak k\u0131rsal kalk\u0131nma hamlemiz kapsam\u0131nda Avrupa Birli\u011fi\u2019nin Leader Yerel Kalk\u0131nma Program\u0131\u2019na kat\u0131l\u0131m sa\u011flad\u0131k. Bu programdan gelen fonlar\u0131 kentimizin k\u0131rsal altyap\u0131s\u0131n\u0131n g\u00fc\u00e7lendirilmesi i\u00e7in kullan\u0131yoruz\u201d dedi.<br \/>\n\u201c\u0130\u015f d\u00fcnyas\u0131n\u0131n ihtiya\u00e7lar\u0131n\u0131 \u00f6nceleyen bir plan dahilinde \u00e7al\u0131\u015f\u0131yoruz\u201d<br \/>\nSon 3 y\u0131lda hayata ge\u00e7irdikleri projeler, faaliyetler ve lobi \u00e7al\u0131\u015fmalar\u0131 ile ilgili bir sunum ger\u00e7ekle\u015ftiren Mardin Ticaret ve Sanayi Odas\u0131 Y\u00f6netim Kurulu \u00dcyesi \u0130brahim Batuk, \u015f\u00f6yle devam etti: \u201c\u0130lk g\u00f6reve geldi\u011fimizde odam\u0131z\u0131n y\u00f6netim stratejisini kurumsalla\u015fma, \u015feffafl\u0131k, stratejik planlama, b\u00fct\u00e7e disiplini olmak \u00fczere 4 ana olgu \u00fczerine olu\u015fturduk. Mardin i\u015f d\u00fcnyas\u0131n\u0131n ve il\u00e7elerimizde kalk\u0131nmaya \u00f6nc\u00fcl\u00fck eden i\u015f insanlar\u0131m\u0131z\u0131n ihtiya\u00e7lar\u0131n\u0131 \u00f6nceleyen bir stratejik plan rehberli\u011finde \u00e7al\u0131\u015fmalar\u0131m\u0131z\u0131 s\u00fcrd\u00fcr\u00fcyoruz. \u015eeffafl\u0131k ilkemiz do\u011frultusunda odam\u0131z\u0131n t\u00fcm performans g\u00f6stergelerini raporluyor ve \u00fcyelerimize a\u00e7\u0131yoruz. \u00dcyelerimiz istedikleri zaman odam\u0131z\u0131 ziyaret ederek istatistiklerimize eri\u015fim sa\u011flayabilirler.\u201d<\/p>\n<p><img decoding=\"async\" class=\"alignnone size-medium wp-image-111690\" src=\"https:\/\/mardinhaberyolu.com\/wp-content\/uploads\/2025\/12\/IMG-20251218-WA0045-300x200.jpg\" alt=\"\" width=\"300\" height=\"200\" srcset=\"https:\/\/mardinhaberyolu.com\/wp-content\/uploads\/2025\/12\/IMG-20251218-WA0045-300x200.jpg 300w, https:\/\/mardinhaberyolu.com\/wp-content\/uploads\/2025\/12\/IMG-20251218-WA0045-1024x684.jpg 1024w, https:\/\/mardinhaberyolu.com\/wp-content\/uploads\/2025\/12\/IMG-20251218-WA0045-768x513.jpg 768w, https:\/\/mardinhaberyolu.com\/wp-content\/uploads\/2025\/12\/IMG-20251218-WA0045-1536x1025.jpg 1536w, https:\/\/mardinhaberyolu.com\/wp-content\/uploads\/2025\/12\/IMG-20251218-WA0045.jpg 2048w\" sizes=\"(max-width: 300px) 100vw, 300px\" \/> <img loading=\"lazy\" decoding=\"async\" class=\"alignnone size-medium wp-image-111691\" src=\"https:\/\/mardinhaberyolu.com\/wp-content\/uploads\/2025\/12\/IMG-20251218-WA0049-300x200.jpg\" alt=\"\" width=\"300\" height=\"200\" srcset=\"https:\/\/mardinhaberyolu.com\/wp-content\/uploads\/2025\/12\/IMG-20251218-WA0049-300x200.jpg 300w, https:\/\/mardinhaberyolu.com\/wp-content\/uploads\/2025\/12\/IMG-20251218-WA0049-1024x684.jpg 1024w, https:\/\/mardinhaberyolu.com\/wp-content\/uploads\/2025\/12\/IMG-20251218-WA0049-768x513.jpg 768w, https:\/\/mardinhaberyolu.com\/wp-content\/uploads\/2025\/12\/IMG-20251218-WA0049-1536x1025.jpg 1536w, https:\/\/mardinhaberyolu.com\/wp-content\/uploads\/2025\/12\/IMG-20251218-WA0049.jpg 2048w\" sizes=\"(max-width: 300px) 100vw, 300px\" \/> <img loading=\"lazy\" decoding=\"async\" class=\"alignnone size-medium wp-image-111692\" src=\"https:\/\/mardinhaberyolu.com\/wp-content\/uploads\/2025\/12\/IMG-20251218-WA0048-300x200.jpg\" alt=\"\" width=\"300\" height=\"200\" srcset=\"https:\/\/mardinhaberyolu.com\/wp-content\/uploads\/2025\/12\/IMG-20251218-WA0048-300x200.jpg 300w, https:\/\/mardinhaberyolu.com\/wp-content\/uploads\/2025\/12\/IMG-20251218-WA0048-1024x684.jpg 1024w, https:\/\/mardinhaberyolu.com\/wp-content\/uploads\/2025\/12\/IMG-20251218-WA0048-768x513.jpg 768w, https:\/\/mardinhaberyolu.com\/wp-content\/uploads\/2025\/12\/IMG-20251218-WA0048-1536x1025.jpg 1536w, https:\/\/mardinhaberyolu.com\/wp-content\/uploads\/2025\/12\/IMG-20251218-WA0048.jpg 2048w\" sizes=\"(max-width: 300px) 100vw, 300px\" \/><\/p>\n<p>Haber Merkezi<\/p>\n","protected":false},"excerpt":{"rendered":"<p>Mardin Ticaret ve Sanayi Odas\u0131\u2019n\u0131n \u00fcye isti\u015fare bulu\u015fmalar\u0131, \u00d6merli il\u00e7esiyle devam etti.<\/p>\n","protected":false},"author":1,"featured_media":111687,"comment_status":"open","ping_status":"open","sticky":false,"template":"","format":"standard","meta":{"footnotes":""},"categories":[6,3,4,9,18,30],"tags":[],"class_list":["post-111686","post","type-post","status-publish","format-standard","has-post-thumbnail","hentry","category-ekonomi","category-guncel","category-manset","category-mardin","category-toplumsal-yasam-gundem","category-ust-manset"],"_links":{"self":[{"href":"https:\/\/mardinhaberyolu.com\/index.php?rest_route=\/wp\/v2\/posts\/111686","targetHints":{"allow":["GET"]}}],"collection":[{"href":"https:\/\/mardinhaberyolu.com\/index.php?rest_route=\/wp\/v2\/posts"}],"about":[{"href":"https:\/\/mardinhaberyolu.com\/index.php?rest_route=\/wp\/v2\/types\/post"}],"author":[{"embeddable":true,"href":"https:\/\/mardinhaberyolu.com\/index.php?rest_route=\/wp\/v2\/users\/1"}],"replies":[{"embeddable":true,"href":"https:\/\/mardinhaberyolu.com\/index.php?rest_route=%2Fwp%2Fv2%2Fcomments&post=111686"}],"version-history":[{"count":1,"href":"https:\/\/mardinhaberyolu.com\/index.php?rest_route=\/wp\/v2\/posts\/111686\/revisions"}],"predecessor-version":[{"id":111693,"href":"https:\/\/mardinhaberyolu.com\/index.php?rest_route=\/wp\/v2\/posts\/111686\/revisions\/111693"}],"wp:featuredmedia":[{"embeddable":true,"href":"https:\/\/mardinhaberyolu.com\/index.php?rest_route=\/wp\/v2\/media\/111687"}],"wp:attachment":[{"href":"https:\/\/mardinhaberyolu.com\/index.php?rest_route=%2Fwp%2Fv2%2Fmedia&parent=111686"}],"wp:term":[{"taxonomy":"category","embeddable":true,"href":"https:\/\/mardinhaberyolu.com\/index.php?rest_route=%2Fwp%2Fv2%2Fcategories&post=111686"},{"taxonomy":"post_tag","embeddable":true,"href":"https:\/\/mardinhaberyolu.com\/index.php?rest_route=%2Fwp%2Fv2%2Ftags&post=111686"}],"curies":[{"name":"wp","href":"https:\/\/api.w.org\/{rel}","templated":true}]}}