{"id":111660,"date":"2025-12-16T09:49:52","date_gmt":"2025-12-16T09:49:52","guid":{"rendered":"https:\/\/mardinhaberyolu.com\/?p=111660"},"modified":"2025-12-16T09:49:52","modified_gmt":"2025-12-16T09:49:52","slug":"kiziltepe-belediyesi-ihtiyac-sahibi-bir-ailenin-barinma-sorununu-giderdi","status":"publish","type":"post","link":"https:\/\/mardinhaberyolu.com\/?p=111660","title":{"rendered":"K\u0131z\u0131ltepe Belediyesi, \u0130htiya\u00e7 Sahibi Bir Ailenin Bar\u0131nma Sorununu Giderdi"},"content":{"rendered":"<p>Sosyal belediyecilik anlay\u0131\u015f\u0131 do\u011frultusunda ma\u011fduriyet ya\u015fayan ve imk\u00e2nlar\u0131 k\u0131s\u0131tl\u0131 ailelerin yan\u0131nda olmaya devam eden K\u0131z\u0131ltepe Belediyesi, bas\u0131na yans\u0131yan g\u00f6r\u00fcnt\u00fclerde \u00e7\u00f6plerden yiyecek toplad\u0131\u011f\u0131 g\u00f6r\u00fclen aileyi tespit ederek harekete ge\u00e7ti. Belediye ekipleri taraf\u0131ndan yap\u0131lan incelemelerde, ailenin ya\u015fam ko\u015fullar\u0131n\u0131n son derece yetersiz oldu\u011fu, mevcut evlerinin ise sa\u011fl\u0131ks\u0131z ve ya\u015fanamaz durumda bulundu\u011fu belirlendi.<\/p>\n<p>Bu tespitlerin ard\u0131ndan K\u0131z\u0131ltepe Belediyesi Destek Hizmetleri M\u00fcd\u00fcrl\u00fc\u011f\u00fc taraf\u0131ndan ilk etapta ailenin temel ihtiya\u00e7lar\u0131n\u0131n kar\u015f\u0131lanmas\u0131 amac\u0131yla g\u0131da ve g\u00fcnl\u00fck s\u0131cak yemek yard\u0131m\u0131 sa\u011fland\u0131. Devam\u0131nda ise mevcut konutun ya\u015fam ko\u015fullar\u0131na uygun olmamas\u0131 nedeniyle aile i\u00e7in daha sa\u011fl\u0131kl\u0131 ve g\u00fcvenli bir ev temin edilerek kiraland\u0131. Belediye taraf\u0131ndan bir y\u0131ll\u0131k kira bedeli pe\u015fin olarak kar\u015f\u0131lan\u0131rken, b\u00f6ylece ailenin kira y\u00fck\u00fc olmadan yeni evlerinde g\u00fcvenle ya\u015famalar\u0131 sa\u011fland\u0131.<\/p>\n<p>Ayr\u0131ca aile bireyleri ve \u00e7ocuklar i\u00e7in giyim yard\u0131m\u0131, g\u0131da deste\u011fi, k\u0131rtasiye malzemeleri ile ev i\u00e7in gerekli temel ihtiya\u00e7lar da belediye taraf\u0131ndan kar\u015f\u0131land\u0131.<\/p>\n<p>Aile Yeni Evlerinde Ziyaret Edildi<\/p>\n<p>K\u0131z\u0131ltepe Belediye Ba\u015fkan\u0131 Zeyni \u0130pek\u2019in yan\u0131 s\u0131ra Belediye Ba\u015fkan Yard\u0131mc\u0131s\u0131 Havvas G\u00fcng\u00f6r ve ilgili birim m\u00fcd\u00fcrleri, aileyi yeni evlerinde ziyaret etti. Samimi bir ortamda ger\u00e7ekle\u015fen ziyarette aile bireyleri ve \u00e7ocuklarla yak\u0131ndan ilgilenen Ba\u015fkan \u0130pek, \u015fu ifadeleri kulland\u0131:<\/p>\n<p>\u201cBu olay\u0131n bas\u0131na yans\u0131mas\u0131n\u0131n ard\u0131ndan ailemizi tespit ederek imk\u00e2nlar\u0131m\u0131z d\u00e2hilinde gerekli t\u00fcm destekleri sa\u011flad\u0131k. Elbette g\u00f6n\u00fcl ister ki hi\u00e7bir vatanda\u015f\u0131m\u0131z yard\u0131ma muhta\u00e7 olmas\u0131n. Ancak hayat\u0131n ger\u00e7ekleri i\u00e7inde deste\u011fe ihtiya\u00e7 duyan ailelerimiz var. Bizler de belediye olarak g\u00fcc\u00fcm\u00fcz yetti\u011fince vatanda\u015flar\u0131m\u0131z\u0131n yan\u0131nda olmaya devam edece\u011fiz. Sosyal belediyecilik anlay\u0131\u015f\u0131m\u0131z gere\u011fi ma\u011fdur ailelerimizi yaln\u0131z b\u0131rakmayaca\u011f\u0131z. Misafirperverlikleri i\u00e7in kendilerine te\u015fekk\u00fcr ediyorum.\u201d<\/p>\n<p>Aile bireyleri, yap\u0131lan yard\u0131mlar ve ziyaret dolay\u0131s\u0131yla K\u0131z\u0131ltepe Belediye Ba\u015fkan\u0131 Zeyni \u0130pek\u2019e te\u015fekk\u00fcr etti. Ziyaretin sonunda Ba\u015fkan \u0130pek, ailenin yeni evlerinde sa\u011fl\u0131kl\u0131, huzurlu ve umut dolu bir ya\u015fam s\u00fcrmesini temenni etti.<\/p>\n<p>Edit\u00f6r\u00fc: Mardin Haberyolu<\/p>\n","protected":false},"excerpt":{"rendered":"<p>K\u0131z\u0131ltepe Belediyesi, tek g\u00f6zl\u00fc ve ya\u015fam ko\u015fullar\u0131 elveri\u015fli olmayan bir evde hayat\u0131n\u0131 s\u00fcrd\u00fcren ihtiya\u00e7 sahibi bir ailenin bar\u0131nma sorununu \u00e7\u00f6zerek \u00f6rnek bir sosyal belediyecilik \u00e7al\u0131\u015fmas\u0131na imza att\u0131.<\/p>\n","protected":false},"author":1,"featured_media":111661,"comment_status":"open","ping_status":"open","sticky":false,"template":"","format":"standard","meta":{"footnotes":""},"categories":[2,4,18,30],"tags":[],"class_list":["post-111660","post","type-post","status-publish","format-standard","has-post-thumbnail","hentry","category-kiziltepe","category-manset","category-toplumsal-yasam-gundem","category-ust-manset"],"_links":{"self":[{"href":"https:\/\/mardinhaberyolu.com\/index.php?rest_route=\/wp\/v2\/posts\/111660","targetHints":{"allow":["GET"]}}],"collection":[{"href":"https:\/\/mardinhaberyolu.com\/index.php?rest_route=\/wp\/v2\/posts"}],"about":[{"href":"https:\/\/mardinhaberyolu.com\/index.php?rest_route=\/wp\/v2\/types\/post"}],"author":[{"embeddable":true,"href":"https:\/\/mardinhaberyolu.com\/index.php?rest_route=\/wp\/v2\/users\/1"}],"replies":[{"embeddable":true,"href":"https:\/\/mardinhaberyolu.com\/index.php?rest_route=%2Fwp%2Fv2%2Fcomments&post=111660"}],"version-history":[{"count":1,"href":"https:\/\/mardinhaberyolu.com\/index.php?rest_route=\/wp\/v2\/posts\/111660\/revisions"}],"predecessor-version":[{"id":111662,"href":"https:\/\/mardinhaberyolu.com\/index.php?rest_route=\/wp\/v2\/posts\/111660\/revisions\/111662"}],"wp:featuredmedia":[{"embeddable":true,"href":"https:\/\/mardinhaberyolu.com\/index.php?rest_route=\/wp\/v2\/media\/111661"}],"wp:attachment":[{"href":"https:\/\/mardinhaberyolu.com\/index.php?rest_route=%2Fwp%2Fv2%2Fmedia&parent=111660"}],"wp:term":[{"taxonomy":"category","embeddable":true,"href":"https:\/\/mardinhaberyolu.com\/index.php?rest_route=%2Fwp%2Fv2%2Fcategories&post=111660"},{"taxonomy":"post_tag","embeddable":true,"href":"https:\/\/mardinhaberyolu.com\/index.php?rest_route=%2Fwp%2Fv2%2Ftags&post=111660"}],"curies":[{"name":"wp","href":"https:\/\/api.w.org\/{rel}","templated":true}]}}