{"id":111605,"date":"2025-12-09T04:07:17","date_gmt":"2025-12-09T04:07:17","guid":{"rendered":"https:\/\/mardinhaberyolu.com\/?p=111605"},"modified":"2025-12-09T04:07:17","modified_gmt":"2025-12-09T04:07:17","slug":"mardin-buyuksehir-belediyesi-engelli-yollari-yeniliyor","status":"publish","type":"post","link":"https:\/\/mardinhaberyolu.com\/?p=111605","title":{"rendered":"Mardin B\u00fcy\u00fck\u015fehir Belediyesi Engelli Yollar\u0131 Yeniliyor"},"content":{"rendered":"<p>Bu kapsamda, Artuklu il\u00e7esinde \u00e7e\u015fitli nedenlerle zarar g\u00f6ren hissedilebilir y\u00fczey (g\u00f6rme engelli k\u0131lavuz yolu) ta\u015flar\u0131n\u0131n yenilenmesine y\u00f6nelik \u00e7al\u0131\u015fmalar s\u00fcr\u00fcyor. Belediye ekipleri, \u00f6zel gereksinimli bireylerin daha eri\u015filebilir bir g\u00fczerg\u00e2h kullanabilmesi i\u00e7in kald\u0131r\u0131mlarda bulunan bozuk hatlar\u0131 s\u00f6kerek yeniden d\u00fczenliyor.<\/p>\n<p>Yetkililer, engelsiz ve daha ya\u015fanabilir bir Mardin i\u00e7in \u00e7al\u0131\u015fmalar\u0131n kararl\u0131l\u0131kla s\u00fcrd\u00fc\u011f\u00fcn\u00fc belirtti.<\/p>\n<p>B\u00fclten<\/p>\n","protected":false},"excerpt":{"rendered":"<p>Mardin B\u00fcy\u00fck\u015fehir Belediyesi, \u00f6zel gereksinimli vatanda\u015flar\u0131n kent ya\u015fam\u0131na daha kolay ve g\u00fcvenli \u015fekilde kat\u0131labilmeleri amac\u0131yla sa\u011fl\u0131k, e\u011fitim, sosyal, k\u00fclt\u00fcrel, ekonomik ve ula\u015f\u0131m alanlar\u0131nda y\u00fcr\u00fctt\u00fc\u011f\u00fc \u00e7al\u0131\u015fmalara devam ediyor.<\/p>\n","protected":false},"author":1,"featured_media":111606,"comment_status":"open","ping_status":"open","sticky":false,"template":"","format":"standard","meta":{"footnotes":""},"categories":[3,11,4,18],"tags":[],"class_list":["post-111605","post","type-post","status-publish","format-standard","has-post-thumbnail","hentry","category-guncel","category-kultur-sanat","category-manset","category-toplumsal-yasam-gundem"],"_links":{"self":[{"href":"https:\/\/mardinhaberyolu.com\/index.php?rest_route=\/wp\/v2\/posts\/111605","targetHints":{"allow":["GET"]}}],"collection":[{"href":"https:\/\/mardinhaberyolu.com\/index.php?rest_route=\/wp\/v2\/posts"}],"about":[{"href":"https:\/\/mardinhaberyolu.com\/index.php?rest_route=\/wp\/v2\/types\/post"}],"author":[{"embeddable":true,"href":"https:\/\/mardinhaberyolu.com\/index.php?rest_route=\/wp\/v2\/users\/1"}],"replies":[{"embeddable":true,"href":"https:\/\/mardinhaberyolu.com\/index.php?rest_route=%2Fwp%2Fv2%2Fcomments&post=111605"}],"version-history":[{"count":1,"href":"https:\/\/mardinhaberyolu.com\/index.php?rest_route=\/wp\/v2\/posts\/111605\/revisions"}],"predecessor-version":[{"id":111607,"href":"https:\/\/mardinhaberyolu.com\/index.php?rest_route=\/wp\/v2\/posts\/111605\/revisions\/111607"}],"wp:featuredmedia":[{"embeddable":true,"href":"https:\/\/mardinhaberyolu.com\/index.php?rest_route=\/wp\/v2\/media\/111606"}],"wp:attachment":[{"href":"https:\/\/mardinhaberyolu.com\/index.php?rest_route=%2Fwp%2Fv2%2Fmedia&parent=111605"}],"wp:term":[{"taxonomy":"category","embeddable":true,"href":"https:\/\/mardinhaberyolu.com\/index.php?rest_route=%2Fwp%2Fv2%2Fcategories&post=111605"},{"taxonomy":"post_tag","embeddable":true,"href":"https:\/\/mardinhaberyolu.com\/index.php?rest_route=%2Fwp%2Fv2%2Ftags&post=111605"}],"curies":[{"name":"wp","href":"https:\/\/api.w.org\/{rel}","templated":true}]}}