{"id":111602,"date":"2025-12-08T11:39:23","date_gmt":"2025-12-08T11:39:23","guid":{"rendered":"https:\/\/mardinhaberyolu.com\/?p=111602"},"modified":"2025-12-08T11:39:23","modified_gmt":"2025-12-08T11:39:23","slug":"mardinde-aranan-58-firari-suclu-yakalandi","status":"publish","type":"post","link":"https:\/\/mardinhaberyolu.com\/?p=111602","title":{"rendered":"Mardin&#8217;de Aranan 58 Firari Su\u00e7lu Yakaland\u0131"},"content":{"rendered":"<p>Yap\u0131lan a\u00e7\u0131klamada, toplumun huzur ve g\u00fcvenli\u011fini sa\u011flaman\u0131n \u00f6ncelikli bir g\u00f6rev oldu\u011fu vurguland\u0131. S\u00f6z konusu a\u00e7\u0131klama metni \u015f\u00f6yle:<\/p>\n<p>Mardin Emniyet M\u00fcd\u00fcrl\u00fc\u011f\u00fc, haklar\u0131nda kesinle\u015fmi\u015f hapis cezalar\u0131 bulunan firari su\u00e7lular\u0131n yakalanmas\u0131na y\u00f6nelik \u00e7al\u0131\u015fmalar\u0131n\u0131 aral\u0131ks\u0131z s\u00fcrd\u00fcr\u00fcyor.<\/p>\n<p>1-7 Aral\u0131k 2025 tarihleri aras\u0131nda yap\u0131lan \u00e7al\u0131\u015fmalarda, \u00e7e\u015fitli su\u00e7lardan aranmas\u0131 bulunan toplam 58 \u015fah\u0131s yakaland\u0131. Yakalananlar aras\u0131nda &#8220;Uyu\u015fturucu Veya Uyar\u0131c\u0131 Madde Ticareti Yapma Veya Sa\u011flama&#8221; su\u00e7undan 8 y\u0131l 4 ay kesinle\u015fmi\u015f hapis cezas\u0131 ile &#8220;Bir Kimseyi Fuhu\u015fa Te\u015fvik Etmek Veya Yapt\u0131rmak Veya Arac\u0131l\u0131k Etmek Veya Yer Temin Etmek\u201d su\u00e7undan 8 y\u0131l 1 ay 15 g\u00fcn kesinle\u015fmi\u015f hapis cezas\u0131 bulunan (2) \u015fahs\u0131n yan\u0131 s\u0131ra, ya\u011fma, doland\u0131r\u0131c\u0131l\u0131k ve h\u0131rs\u0131zl\u0131k gibi su\u00e7lardan aranan \u015fah\u0131slar da yer ald\u0131.<\/p>\n<p>Mardin Emniyet M\u00fcd\u00fcrl\u00fc\u011f\u00fc, toplumun huzur ve g\u00fcvenli\u011fini sa\u011flaman\u0131n en \u00f6ncelikli g\u00f6revlerinden biri oldu\u011funu vurgulayarak, vatanda\u015flardan \u015f\u00fcpheli durumlarda veya bilgi sahibi olduklar\u0131 konularda Emniyet birimlerine ya da 112 Acil \u00c7a\u011fr\u0131 Merkezi\u2019ne bildirimde bulunmalar\u0131 \u00e7a\u011fr\u0131s\u0131nda bulundu. Ayr\u0131ca yap\u0131lan ihbarlar\u0131n gizlilik ve g\u00fcvenlik esaslar\u0131na uygun \u015fekilde de\u011ferlendirilece\u011fi belirtildi.<\/p>\n<p>Kamuoyuna sayg\u0131yla duyurulur.<\/p>\n","protected":false},"excerpt":{"rendered":"<p>Mardin Emniyet M\u00fcd\u00fcrl\u00fc\u011f\u00fc taraf\u0131ndan yap\u0131lan a\u00e7\u0131klamada \u00e7e\u015fitli su\u00e7lara kar\u0131\u015fm\u0131\u015f 58 firari su\u00e7lununu yakaland\u0131\u011f\u0131 a\u00e7\u0131kland\u0131.<\/p>\n","protected":false},"author":1,"featured_media":111603,"comment_status":"open","ping_status":"open","sticky":false,"template":"","format":"standard","meta":{"footnotes":""},"categories":[15,3,4,9],"tags":[],"class_list":["post-111602","post","type-post","status-publish","format-standard","has-post-thumbnail","hentry","category-asayis","category-guncel","category-manset","category-mardin"],"_links":{"self":[{"href":"https:\/\/mardinhaberyolu.com\/index.php?rest_route=\/wp\/v2\/posts\/111602","targetHints":{"allow":["GET"]}}],"collection":[{"href":"https:\/\/mardinhaberyolu.com\/index.php?rest_route=\/wp\/v2\/posts"}],"about":[{"href":"https:\/\/mardinhaberyolu.com\/index.php?rest_route=\/wp\/v2\/types\/post"}],"author":[{"embeddable":true,"href":"https:\/\/mardinhaberyolu.com\/index.php?rest_route=\/wp\/v2\/users\/1"}],"replies":[{"embeddable":true,"href":"https:\/\/mardinhaberyolu.com\/index.php?rest_route=%2Fwp%2Fv2%2Fcomments&post=111602"}],"version-history":[{"count":1,"href":"https:\/\/mardinhaberyolu.com\/index.php?rest_route=\/wp\/v2\/posts\/111602\/revisions"}],"predecessor-version":[{"id":111604,"href":"https:\/\/mardinhaberyolu.com\/index.php?rest_route=\/wp\/v2\/posts\/111602\/revisions\/111604"}],"wp:featuredmedia":[{"embeddable":true,"href":"https:\/\/mardinhaberyolu.com\/index.php?rest_route=\/wp\/v2\/media\/111603"}],"wp:attachment":[{"href":"https:\/\/mardinhaberyolu.com\/index.php?rest_route=%2Fwp%2Fv2%2Fmedia&parent=111602"}],"wp:term":[{"taxonomy":"category","embeddable":true,"href":"https:\/\/mardinhaberyolu.com\/index.php?rest_route=%2Fwp%2Fv2%2Fcategories&post=111602"},{"taxonomy":"post_tag","embeddable":true,"href":"https:\/\/mardinhaberyolu.com\/index.php?rest_route=%2Fwp%2Fv2%2Ftags&post=111602"}],"curies":[{"name":"wp","href":"https:\/\/api.w.org\/{rel}","templated":true}]}}