{"id":111585,"date":"2025-12-06T09:09:08","date_gmt":"2025-12-06T09:09:08","guid":{"rendered":"https:\/\/mardinhaberyolu.com\/?p=111585"},"modified":"2025-12-06T09:11:45","modified_gmt":"2025-12-06T09:11:45","slug":"bagimsiz-siyasetci-akarseyanen-zam-tekkifi-geri-cekildi-milletin-vicdani-rahatladi","status":"publish","type":"post","link":"https:\/\/mardinhaberyolu.com\/?p=111585","title":{"rendered":"Ba\u011f\u0131ms\u0131z Siyaset\u00e7i Akar:Seyanen Zam Tekkifi Geri \u00c7ekildi, Milletin Vicdan\u0131 Rahatlad\u0131"},"content":{"rendered":"<p><strong>Toplumsal Bar\u0131\u015f i\u00e7in sosyal denge \u015fartt\u0131r<\/strong><\/p>\n<p>Akar Halk\u0131n refah\u0131, yaln\u0131zca ekonomik kalk\u0131nmayla de\u011fil; gelirde adalet ve sosyal dengede istikrarla sa\u011flan\u0131r. Bu ad\u0131m, toplumsal bar\u0131\u015f ad\u0131na \u00f6nemlidir. Devlet y\u00f6netimi, adalet duygusunu g\u00fc\u00e7lendirdik\u00e7e milletin g\u00fcveni peki\u015fecektir.<\/p>\n<p>Akar, Toplumun b\u00fcy\u00fck \u00e7o\u011funlu\u011fu ekonomik s\u0131k\u0131nt\u0131larla m\u00fccadele ederken, ayr\u0131cal\u0131kl\u0131 kesimlere yap\u0131lacak y\u00fcksek oranl\u0131 zamlar toplumsal adaleti zedeler. Geri \u00e7ekilmesi, devletin vicdani refleksidir dedi.<\/p>\n<p>Adaletin Oldu\u011fu Yerde Devlet G\u00fc\u00e7lenir.<\/p>\n<p>Akar, karar\u0131n sadece ekonomik de\u011fil, ayn\u0131 zamanda ahlaki ve sosyal bir anlam ta\u015f\u0131d\u0131\u011f\u0131n\u0131 vurgulad\u0131:<br \/>\nBir \u00fclkede adalet sadece mahkemede de\u011fil, ekmek kuyru\u011funda, memur bordrosunda, emekli maa\u015f\u0131nda da tecelli etmelidir. Seyanen zam teklifi geri \u00e7ekilmesiyle Bug\u00fcn bu hassasiyet g\u00f6zetilmi\u015ftir.<\/p>\n<p>Toplumun Nabz\u0131n\u0131 Tutan Kararlar G\u00fc\u00e7 Verir<\/p>\n<p>Siyasi kararlar\u0131n halk\u0131n ger\u00e7eklerine g\u00f6re al\u0131nmas\u0131n\u0131n \u00f6nemine dikkat \u00e7eken Akar, a\u00e7\u0131klamas\u0131n\u0131 \u015f\u00f6yle s\u00fcrd\u00fcrd\u00fc:<br \/>\nMillet, ayr\u0131cal\u0131k de\u011fil adalet istiyor. Bu ad\u0131m, kamu vicdan\u0131n\u0131 rahatlatm\u0131\u015ft\u0131r. Toplumun her kesimini kucaklayan, adil payla\u015f\u0131ma dayal\u0131 bir y\u00f6netim anlay\u0131\u015f\u0131yla T\u00fcrkiye daha g\u00fc\u00e7l\u00fc ve huzurlu bir gelece\u011fe ilerleyecektir.<\/p>\n<p>Edit\u00f6r\u00fc:Mardin Haberyolu<\/p>\n","protected":false},"excerpt":{"rendered":"<p>\u00dcst d\u00fczey b\u00fcrokratlara y\u00f6nelik seyyanen zam teklifinin geri \u00e7ekilmesiyle ilgili konu\u015fan Mardinli Ba\u011f\u0131ms\u0131z siyaset\u00e7i S\u00fcleyman Akar, al\u0131nan karar\u0131 yerinde ve isabetli buldu\u011funu belirtti.<\/p>\n","protected":false},"author":1,"featured_media":111588,"comment_status":"open","ping_status":"open","sticky":false,"template":"","format":"standard","meta":{"footnotes":""},"categories":[4,9,8,30],"tags":[],"class_list":["post-111585","post","type-post","status-publish","format-standard","has-post-thumbnail","hentry","category-manset","category-mardin","category-politika","category-ust-manset"],"_links":{"self":[{"href":"https:\/\/mardinhaberyolu.com\/index.php?rest_route=\/wp\/v2\/posts\/111585","targetHints":{"allow":["GET"]}}],"collection":[{"href":"https:\/\/mardinhaberyolu.com\/index.php?rest_route=\/wp\/v2\/posts"}],"about":[{"href":"https:\/\/mardinhaberyolu.com\/index.php?rest_route=\/wp\/v2\/types\/post"}],"author":[{"embeddable":true,"href":"https:\/\/mardinhaberyolu.com\/index.php?rest_route=\/wp\/v2\/users\/1"}],"replies":[{"embeddable":true,"href":"https:\/\/mardinhaberyolu.com\/index.php?rest_route=%2Fwp%2Fv2%2Fcomments&post=111585"}],"version-history":[{"count":1,"href":"https:\/\/mardinhaberyolu.com\/index.php?rest_route=\/wp\/v2\/posts\/111585\/revisions"}],"predecessor-version":[{"id":111587,"href":"https:\/\/mardinhaberyolu.com\/index.php?rest_route=\/wp\/v2\/posts\/111585\/revisions\/111587"}],"wp:featuredmedia":[{"embeddable":true,"href":"https:\/\/mardinhaberyolu.com\/index.php?rest_route=\/wp\/v2\/media\/111588"}],"wp:attachment":[{"href":"https:\/\/mardinhaberyolu.com\/index.php?rest_route=%2Fwp%2Fv2%2Fmedia&parent=111585"}],"wp:term":[{"taxonomy":"category","embeddable":true,"href":"https:\/\/mardinhaberyolu.com\/index.php?rest_route=%2Fwp%2Fv2%2Fcategories&post=111585"},{"taxonomy":"post_tag","embeddable":true,"href":"https:\/\/mardinhaberyolu.com\/index.php?rest_route=%2Fwp%2Fv2%2Ftags&post=111585"}],"curies":[{"name":"wp","href":"https:\/\/api.w.org\/{rel}","templated":true}]}}