{"id":111575,"date":"2025-12-05T13:32:02","date_gmt":"2025-12-05T13:32:02","guid":{"rendered":"https:\/\/mardinhaberyolu.com\/?p=111575"},"modified":"2025-12-05T13:32:02","modified_gmt":"2025-12-05T13:32:02","slug":"mardin-tso-istisare-bulusmalarini-dargecit-ile-surdurdu","status":"publish","type":"post","link":"https:\/\/mardinhaberyolu.com\/?p=111575","title":{"rendered":"Mardin TSO, \u2018\u0130sti\u015fare Bulu\u015fmalar\u0131\u2019n\u0131 Darge\u00e7it ile s\u00fcrd\u00fcrd\u00fc"},"content":{"rendered":"<p>&nbsp;<\/p>\n<p>\u015eeffafl\u0131k ilkesi do\u011frultusunda oda b\u00fcnyesinde y\u00fcr\u00fct\u00fclen faaliyetlerin kamuoyuna duyurulmas\u0131 ve \u00fcyelerden gelen taleplerin al\u0131nmas\u0131 amac\u0131yla d\u00fczenlenen toplant\u0131ya yo\u011fun i\u015f d\u00fcnyas\u0131ndan kat\u0131l\u0131m sa\u011fland\u0131. Bulu\u015fmada Darge\u00e7it\u2019in ekonomik kalk\u0131nma potansiyeli ele al\u0131n\u0131rken; tar\u0131m, sanayi ve lojistik alanlar\u0131nda s\u00fcrd\u00fcr\u00fclen projeler masaya yat\u0131r\u0131ld\u0131.<\/p>\n<p>Mardin Ticaret ve Sanayi Odas\u0131 Y\u00f6netim Kurulu Ba\u015fkan\u0131 Hatip \u00c7elik, Y\u00f6netim Kurulu \u00dcyeleri ve Meclis \u00dcyelerinin kat\u0131ld\u0131\u011f\u0131 bulu\u015fmaya Midyat Esnaf ve Sanatk\u00e2rlar Odas\u0131 Ba\u015fkan\u0131 Mehmet Selim Y\u0131ld\u0131z, muhtarlar, kanaat \u00f6nderleri ve \u00e7ok say\u0131da i\u015f insan\u0131 kat\u0131l\u0131m sa\u011flad\u0131. Bulu\u015fmada Darge\u00e7it\u2019in gelece\u011fini \u015fekillendiren i\u015f insanlar\u0131n\u0131n \u00f6ncelikli talepleri aras\u0131nda k\u00fc\u00e7\u00fck sanayi sitelerinin ve Darge\u00e7it Serac\u0131l\u0131k \u0130htisas Organize Sanayi B\u00f6lgesi\u2019nin kurulmas\u0131, meslek y\u00fcksekokulunun a\u00e7\u0131lmas\u0131 ve Il\u0131su Baraj G\u00f6leti\u2019nin su sporlar\u0131 merkezi olarak turizme kazand\u0131r\u0131lmas\u0131, Boncuklu Tarla kaz\u0131lar\u0131n\u0131n h\u0131zland\u0131r\u0131lmas\u0131 ve gelen turistler i\u00e7in kar\u015f\u0131lama merkezinin in\u015fa edilmesi gibi konular \u00f6ne \u00e7\u0131kt\u0131. Bulu\u015fmada ayr\u0131ca madencilik sekt\u00f6r\u00fcne y\u00f6nelik te\u015fviklerin art\u0131r\u0131lmas\u0131 \u00e7a\u011fr\u0131s\u0131 yap\u0131ld\u0131. \u00d6zellikle b\u00f6lgede Germ-i Ab olarak bilinen termal su kaynaklar\u0131n\u0131n rehabilitasyonu, Su \u00e7at\u0131, Mava ve Site da\u011flar\u0131nda petrol aramalar\u0131n\u0131n ba\u015flat\u0131lmas\u0131, b\u00f6lgede mevcut olan mermer, granit ve kuvars ocaklar\u0131n\u0131n modernle\u015ftirilmesi, Berkevan\u00a0 b\u00f6lgesinde alt\u0131n ve de\u011ferli toprak elementleri ile ilgili ara\u015ft\u0131rmalar\u0131n ba\u015flat\u0131lmas\u0131, Darge\u00e7it \u2013 \u015e\u0131rnak Yolu\u2019nun \u00e7ift \u015feritli hale getirilmesi, Darge\u00e7it Devlet Hastanesi\u2019nin uzman personel kadrosunu g\u00fc\u00e7lendirilmesi, \u0130l\u00e7e Otogar\u0131\u2019n\u0131n kurulmas\u0131, gen\u00e7 n\u00fcfusa y\u00f6nelik k\u00fclt\u00fcrel ve sosyal faaliyetlerin art\u0131r\u0131lmas\u0131 ve Nusaybin S\u0131n\u0131r Kap\u0131s\u0131\u2019n\u0131n yeniden a\u00e7\u0131lmas\u0131 gibi konularda i\u015f insanlar\u0131 taleplerde bulundu.<\/p>\n<p>Toplant\u0131n\u0131n a\u00e7\u0131l\u0131\u015f konu\u015fmas\u0131n\u0131 ger\u00e7ekle\u015ftiren Mardin Ticaret ve Sanayi Odas\u0131 Y\u00f6netim Kurulu Ba\u015fkan\u0131 Hatip \u00c7elik, \u00e7at\u0131 kurulu\u015flar\u0131 TOBB\u2019dan ald\u0131klar\u0131 g\u00fc\u00e7 ve TOBB Ba\u015fkan\u0131 M. Rifat Hisarc\u0131kl\u0131o\u011flu\u2019nun k\u00fcresel vizyonun rehberli\u011finde \u00e7al\u0131\u015fmalar\u0131n\u0131 aral\u0131ks\u0131z s\u00fcrd\u00fcrd\u00fcklerini s\u00f6yledi. TOBB Genel Ba\u015fkan\u0131 M. Rifat Hisarc\u0131kl\u0131o\u011flu\u2019nun ayn\u0131 zamanda D\u00fcnya Odalar Federasyonu Ba\u015fkan\u0131 oldu\u011funu belirten Hatip \u00c7elik, \u201cAsya\u2019dan Pasifik\u2019e kadar t\u00fcm d\u00fcnyada etkisi olan bir organizasyonla hareket ediyoruz. Genel ba\u015fkan\u0131m\u0131z\u0131n bize verdi\u011fi g\u00fc\u00e7 ve kamu kurum ve kurulu\u015flar\u0131m\u0131z ile olan ikili diyaloglar\u0131m\u0131z ile i\u015f d\u00fcnyam\u0131z\u0131n sorunlar\u0131n\u0131 ve taleplerini ivedilikle ilgili kurumlara iletiyoruz. \u00dcyelerimizin t\u00fcm sorunlar\u0131n\u0131 ekonomi \u015furalar\u0131nda, bakanl\u0131k ve isti\u015fare toplant\u0131lar\u0131nda dile getiriyor, misyonumuzu yerine getiriyoruz. Son s\u00fcre\u00e7te ilimizde ya\u015fanan ula\u015f\u0131m sorunlar\u0131, enerji problemleri, imar ve altyap\u0131 sorunlar\u0131 ile alakal\u0131 m\u00fccadelemizi b\u00fcy\u00fctecek ad\u0131mlar att\u0131k. \u0130leti\u015fim kanallar\u0131m\u0131z\u0131 g\u00fc\u00e7lendirerek \u00fclkemizde bulunan 367 oda aras\u0131nda en iyileri aras\u0131na girmek i\u00e7in m\u00fccadele veriyoruz\u201d dedi.<\/p>\n<div id=\"attachment_111577\" style=\"width: 210px\" class=\"wp-caption alignnone\"><img fetchpriority=\"high\" decoding=\"async\" aria-describedby=\"caption-attachment-111577\" class=\"size-medium wp-image-111577\" src=\"https:\/\/mardinhaberyolu.com\/wp-content\/uploads\/2025\/12\/HATIP-CELIK-200x300.jpg\" alt=\"\" width=\"200\" height=\"300\" srcset=\"https:\/\/mardinhaberyolu.com\/wp-content\/uploads\/2025\/12\/HATIP-CELIK-200x300.jpg 200w, https:\/\/mardinhaberyolu.com\/wp-content\/uploads\/2025\/12\/HATIP-CELIK-683x1024.jpg 683w, https:\/\/mardinhaberyolu.com\/wp-content\/uploads\/2025\/12\/HATIP-CELIK-768x1151.jpg 768w, https:\/\/mardinhaberyolu.com\/wp-content\/uploads\/2025\/12\/HATIP-CELIK-1025x1536.jpg 1025w, https:\/\/mardinhaberyolu.com\/wp-content\/uploads\/2025\/12\/HATIP-CELIK-1367x2048.jpg 1367w, https:\/\/mardinhaberyolu.com\/wp-content\/uploads\/2025\/12\/HATIP-CELIK-scaled.jpg 1708w\" sizes=\"(max-width: 200px) 100vw, 200px\" \/><p id=\"caption-attachment-111577\" class=\"wp-caption-text\">Mehmet Nabi Batuk<\/p><\/div>\n<p><strong>Il\u0131su Y\u00fczer GES Projesi, yat\u0131r\u0131mlar\u0131 bekliyor <\/strong><\/p>\n<p>Darge\u00e7it\u2019in s\u00fcrd\u00fcr\u00fclebilir kalk\u0131nmas\u0131 i\u00e7in acil olarak 2 proje \u00fczerinde \u00e7al\u0131\u015ft\u0131klar\u0131n\u0131 ifade eden Hatip \u00c7elik, \u015f\u00f6yle devam etti: \u201cEn \u00f6nemli hedefimiz yenilenebilir enerji \u00fcretiminin b\u00f6lgede yayg\u0131nla\u015ft\u0131r\u0131lmas\u0131d\u0131r. B\u00f6lgemizde ve \u00fclkemizde ya\u015fanan enerji krizlerini \u00e7\u00f6zebilmek ad\u0131na Il\u0131su Baraj G\u00f6leti\u2019nin \u00fczerinde yakla\u015f\u0131k 50 megavatl\u0131k bir y\u00fczer g\u00fcne\u015f enerji santralini projelendirdik. Projemizin fizibilite \u00e7al\u0131\u015fmalar\u0131 tamamland\u0131. Burada hedefledi\u011fimiz projenin temel amac\u0131 b\u00f6lgede ya\u015fanan enerji sorunun \u00e7\u00f6z\u00fcm\u00fc hem de iklim krizi ile m\u00fccadelede baraj\u0131m\u0131zdaki buharla\u015fma oranlar\u0131n\u0131n d\u00fc\u015f\u00fcr\u00fclmesidir. Raporlar\u0131m\u0131z\u0131 Enerji Bakanl\u0131\u011f\u0131\u2019na sunduk. Burada kapasitemizi 2 gigavata kadar \u00e7\u0131kartacak potansiyel bulunmaktad\u0131r. Mardin\u2019de 7 bini a\u015fk\u0131n sulama kuyusu var. Kuraca\u011f\u0131m\u0131z y\u00fczer GES bu kuyular\u0131n enerji ihtiyac\u0131n\u0131 tek ba\u015f\u0131na kar\u015f\u0131layabilecektir. Projemizin yat\u0131r\u0131ma d\u00f6n\u00fc\u015fmesi i\u00e7in finans kayna\u011f\u0131 aray\u0131\u015f\u0131m\u0131z devam ediyor. \u00d6zellikle \u00e7ift\u00e7ilerimizin ve sanayicilerimizin projeden yararlanabilmesi i\u00e7in uzun vadeli ve d\u00fc\u015f\u00fck faizli destek programlar\u0131n\u0131n ba\u015flat\u0131lmas\u0131 i\u00e7in lobi faaliyetlerimize devam ediyor.\u201d<\/p>\n<p><strong>Termal su kaynaklar\u0131 ile ilgili \u00f6zel komite kuruluyor <\/strong><\/p>\n<p>Darge\u00e7it\u2019tin ikinci \u00f6nemli eksikli\u011finin ise ihtisas sera organize sanayi b\u00f6lgesi oldu\u011funu ifade eden Hatip \u00c7elik, \u015funlar\u0131 s\u00f6yledi: \u201cDarge\u00e7it\u2019te g\u00fc\u00e7l\u00fc termal su kaynaklar\u0131m\u0131z var. Bu kaynaklar\u0131n s\u00fcrd\u00fcr\u00fclebilir \u015fekilde kent ekonomisine entegre edilmesi gerekiyor. \u015euanda sadece termal turizm i\u00e7in kullan\u0131l\u0131yor. Termal suyun oldu\u011fu b\u00f6lgelerde hem \u00fclkemizde hem de geli\u015fmi\u015f \u00fclkelerde serac\u0131l\u0131k sekt\u00f6r\u00fc g\u00fc\u00e7l\u00fc bir b\u00fcy\u00fcme g\u00f6steriyor. \u00d6rne\u011fin Mardinli, \u015e\u0131rnakl\u0131 ve Midyatl\u0131 i\u015f insanlar\u0131m\u0131z bug\u00fcn \u015eanl\u0131urfa\u2019n\u0131n termal su kaynaklar\u0131n\u0131n yer ald\u0131\u011f\u0131 Karaali B\u00f6lgesi\u2019nde ciddi sera yat\u0131r\u0131mlar\u0131 yapt\u0131lar. Darge\u00e7it\u2019te termal su kaynaklar\u0131 ile yap\u0131lan \u00e7al\u0131\u015fmalarda ne yaz\u0131k ki yanl\u0131\u015f jeolojik uygulamalar nedeniyle mesafe kaydedilememi\u015f. Bu alanda Jeoloji M\u00fchendisleri Odas\u0131 ile birlikte ortak bir komite kuruyoruz. Darge\u00e7it s\u0131n\u0131rlar\u0131 i\u00e7erisinde yer alan termal su kaynaklar\u0131n\u0131n verimlili\u011fi ve potansiyeli \u00fczerine yeni projeler geli\u015ftirece\u011fiz. Termal su il\u00e7emizin kalk\u0131nma s\u00fcrecinin en \u00f6nemli etkenlerinden biri olabilir.\u201d<\/p>\n<p><strong>Mardin Lojistik \u00dcss\u00fc\u2019n\u00fcn fizibilite \u00e7al\u0131\u015fmalar\u0131 h\u0131zlanacak<\/strong><\/p>\n<p>Mardin\u2019de 2\u2019nci b\u00fcy\u00fck sekt\u00f6r\u00fcn lojistik sekt\u00f6r\u00fc oldu\u011funu dile getiren Hatip \u00c7elik, sekt\u00f6r\u00fcn da\u011f\u0131n\u0131k yap\u0131s\u0131 nedeniyle g\u00f6r\u00fcn\u00fcrl\u00fc\u011f\u00fcn\u00fcn az oldu\u011funu s\u00f6yledi. Sekt\u00f6r\u00fcn s\u00fcrd\u00fcr\u00fclebilir k\u00fcmelenmesi i\u00e7in Mardin Lojistik \u00dcss\u00fc Projesi\u2019ni koordine ettiklerini ifade eden Ba\u015fkan \u00c7elik, \u201c\u0130limizde kay\u0131tl\u0131 40 bin ara\u00e7tan olu\u015fan g\u00fc\u00e7l\u00fc bir ticari filoya sahibiz. Sekt\u00f6r\u00fcm\u00fcz\u00fcn s\u00fcrd\u00fcr\u00fclebilir geli\u015fimi ve k\u00fcmelenmesi i\u00e7in bizim de stratejik plan\u0131m\u0131zda yer alan Mardin Lojistik \u00dcss\u00fc Projesi\u2019nde \u00f6nemli bir e\u015fi\u011fi daha a\u015ft\u0131k. Cumhurba\u015fkanl\u0131\u011f\u0131 Yat\u0131r\u0131m Program\u0131\u2019nda bulunan \u00fcss\u00fcm\u00fcz\u00fcn fizibilite \u00e7al\u0131\u015fmalar\u0131n\u0131n tamamlanabilmesi i\u00e7in Dicle Kalk\u0131nma Ajans\u0131 ile \u00f6nemli bir protokol imzalad\u0131k. Bu sayede lojistik \u00fcss\u00fcm\u00fcz\u00fcn kurulu\u015f \u00e7al\u0131\u015fmalar\u0131nda daha h\u0131zl\u0131 hareket edece\u011fiz. \u00dcss\u00fcm\u00fcz faaliyete ge\u00e7ti\u011finde depolar\u0131yla, demir yolu ba\u011flant\u0131s\u0131 ve Suriye ve Irak pazar\u0131na yak\u0131n konumuyla Mardinimizi \u00fclkemizin en \u00f6nemli lojistik merkezlerinden birisi haline d\u00f6n\u00fc\u015ft\u00fcrecek\u201d diye konu\u015ftu.<\/p>\n<div id=\"attachment_111578\" style=\"width: 310px\" class=\"wp-caption alignnone\"><img decoding=\"async\" aria-describedby=\"caption-attachment-111578\" class=\"size-medium wp-image-111578\" src=\"https:\/\/mardinhaberyolu.com\/wp-content\/uploads\/2025\/12\/IBRAHIM-BATUK-300x200.jpg\" alt=\"\" width=\"300\" height=\"200\" srcset=\"https:\/\/mardinhaberyolu.com\/wp-content\/uploads\/2025\/12\/IBRAHIM-BATUK-300x200.jpg 300w, https:\/\/mardinhaberyolu.com\/wp-content\/uploads\/2025\/12\/IBRAHIM-BATUK-1024x683.jpg 1024w, https:\/\/mardinhaberyolu.com\/wp-content\/uploads\/2025\/12\/IBRAHIM-BATUK-768x512.jpg 768w, https:\/\/mardinhaberyolu.com\/wp-content\/uploads\/2025\/12\/IBRAHIM-BATUK-1536x1025.jpg 1536w, https:\/\/mardinhaberyolu.com\/wp-content\/uploads\/2025\/12\/IBRAHIM-BATUK-2048x1367.jpg 2048w\" sizes=\"(max-width: 300px) 100vw, 300px\" \/><p id=\"caption-attachment-111578\" class=\"wp-caption-text\">Mehmet Nabi Batuk<\/p><\/div>\n<p><strong>Midyat OSB, Darge\u00e7itli yat\u0131r\u0131mc\u0131lar i\u00e7in stratejik bir noktada duruyor<\/strong><\/p>\n<p>Mardin Ticaret ve Sanayi Odas\u0131 Y\u00f6netim Kurulu \u00dcyesi \u0130brahim Batuk ise 2022 y\u0131l\u0131nda g\u00f6reve geldiklerinde yeni d\u00f6nem hedeflerinin kurumsalla\u015fma, b\u00fct\u00e7e disiplini, stratejik planlama ve \u015feffafl\u0131k \u00fczerine yo\u011funla\u015ft\u0131\u011f\u0131n\u0131 s\u00f6yledi. Bu alanda \u00f6nemli bir mesafe ald\u0131klar\u0131n\u0131 kaydeden \u0130brahim Batuk, \u00fcye memnuniyet oranlar\u0131n\u0131n da 100 \u00fczerinden 94 seviyesine ula\u015ft\u0131\u011f\u0131n\u0131 kaydetti. Darge\u00e7itli yat\u0131r\u0131mc\u0131lar\u0131n da ilgisinin oldu\u011fu Midyat Organize Sanayi B\u00f6lgesi\u2019nin kurucular\u0131 aras\u0131nda yer ald\u0131klar\u0131na dikkat \u00e7eken \u0130brahim Batuk, \u201cMidyat OSB, Darge\u00e7it\u2019teki \u00fcyelerimiz i\u00e7in de \u00e7ok stratejik bir noktada yer al\u0131yor. Darge\u00e7it\u2019e yak\u0131n konumuyla end\u00fcstriyel \u00fcretime y\u00f6nelmek isteyen yat\u0131r\u0131mc\u0131lar\u0131m\u0131za \u00f6nemli avantajlar sa\u011fl\u0131yor\u201d dedi.<\/p>\n<div id=\"attachment_111582\" style=\"width: 310px\" class=\"wp-caption alignnone\"><img decoding=\"async\" aria-describedby=\"caption-attachment-111582\" class=\"size-medium wp-image-111582\" src=\"https:\/\/mardinhaberyolu.com\/wp-content\/uploads\/2025\/12\/MARDIN-TSO-DARGECIT-UYE-ISTISARE-TOPLANTISI-5-300x200.jpg\" alt=\"\" width=\"300\" height=\"200\" srcset=\"https:\/\/mardinhaberyolu.com\/wp-content\/uploads\/2025\/12\/MARDIN-TSO-DARGECIT-UYE-ISTISARE-TOPLANTISI-5-300x200.jpg 300w, https:\/\/mardinhaberyolu.com\/wp-content\/uploads\/2025\/12\/MARDIN-TSO-DARGECIT-UYE-ISTISARE-TOPLANTISI-5-1024x683.jpg 1024w, https:\/\/mardinhaberyolu.com\/wp-content\/uploads\/2025\/12\/MARDIN-TSO-DARGECIT-UYE-ISTISARE-TOPLANTISI-5-768x512.jpg 768w, https:\/\/mardinhaberyolu.com\/wp-content\/uploads\/2025\/12\/MARDIN-TSO-DARGECIT-UYE-ISTISARE-TOPLANTISI-5-1536x1025.jpg 1536w, https:\/\/mardinhaberyolu.com\/wp-content\/uploads\/2025\/12\/MARDIN-TSO-DARGECIT-UYE-ISTISARE-TOPLANTISI-5-2048x1367.jpg 2048w\" sizes=\"(max-width: 300px) 100vw, 300px\" \/><p id=\"caption-attachment-111582\" class=\"wp-caption-text\">Mehmet Nabi Batuk<\/p><\/div>\n<p>B\u00fclten<\/p>\n","protected":false},"excerpt":{"rendered":"<p>Mardin Ticaret ve Sanayi Odas\u0131\u2019n\u0131n \u201cOrtak Hedefimiz ve Ortak Gelece\u011fimiz\u201d mottosuyla d\u00fczenledi\u011fi \u00dcye \u0130sti\u015fare Bulu\u015fmalar\u0131\u2019n\u0131n 6\u2019nc\u0131s\u0131 Darge\u00e7it\u2019te ger\u00e7ekle\u015ftirildi.<\/p>\n","protected":false},"author":1,"featured_media":111576,"comment_status":"open","ping_status":"open","sticky":false,"template":"","format":"standard","meta":{"footnotes":""},"categories":[6,4,9,30],"tags":[],"class_list":["post-111575","post","type-post","status-publish","format-standard","has-post-thumbnail","hentry","category-ekonomi","category-manset","category-mardin","category-ust-manset"],"_links":{"self":[{"href":"https:\/\/mardinhaberyolu.com\/index.php?rest_route=\/wp\/v2\/posts\/111575","targetHints":{"allow":["GET"]}}],"collection":[{"href":"https:\/\/mardinhaberyolu.com\/index.php?rest_route=\/wp\/v2\/posts"}],"about":[{"href":"https:\/\/mardinhaberyolu.com\/index.php?rest_route=\/wp\/v2\/types\/post"}],"author":[{"embeddable":true,"href":"https:\/\/mardinhaberyolu.com\/index.php?rest_route=\/wp\/v2\/users\/1"}],"replies":[{"embeddable":true,"href":"https:\/\/mardinhaberyolu.com\/index.php?rest_route=%2Fwp%2Fv2%2Fcomments&post=111575"}],"version-history":[{"count":1,"href":"https:\/\/mardinhaberyolu.com\/index.php?rest_route=\/wp\/v2\/posts\/111575\/revisions"}],"predecessor-version":[{"id":111583,"href":"https:\/\/mardinhaberyolu.com\/index.php?rest_route=\/wp\/v2\/posts\/111575\/revisions\/111583"}],"wp:featuredmedia":[{"embeddable":true,"href":"https:\/\/mardinhaberyolu.com\/index.php?rest_route=\/wp\/v2\/media\/111576"}],"wp:attachment":[{"href":"https:\/\/mardinhaberyolu.com\/index.php?rest_route=%2Fwp%2Fv2%2Fmedia&parent=111575"}],"wp:term":[{"taxonomy":"category","embeddable":true,"href":"https:\/\/mardinhaberyolu.com\/index.php?rest_route=%2Fwp%2Fv2%2Fcategories&post=111575"},{"taxonomy":"post_tag","embeddable":true,"href":"https:\/\/mardinhaberyolu.com\/index.php?rest_route=%2Fwp%2Fv2%2Ftags&post=111575"}],"curies":[{"name":"wp","href":"https:\/\/api.w.org\/{rel}","templated":true}]}}