{"id":111571,"date":"2025-12-05T13:17:29","date_gmt":"2025-12-05T13:17:29","guid":{"rendered":"https:\/\/mardinhaberyolu.com\/?p=111571"},"modified":"2025-12-05T13:17:29","modified_gmt":"2025-12-05T13:17:29","slug":"mehmet-uncudan-5-aralik-dunya-kadin-haklari-gunu-mesaji","status":"publish","type":"post","link":"https:\/\/mardinhaberyolu.com\/?p=111571","title":{"rendered":"Mehmet Uncu\u2019dan 5 Aral\u0131k D\u00fcnya Kad\u0131n Haklar\u0131 G\u00fcn\u00fc Mesaj\u0131"},"content":{"rendered":"<p>AK Parti h\u00fck\u00fcmetleri d\u00f6neminde kad\u0131nlara y\u00f6nelik bir\u00e7ok yap\u0131sal reform hayata ge\u00e7irilmi\u015f; kad\u0131nlar\u0131n e\u011fitim, istihdam, giri\u015fimcilik, siyaset ve sosyal hayata kat\u0131l\u0131mlar\u0131 her alanda desteklenmi\u015ftir. Kad\u0131na y\u00f6nelik \u015fiddetle m\u00fccadeleden, kad\u0131nlar\u0131n \u00e7al\u0131\u015fma hayat\u0131ndaki f\u0131rsat e\u015fitli\u011fine kadar uzanan geni\u015f bir alanda kararl\u0131 bir \u015fekilde politikalar uygulanm\u0131\u015f; kad\u0131nlar\u0131n temsil g\u00fcc\u00fc \u00f6nemli \u00f6l\u00e7\u00fcde artm\u0131\u015ft\u0131r.<\/p>\n<p>Bu anlay\u0131\u015fla, kad\u0131nlar\u0131n hayat\u0131n her alan\u0131nda daha g\u00f6r\u00fcn\u00fcr, daha g\u00fc\u00e7l\u00fc ve daha etkili olmas\u0131n\u0131 destekleyen \u00e7al\u0131\u015fmalar\u0131m\u0131z\u0131 ayn\u0131 kararl\u0131l\u0131kla s\u00fcrd\u00fcr\u00fcyoruz.<\/p>\n<p>T\u00fcm kad\u0131nlar\u0131m\u0131z\u0131n 5 Aral\u0131k D\u00fcnya Kad\u0131n Haklar\u0131 G\u00fcn\u00fc\u2019n\u00fc kutluyor; hak m\u00fccadelesine, demokrasiye ve kalk\u0131nmam\u0131za katk\u0131 sunan t\u00fcm kad\u0131nlara en i\u00e7ten te\u015fekk\u00fcrlerimi sunuyorum.<br \/>\nMehmet Uncu<br \/>\nAK parti Mardin il ba\u015fkan\u0131<\/p>\n","protected":false},"excerpt":{"rendered":"<p>5 Aral\u0131k 1934\u2019te Gazi Mustafa Kemal Atat\u00fcrk taraf\u0131ndan kad\u0131nlara tan\u0131nan se\u00e7me ve se\u00e7ilme hakk\u0131, T\u00fcrkiye\u2019nin demokratikle\u015fme s\u00fcrecinde tarihi bir ad\u0131md\u0131r. Kad\u0131nlar\u0131n siyasal ve toplumsal hayat\u0131n g\u00fc\u00e7l\u00fc bir \u00f6znesi haline gelmesinin temelleri bu kararla at\u0131lm\u0131\u015ft\u0131r.<\/p>\n","protected":false},"author":1,"featured_media":111572,"comment_status":"open","ping_status":"open","sticky":false,"template":"","format":"standard","meta":{"footnotes":""},"categories":[3,4,9,18,30],"tags":[],"class_list":["post-111571","post","type-post","status-publish","format-standard","has-post-thumbnail","hentry","category-guncel","category-manset","category-mardin","category-toplumsal-yasam-gundem","category-ust-manset"],"_links":{"self":[{"href":"https:\/\/mardinhaberyolu.com\/index.php?rest_route=\/wp\/v2\/posts\/111571","targetHints":{"allow":["GET"]}}],"collection":[{"href":"https:\/\/mardinhaberyolu.com\/index.php?rest_route=\/wp\/v2\/posts"}],"about":[{"href":"https:\/\/mardinhaberyolu.com\/index.php?rest_route=\/wp\/v2\/types\/post"}],"author":[{"embeddable":true,"href":"https:\/\/mardinhaberyolu.com\/index.php?rest_route=\/wp\/v2\/users\/1"}],"replies":[{"embeddable":true,"href":"https:\/\/mardinhaberyolu.com\/index.php?rest_route=%2Fwp%2Fv2%2Fcomments&post=111571"}],"version-history":[{"count":1,"href":"https:\/\/mardinhaberyolu.com\/index.php?rest_route=\/wp\/v2\/posts\/111571\/revisions"}],"predecessor-version":[{"id":111573,"href":"https:\/\/mardinhaberyolu.com\/index.php?rest_route=\/wp\/v2\/posts\/111571\/revisions\/111573"}],"wp:featuredmedia":[{"embeddable":true,"href":"https:\/\/mardinhaberyolu.com\/index.php?rest_route=\/wp\/v2\/media\/111572"}],"wp:attachment":[{"href":"https:\/\/mardinhaberyolu.com\/index.php?rest_route=%2Fwp%2Fv2%2Fmedia&parent=111571"}],"wp:term":[{"taxonomy":"category","embeddable":true,"href":"https:\/\/mardinhaberyolu.com\/index.php?rest_route=%2Fwp%2Fv2%2Fcategories&post=111571"},{"taxonomy":"post_tag","embeddable":true,"href":"https:\/\/mardinhaberyolu.com\/index.php?rest_route=%2Fwp%2Fv2%2Ftags&post=111571"}],"curies":[{"name":"wp","href":"https:\/\/api.w.org\/{rel}","templated":true}]}}