{"id":111567,"date":"2025-12-05T09:19:49","date_gmt":"2025-12-05T09:19:49","guid":{"rendered":"https:\/\/mardinhaberyolu.com\/?p=111567"},"modified":"2025-12-05T09:19:49","modified_gmt":"2025-12-05T09:19:49","slug":"15-yillik-palmiye-agaci-atese-verildi","status":"publish","type":"post","link":"https:\/\/mardinhaberyolu.com\/?p=111567","title":{"rendered":"15 Y\u0131ll\u0131k Palmiye A\u011fac\u0131 Ate\u015fe Verildi"},"content":{"rendered":"<p>Mehmet Sincar Park\u0131\u2019nda bulunan yakla\u015f\u0131k 15 y\u0131ll\u0131k palmiye a\u011fac\u0131n\u0131n ate\u015fe verilmesi, Bah\u00e7elievler Mahallesi\u2019ndeki parkta ise yer kau\u00e7uklar\u0131n\u0131n ve kamelyalar\u0131n yak\u0131lmas\u0131, kamu mal\u0131na ciddi zarar verdi.<\/p>\n<p>K\u0131z\u0131ltepe Belediyesi yetkilileri, s\u00f6z konusu vandal eylemlerinin g\u00f6r\u00fcnt\u00fclenip sosyal medyada payla\u015f\u0131lmas\u0131n\u0131n \u00fcz\u00fcnt\u00fcy\u00fc daha da art\u0131rd\u0131\u011f\u0131n\u0131 belirtti.<\/p>\n<p>Yap\u0131lan a\u00e7\u0131klamada \u015fu ifadelere yer verildi:<br \/>\n\u201cBelediye olarak halk\u0131m\u0131z\u0131n ortak kullan\u0131m alanlar\u0131 olan parklarda ye\u015fillendirme ve a\u011fa\u00e7land\u0131rma \u00e7al\u0131\u015fmalar\u0131n\u0131 s\u00fcrd\u00fcr\u00fcrken, bu t\u00fcr vandall\u0131k eylemleri hizmetlerimizi aksatmakta ve kamu mal\u0131na zarar vermektedir. Bu olay\u0131 ger\u00e7ekle\u015ftiren ki\u015fileri \u015fiddetle k\u0131n\u0131yor, kamuoyunun konu hakk\u0131nda do\u011fru \u015fekilde bilgilendirilmesini \u00f6nemsiyoruz. Olay\u0131 halk\u0131m\u0131z\u0131n takdirine b\u0131rak\u0131yoruz.\u201d<\/p>\n<p>Olaylarla ilgili gerekli t\u00fcm incelemelerin ba\u015flat\u0131ld\u0131\u011f\u0131, s\u00fcrecin belediyenin ilgili birimleri taraf\u0131ndan titizlikle takip edilece\u011fi bildirildi.<\/p>\n<p><img fetchpriority=\"high\" decoding=\"async\" class=\"alignnone size-medium wp-image-111569\" src=\"https:\/\/mardinhaberyolu.com\/wp-content\/uploads\/2025\/12\/IMG-20251205-WA0017-225x300.jpg\" alt=\"\" width=\"225\" height=\"300\" srcset=\"https:\/\/mardinhaberyolu.com\/wp-content\/uploads\/2025\/12\/IMG-20251205-WA0017-225x300.jpg 225w, https:\/\/mardinhaberyolu.com\/wp-content\/uploads\/2025\/12\/IMG-20251205-WA0017-768x1024.jpg 768w, https:\/\/mardinhaberyolu.com\/wp-content\/uploads\/2025\/12\/IMG-20251205-WA0017-1152x1536.jpg 1152w, https:\/\/mardinhaberyolu.com\/wp-content\/uploads\/2025\/12\/IMG-20251205-WA0017.jpg 1200w\" sizes=\"(max-width: 225px) 100vw, 225px\" \/><\/p>\n<p>Haber Merkezi<\/p>\n","protected":false},"excerpt":{"rendered":"<p>K\u0131z\u0131ltepe\u2019de belediyeye ait parklarda kimli\u011fi belirsiz ki\u015filer taraf\u0131ndan ger\u00e7ekle\u015ftirilen vandalizm olaylar\u0131 b\u00fcy\u00fck \u00fcz\u00fcnt\u00fc ve kayg\u0131 yaratt\u0131.<\/p>\n","protected":false},"author":1,"featured_media":111568,"comment_status":"open","ping_status":"open","sticky":false,"template":"","format":"standard","meta":{"footnotes":""},"categories":[2,4,17,30],"tags":[],"class_list":["post-111567","post","type-post","status-publish","format-standard","has-post-thumbnail","hentry","category-kiziltepe","category-manset","category-toplumsal-yasam","category-ust-manset"],"_links":{"self":[{"href":"https:\/\/mardinhaberyolu.com\/index.php?rest_route=\/wp\/v2\/posts\/111567","targetHints":{"allow":["GET"]}}],"collection":[{"href":"https:\/\/mardinhaberyolu.com\/index.php?rest_route=\/wp\/v2\/posts"}],"about":[{"href":"https:\/\/mardinhaberyolu.com\/index.php?rest_route=\/wp\/v2\/types\/post"}],"author":[{"embeddable":true,"href":"https:\/\/mardinhaberyolu.com\/index.php?rest_route=\/wp\/v2\/users\/1"}],"replies":[{"embeddable":true,"href":"https:\/\/mardinhaberyolu.com\/index.php?rest_route=%2Fwp%2Fv2%2Fcomments&post=111567"}],"version-history":[{"count":1,"href":"https:\/\/mardinhaberyolu.com\/index.php?rest_route=\/wp\/v2\/posts\/111567\/revisions"}],"predecessor-version":[{"id":111570,"href":"https:\/\/mardinhaberyolu.com\/index.php?rest_route=\/wp\/v2\/posts\/111567\/revisions\/111570"}],"wp:featuredmedia":[{"embeddable":true,"href":"https:\/\/mardinhaberyolu.com\/index.php?rest_route=\/wp\/v2\/media\/111568"}],"wp:attachment":[{"href":"https:\/\/mardinhaberyolu.com\/index.php?rest_route=%2Fwp%2Fv2%2Fmedia&parent=111567"}],"wp:term":[{"taxonomy":"category","embeddable":true,"href":"https:\/\/mardinhaberyolu.com\/index.php?rest_route=%2Fwp%2Fv2%2Fcategories&post=111567"},{"taxonomy":"post_tag","embeddable":true,"href":"https:\/\/mardinhaberyolu.com\/index.php?rest_route=%2Fwp%2Fv2%2Ftags&post=111567"}],"curies":[{"name":"wp","href":"https:\/\/api.w.org\/{rel}","templated":true}]}}