{"id":111562,"date":"2025-12-05T03:37:04","date_gmt":"2025-12-05T03:37:04","guid":{"rendered":"https:\/\/mardinhaberyolu.com\/?p=111562"},"modified":"2025-12-05T03:37:04","modified_gmt":"2025-12-05T03:37:04","slug":"artuklu-belediyesi-kaldirim-isgallerine-karsi-denetimleri-siklastirdi","status":"publish","type":"post","link":"https:\/\/mardinhaberyolu.com\/?p=111562","title":{"rendered":"Artuklu Belediyesi Kald\u0131r\u0131m \u0130\u015fgallerine Kar\u015f\u0131 Denetimleri S\u0131kla\u015ft\u0131rd\u0131"},"content":{"rendered":"<p>Artuklu Belediyesi Zab\u0131ta M\u00fcd\u00fcrl\u00fc\u011f\u00fc ekipleri, kent genelinde kald\u0131r\u0131m i\u015fgallerine y\u00f6nelik denetimlerini aral\u0131ks\u0131z s\u00fcrd\u00fcr\u00fcyor. Vatanda\u015flardan gelen \u015fikayetler ve sahada yap\u0131lan tespitler do\u011frultusunda s\u0131kla\u015ft\u0131r\u0131lan kontrollerde, kald\u0131r\u0131mlar\u0131 i\u015fgal ederek yaya ge\u00e7i\u015fini engelleyen i\u015fletmelere y\u00f6nelik uyar\u0131 ve cezai i\u015flemler uygulan\u0131yor.<\/p>\n<p>Belediyeden yap\u0131lan a\u00e7\u0131klamada, kald\u0131r\u0131mlar\u0131n \u00f6n\u00fcne masa, sandalye, te\u015fhir reyonu, sat\u0131\u015f stantlar\u0131 ve \u00e7e\u015fitli malzemeler b\u0131rakarak yaya g\u00fcvenli\u011fini tehlikeye atan i\u015fletmelerin tek tek tespit edildi\u011fi belirtildi. \u0130lk a\u015famada i\u015fletmelere mevzuat hakk\u0131nda bilgilendirme yap\u0131ld\u0131\u011f\u0131, i\u015fgale son verilmesi i\u00e7in s\u00fcre tan\u0131nd\u0131\u011f\u0131 ifade edildi.<\/p>\n<p>Yetkililer, uyar\u0131lara ra\u011fmen kald\u0131r\u0131m i\u015fgaline devam eden baz\u0131 i\u015fletmelere ise ilgili kanun ve y\u00f6netmelikler \u00e7er\u00e7evesinde idari para cezas\u0131 kesildi\u011fini, gerekti\u011finde i\u015fgale konu ekipman ve malzemelerin de kald\u0131r\u0131ld\u0131\u011f\u0131n\u0131 bildirdi.<\/p>\n<p>Zab\u0131ta M\u00fcd\u00fcrl\u00fc\u011f\u00fc, kent d\u00fczeninin sa\u011flanmas\u0131, \u00f6zellikle \u00e7ocuklar, ya\u015fl\u0131lar ve engelli bireyler ba\u015fta olmak \u00fczere t\u00fcm vatanda\u015flar\u0131n g\u00fcvenle y\u00fcr\u00fcyebilece\u011fi, kesintisiz ve eri\u015filebilir bir yaya yolu olu\u015fturulmas\u0131 i\u00e7in denetimlerin kararl\u0131l\u0131kla devam edece\u011fini vurgulad\u0131.<\/p>\n<p>Artuklu Belediyesi, kald\u0131r\u0131mlar\u0131n yayalara ait oldu\u011funun alt\u0131n\u0131 \u00e7izerek t\u00fcm esnaf ve vatanda\u015flar\u0131 kurallara uymaya davet etti.<\/p>\n<p><img fetchpriority=\"high\" decoding=\"async\" class=\"alignnone size-medium wp-image-111564\" src=\"https:\/\/mardinhaberyolu.com\/wp-content\/uploads\/2025\/12\/IMG-20251204-WA0068-300x225.jpg\" alt=\"\" width=\"300\" height=\"225\" srcset=\"https:\/\/mardinhaberyolu.com\/wp-content\/uploads\/2025\/12\/IMG-20251204-WA0068-300x225.jpg 300w, https:\/\/mardinhaberyolu.com\/wp-content\/uploads\/2025\/12\/IMG-20251204-WA0068-1024x768.jpg 1024w, https:\/\/mardinhaberyolu.com\/wp-content\/uploads\/2025\/12\/IMG-20251204-WA0068-768x576.jpg 768w, https:\/\/mardinhaberyolu.com\/wp-content\/uploads\/2025\/12\/IMG-20251204-WA0068-1536x1152.jpg 1536w, https:\/\/mardinhaberyolu.com\/wp-content\/uploads\/2025\/12\/IMG-20251204-WA0068.jpg 2048w\" sizes=\"(max-width: 300px) 100vw, 300px\" \/><\/p>\n<p>A\u00e7\u0131klamada, \u201cKentimizi hep birlikte daha d\u00fczenli, daha ya\u015fanabilir ve herkes i\u00e7in eri\u015filebilir k\u0131labiliriz. Hem yasal yapt\u0131r\u0131mlarla kar\u015f\u0131 kar\u015f\u0131ya kalmamak hem de toplumsal sorumluluk gere\u011fi, kald\u0131r\u0131mlar\u0131n yayalara b\u0131rak\u0131lmas\u0131 b\u00fcy\u00fck \u00f6nem ta\u015f\u0131maktad\u0131r.\u201d ifadelerine yer verildi.<\/p>\n<p>Kald\u0131r\u0131m i\u015fgalleriyle kar\u015f\u0131la\u015fan vatanda\u015flar\u0131n Zab\u0131ta M\u00fcd\u00fcrl\u00fc\u011f\u00fc\u2019n\u00fcn resmi ileti\u015fim kanallar\u0131 \u00fczerinden bildirimde bulunabileceklerini belirterek, gelen her ihbar\u0131n titizlikle de\u011ferlendirilece\u011fini ifade edildi.<\/p>\n<p>Edit\u00f6r\u00fc:Mardin Haberyolu<\/p>\n","protected":false},"excerpt":{"rendered":"<p>Uyar\u0131lar\u0131 dikkate almayan i\u015fletmelere Artuklu Belediyesi taraf\u0131ndan cezai i\u015flem uyguland\u0131<\/p>\n","protected":false},"author":1,"featured_media":111563,"comment_status":"open","ping_status":"open","sticky":false,"template":"","format":"standard","meta":{"footnotes":""},"categories":[3,4,9,18,30,27],"tags":[],"class_list":["post-111562","post","type-post","status-publish","format-standard","has-post-thumbnail","hentry","category-guncel","category-manset","category-mardin","category-toplumsal-yasam-gundem","category-ust-manset","category-yerel-siyaset"],"_links":{"self":[{"href":"https:\/\/mardinhaberyolu.com\/index.php?rest_route=\/wp\/v2\/posts\/111562","targetHints":{"allow":["GET"]}}],"collection":[{"href":"https:\/\/mardinhaberyolu.com\/index.php?rest_route=\/wp\/v2\/posts"}],"about":[{"href":"https:\/\/mardinhaberyolu.com\/index.php?rest_route=\/wp\/v2\/types\/post"}],"author":[{"embeddable":true,"href":"https:\/\/mardinhaberyolu.com\/index.php?rest_route=\/wp\/v2\/users\/1"}],"replies":[{"embeddable":true,"href":"https:\/\/mardinhaberyolu.com\/index.php?rest_route=%2Fwp%2Fv2%2Fcomments&post=111562"}],"version-history":[{"count":1,"href":"https:\/\/mardinhaberyolu.com\/index.php?rest_route=\/wp\/v2\/posts\/111562\/revisions"}],"predecessor-version":[{"id":111565,"href":"https:\/\/mardinhaberyolu.com\/index.php?rest_route=\/wp\/v2\/posts\/111562\/revisions\/111565"}],"wp:featuredmedia":[{"embeddable":true,"href":"https:\/\/mardinhaberyolu.com\/index.php?rest_route=\/wp\/v2\/media\/111563"}],"wp:attachment":[{"href":"https:\/\/mardinhaberyolu.com\/index.php?rest_route=%2Fwp%2Fv2%2Fmedia&parent=111562"}],"wp:term":[{"taxonomy":"category","embeddable":true,"href":"https:\/\/mardinhaberyolu.com\/index.php?rest_route=%2Fwp%2Fv2%2Fcategories&post=111562"},{"taxonomy":"post_tag","embeddable":true,"href":"https:\/\/mardinhaberyolu.com\/index.php?rest_route=%2Fwp%2Fv2%2Ftags&post=111562"}],"curies":[{"name":"wp","href":"https:\/\/api.w.org\/{rel}","templated":true}]}}