{"id":111555,"date":"2025-12-04T10:20:40","date_gmt":"2025-12-04T10:20:40","guid":{"rendered":"https:\/\/mardinhaberyolu.com\/?p=111555"},"modified":"2025-12-04T12:38:04","modified_gmt":"2025-12-04T12:38:04","slug":"mardin-engelliler-dernegi-3-aralik-dunya-engelliler-gununu-coskuyla-kutladi","status":"publish","type":"post","link":"https:\/\/mardinhaberyolu.com\/?p=111555","title":{"rendered":"Mardin Engelliler Derne\u011fi 3 Aral\u0131k D\u00fcnya Engelliler G\u00fcn\u00fc\u2019n\u00fc Co\u015fkuyla Kutlad\u0131"},"content":{"rendered":"<p>Sayg\u0131 Duru\u015fu ve \u0130stiklal Mar\u015f\u0131 ile Ba\u015flayan Anlaml\u0131 Program<\/p>\n<p>Program, sayg\u0131 duru\u015fu ve \u0130stiklal Mar\u015f\u0131\u2019n\u0131n okunmas\u0131yla ba\u015flad\u0131. Ard\u0131ndan engelli bireylerin g\u00fcnl\u00fck ya\u015famda kar\u015f\u0131la\u015ft\u0131klar\u0131 zorluklara dikkat \u00e7eken \u00f6zel bir k\u0131sa film g\u00f6sterimi yap\u0131ld\u0131. G\u00f6sterim, salonda duygu y\u00fckl\u00fc anlar ya\u015fanmas\u0131na neden olurken fark\u0131ndal\u0131k olu\u015fturdu.<\/p>\n<p>\u201cEngel, g\u00f6n\u00fcllerin birbirine uzakl\u0131\u011f\u0131d\u0131r\u201d<\/p>\n<p>Mardin Engelliler Derne\u011fi Ba\u015fkan\u0131 Y\u0131lmaz Demir, yapt\u0131\u011f\u0131 konu\u015fmada engellilik konusuna yaln\u0131zca bir durum de\u011fil, bir vicdan meselesi olarak bak\u0131lmas\u0131 gerekti\u011fini vurgulad\u0131.<\/p>\n<p>Ba\u015fkan Demir, \u201cEngel, g\u00f6n\u00fcllerin birbirine uzakl\u0131\u011f\u0131d\u0131r. Biz g\u00f6n\u00fclleri birle\u015ftirdik\u00e7e engeller ortadan kalk\u0131yor. Bir y\u0131ld\u0131r sahaday\u0131z, bir tek karde\u015fimizi bile geride b\u0131rakmamaya kararl\u0131y\u0131z.\u201d dedi<\/p>\n<p>Ba\u015fkan Demir, derne\u011fin bir y\u0131lda y\u00fczlerce haneye ula\u015ft\u0131\u011f\u0131n\u0131, g\u00f6n\u00fcll\u00fclerin deste\u011fiyle her g\u00fcn yeni bir ya\u015fam\u0131n de\u011fi\u015fti\u011fini ifade etti.<\/p>\n<p><strong>Toplumsal Fark\u0131ndal\u0131\u011fa Vurgu<\/strong><\/p>\n<p>Mardin Eczac\u0131lar Odas\u0131 Ba\u015fkan\u0131 Uzm. Ec. Fatih Oral, toplumdaki engellilik bilincinin g\u00fc\u00e7lendirilmesi gerekti\u011fini belirterek, kurumlar\u0131n ve bireylerin dayan\u0131\u015fmas\u0131n\u0131n \u00f6nemine dikkat \u00e7ekti.<\/p>\n<p><strong>Duygu Dolu Anlar, Tan\u0131t\u0131m Videosu, \u015eiir ve Sessizlik<\/strong><\/p>\n<p><img decoding=\"async\" class=\"alignnone size-medium wp-image-111558\" src=\"https:\/\/mardinhaberyolu.com\/wp-content\/uploads\/2025\/12\/en3-300x162.jpg\" alt=\"\" width=\"300\" height=\"162\" srcset=\"https:\/\/mardinhaberyolu.com\/wp-content\/uploads\/2025\/12\/en3-300x162.jpg 300w, https:\/\/mardinhaberyolu.com\/wp-content\/uploads\/2025\/12\/en3-1024x553.jpg 1024w, https:\/\/mardinhaberyolu.com\/wp-content\/uploads\/2025\/12\/en3-768x415.jpg 768w, https:\/\/mardinhaberyolu.com\/wp-content\/uploads\/2025\/12\/en3.jpg 1083w\" sizes=\"(max-width: 300px) 100vw, 300px\" \/><\/p>\n<p>Dernek Ba\u015fkan Yard\u0131mc\u0131s\u0131 Rauf Demir, derne\u011fin bir y\u0131ll\u0131k faaliyetlerini i\u00e7eren tan\u0131t\u0131m videosunu sunum e\u015fli\u011finde aktard\u0131. Sunumda, bir y\u0131ll\u0131k s\u00fcre\u00e7te ula\u015f\u0131lan y\u00fczlerce aile, teslim edilen medikal malzemeler, d\u00fczenlenen ziyaretler ve g\u00f6n\u00fcll\u00fclerin katk\u0131lar\u0131 detaylar\u0131yla yer ald\u0131.<\/p>\n<p>Ard\u0131ndan, Cengiz Numano\u011flu\u2019nun \u201c\u0130\u00e7ime Hi\u00e7 Sinmiyor\u201d adl\u0131 \u015fiirini okuyan Demir, salonda derin bir duygusal atmosfer olu\u015fturdu. \u015eiirin her dizesi, kat\u0131l\u0131mc\u0131lar \u00fczerinde g\u00fc\u00e7l\u00fc bir etki b\u0131rakt\u0131. Bir\u00e7o\u011fu g\u00f6zya\u015flar\u0131n\u0131 tutamad\u0131.<\/p>\n<p><strong>Umut\u2019un Asker Selam\u0131 Salonda F\u0131rt\u0131na Estirdi<\/strong><\/p>\n<p>Program\u0131n en unutulmaz an\u0131, asker olma hayali kuran Umut Sapu\u2019nun jandarma er \u00fcniformas\u0131yla sahneye \u00e7\u0131kar\u0131lmas\u0131 oldu. Umut\u2019a hem \u00fcniformas\u0131 hem de ak\u00fcl\u00fc sandalyesi teslim edildi.<\/p>\n<p>Umut\u2019un, heyecanla ve gururla salona verdi\u011fi asker selam\u0131, protokol \u00fcyeleri, misafirler ve g\u00f6n\u00fcll\u00fcler taraf\u0131ndan dakikalarca alk\u0131\u015fland\u0131. Bu an, t\u00fcm salonun haf\u0131zas\u0131na kaz\u0131nd\u0131 ve etkinli\u011fin simgesi haline geldi.<\/p>\n<p><strong>G\u00f6n\u00fcl K\u00f6pr\u00fcs\u00fcne Destek Verenlere Plaket Takdimi<\/strong><\/p>\n<p>Derne\u011fin \u00e7al\u0131\u015fmalar\u0131na destek veren i\u015f insanlar\u0131na, kurum temsilcilerine, muhtarlara ve g\u00f6n\u00fcll\u00fclere plaket takdim edildi.<br \/>\nDernek y\u00f6netimi, yap\u0131lan desteklerin sadece bir yard\u0131m de\u011fil, ayn\u0131 zamanda bir \u00f6m\u00fcr de\u011fi\u015ftiren bir dokunu\u015f oldu\u011funun alt\u0131n\u0131 \u00e7izdi.<\/p>\n<p><strong>Benzersiz Bir \u00c7al\u0131\u015fma Modeli, Tam \u015eeffafl\u0131k ve G\u00f6n\u00fcll\u00fcl\u00fck<\/strong><\/p>\n<p>2004 y\u0131l\u0131nda kurulan Mardin Engelliler Sosyal Yard\u0131mla\u015fma ve Dayan\u0131\u015fma Derne\u011fi, T\u00fcrkiye\u2019de ender g\u00f6r\u00fclen bir sistemle hizmet vermeye devam ediyor.<\/p>\n<p>Dernek;<br \/>\n\u2022 Kasa bulundurmuyor,<br \/>\n\u2022 IBAN hesab\u0131 a\u00e7m\u0131yor,<br \/>\n\u2022 Ba\u011f\u0131\u015f makbuzu d\u00fczenlemiyor,<br \/>\n\u2022 Nakdi yard\u0131m kabul etmiyor,<br \/>\n\u2022 Tamamen medikal malzeme \u00fczerinden g\u00f6n\u00fcll\u00fc destek modeliyle \u00e7al\u0131\u015f\u0131yor.<\/p>\n<p>Destek\u00e7iler ihtiya\u00e7 duyulan medikal malzemeleri kendileri temin ederek derne\u011fe ula\u015ft\u0131r\u0131yor; dernek ise bu \u00fcr\u00fcnleri hi\u00e7bir gecikme olmadan ihtiya\u00e7 sahiplerine teslim ediyor. Bu y\u00f6ntem, derne\u011fin g\u00fcvenilirlik ve \u015feffafl\u0131k konusundaki kararl\u0131l\u0131\u011f\u0131n\u0131n en somut g\u00f6stergesi.<\/p>\n<p><strong>G\u00f6n\u00fcl K\u00f6pr\u00fcs\u00fc B\u00fcy\u00fcmeye ve Birle\u015ftirmeye Devam Ediyor<\/strong><\/p>\n<p>Program, toplu hat\u0131ra foto\u011fraf\u0131 \u00e7ekimi ve kahve ikram\u0131 ile sona erdi. Kat\u0131l\u0131mc\u0131lar, dernek y\u00f6neticileriyle sohbet ederek duygular\u0131n\u0131 payla\u015ft\u0131.<\/p>\n<p>Dernek y\u00f6neticileri, te\u015fekk\u00fcr konu\u015fmalar\u0131nda \u015fu s\u00f6zlere yer verdi, \u201cBu k\u00f6pr\u00fcde bir u\u00e7ta g\u00f6nl\u00fcn\u00fc verenler, di\u011fer u\u00e7ta duas\u0131n\u0131 eksik etmeyenler var. Biz sadece iki yakay\u0131 bulu\u015fturuyoruz. G\u00f6n\u00fcl K\u00f6pr\u00fcs\u00fc her yeni destekle biraz daha b\u00fcy\u00fcyor.\u201d<\/p>\n<p>Mardin Engelliler Derne\u011fi, 3 Aral\u0131k vesilesiyle bir kez daha engelli bireylerin hayat\u0131na dokunan, fark\u0131ndal\u0131k olu\u015fturan ve toplumda birlik ruhunu g\u00fc\u00e7lendiren bir programla g\u00f6n\u00fclleri bir araya getirdi.<\/p>\n<p><img fetchpriority=\"high\" decoding=\"async\" class=\"alignnone size-medium wp-image-111557\" src=\"https:\/\/mardinhaberyolu.com\/wp-content\/uploads\/2025\/12\/en2-1-300x229.jpg\" alt=\"\" width=\"300\" height=\"229\" srcset=\"https:\/\/mardinhaberyolu.com\/wp-content\/uploads\/2025\/12\/en2-1-300x229.jpg 300w, https:\/\/mardinhaberyolu.com\/wp-content\/uploads\/2025\/12\/en2-1-1024x781.jpg 1024w, https:\/\/mardinhaberyolu.com\/wp-content\/uploads\/2025\/12\/en2-1-768x586.jpg 768w, https:\/\/mardinhaberyolu.com\/wp-content\/uploads\/2025\/12\/en2-1.jpg 1340w\" sizes=\"(max-width: 300px) 100vw, 300px\" \/><\/p>\n<p>Haber Merkezi<\/p>\n","protected":false},"excerpt":{"rendered":"<p>3 Aral\u0131k D\u00fcnya Engelliler G\u00fcn\u00fc kapsam\u0131nda Mardin Engelliler Sosyal Yard\u0131mla\u015fma ve Dayan\u0131\u015fma Derne\u011fi taraf\u0131ndan Artuklu \u00dcniversitesi Rekt\u00f6rl\u00fc\u011f\u00fc AKM Salonu\u2019nda d\u00fczenlenen anlaml\u0131 program, yo\u011fun kat\u0131l\u0131m ve duygu dolu anlarla ger\u00e7ekle\u015fti. 2 Aral\u0131k\u2019ta yap\u0131lan etkinli\u011fe, kurum amirleri, i\u015f insanlar\u0131, akademisyenler, STK ve vak\u0131f temsilcileri, muhtarlar, siyasi parti temsilcileri, e\u011fitim camias\u0131ndan isimler ve \u00e7ok say\u0131da g\u00f6n\u00fcll\u00fc kat\u0131larak engelli bireylerin yan\u0131nda olduklar\u0131n\u0131 g\u00f6sterdi.<\/p>\n","protected":false},"author":1,"featured_media":111556,"comment_status":"open","ping_status":"open","sticky":false,"template":"","format":"standard","meta":{"footnotes":""},"categories":[3,4,9,18,30],"tags":[],"class_list":["post-111555","post","type-post","status-publish","format-standard","has-post-thumbnail","hentry","category-guncel","category-manset","category-mardin","category-toplumsal-yasam-gundem","category-ust-manset"],"_links":{"self":[{"href":"https:\/\/mardinhaberyolu.com\/index.php?rest_route=\/wp\/v2\/posts\/111555","targetHints":{"allow":["GET"]}}],"collection":[{"href":"https:\/\/mardinhaberyolu.com\/index.php?rest_route=\/wp\/v2\/posts"}],"about":[{"href":"https:\/\/mardinhaberyolu.com\/index.php?rest_route=\/wp\/v2\/types\/post"}],"author":[{"embeddable":true,"href":"https:\/\/mardinhaberyolu.com\/index.php?rest_route=\/wp\/v2\/users\/1"}],"replies":[{"embeddable":true,"href":"https:\/\/mardinhaberyolu.com\/index.php?rest_route=%2Fwp%2Fv2%2Fcomments&post=111555"}],"version-history":[{"count":3,"href":"https:\/\/mardinhaberyolu.com\/index.php?rest_route=\/wp\/v2\/posts\/111555\/revisions"}],"predecessor-version":[{"id":111561,"href":"https:\/\/mardinhaberyolu.com\/index.php?rest_route=\/wp\/v2\/posts\/111555\/revisions\/111561"}],"wp:featuredmedia":[{"embeddable":true,"href":"https:\/\/mardinhaberyolu.com\/index.php?rest_route=\/wp\/v2\/media\/111556"}],"wp:attachment":[{"href":"https:\/\/mardinhaberyolu.com\/index.php?rest_route=%2Fwp%2Fv2%2Fmedia&parent=111555"}],"wp:term":[{"taxonomy":"category","embeddable":true,"href":"https:\/\/mardinhaberyolu.com\/index.php?rest_route=%2Fwp%2Fv2%2Fcategories&post=111555"},{"taxonomy":"post_tag","embeddable":true,"href":"https:\/\/mardinhaberyolu.com\/index.php?rest_route=%2Fwp%2Fv2%2Ftags&post=111555"}],"curies":[{"name":"wp","href":"https:\/\/api.w.org\/{rel}","templated":true}]}}