{"id":111549,"date":"2025-12-04T09:48:48","date_gmt":"2025-12-04T09:48:48","guid":{"rendered":"https:\/\/mardinhaberyolu.com\/?p=111549"},"modified":"2025-12-04T09:48:48","modified_gmt":"2025-12-04T09:48:48","slug":"engelliler-gunu-ziyareti","status":"publish","type":"post","link":"https:\/\/mardinhaberyolu.com\/?p=111549","title":{"rendered":"Engelliler G\u00fcn\u00fc Ziyareti!"},"content":{"rendered":"<p>Ziyaret, belediye taraf\u0131ndan derne\u011fe daha \u00f6nce tahsis edilen i\u015fletmede ger\u00e7ekle\u015fti. Ba\u015fkan \u0130pek\u2019e Belediye Ba\u015fkan Yard\u0131mc\u0131lar\u0131 Havvas G\u00fcng\u00f6r ve Halil Tarhan\u2019\u0131n yan\u0131 s\u0131ra meclis \u00fcyeleri ve birim m\u00fcd\u00fcrleri de e\u015flik etti.<\/p>\n<p><img fetchpriority=\"high\" decoding=\"async\" class=\"alignnone size-medium wp-image-111551\" src=\"https:\/\/mardinhaberyolu.com\/wp-content\/uploads\/2025\/12\/e14-300x200.jpg\" alt=\"\" width=\"300\" height=\"200\" srcset=\"https:\/\/mardinhaberyolu.com\/wp-content\/uploads\/2025\/12\/e14-300x200.jpg 300w, https:\/\/mardinhaberyolu.com\/wp-content\/uploads\/2025\/12\/e14-1024x682.jpg 1024w, https:\/\/mardinhaberyolu.com\/wp-content\/uploads\/2025\/12\/e14-768x512.jpg 768w, https:\/\/mardinhaberyolu.com\/wp-content\/uploads\/2025\/12\/e14-1536x1024.jpg 1536w, https:\/\/mardinhaberyolu.com\/wp-content\/uploads\/2025\/12\/e14-2048x1365.jpg 2048w\" sizes=\"(max-width: 300px) 100vw, 300px\" \/><\/p>\n<p>Program kapsam\u0131nda dernek \u00fcyeleriyle kahvalt\u0131da bir araya gelen Ba\u015fkan \u0130pek, engelli bireylerle dayan\u0131\u015fmay\u0131 g\u00fc\u00e7lendirmeyi, onlar\u0131n toplumdaki varl\u0131\u011f\u0131n\u0131 daha g\u00f6r\u00fcn\u00fcr ve anlaml\u0131 h\u00e2le getirmeyi hedeflediklerini ifade etti. Ziyaretin yaln\u0131zca Engelliler G\u00fcn\u00fc\u2019ne \u00f6zel bir etkinlik olmad\u0131\u011f\u0131n\u0131 vurgulayan \u0130pek, y\u0131l\u0131n her g\u00fcn\u00fc engelli bireylerin kendilerini g\u00fcvende, desteklenmi\u015f ve de\u011ferli hissetmeleri i\u00e7in \u00e7al\u0131\u015fmalar\u0131n\u0131 s\u00fcrd\u00fcreceklerini s\u00f6yledi.<\/p>\n<p>Dernek \u00fcyeleri ise dayan\u0131\u015fma kahvalt\u0131s\u0131 ve ziyaret dolay\u0131s\u0131yla te\u015fekk\u00fcr ederek K\u0131z\u0131ltepe Belediyesi ile her zaman s\u0131cak ve yak\u0131n bir ileti\u015fim i\u00e7inde olduklar\u0131n\u0131, belediyenin deste\u011fini her platformda hissettiklerini belirtti.<\/p>\n<p>Ziyarette, K\u0131z\u0131ltepe Engelliler Derne\u011fi taraf\u0131ndan Ba\u015fkan Zeyni \u0130pek\u2019e te\u015fekk\u00fcr plaketi takdim edildi. Program, hat\u0131ra foto\u011fraf\u0131 \u00e7ekimiyle sona erdi.<\/p>\n<p><img decoding=\"async\" class=\"alignnone size-medium wp-image-111552\" src=\"https:\/\/mardinhaberyolu.com\/wp-content\/uploads\/2025\/12\/e13-300x200.jpg\" alt=\"\" width=\"300\" height=\"200\" srcset=\"https:\/\/mardinhaberyolu.com\/wp-content\/uploads\/2025\/12\/e13-300x200.jpg 300w, https:\/\/mardinhaberyolu.com\/wp-content\/uploads\/2025\/12\/e13-1024x682.jpg 1024w, https:\/\/mardinhaberyolu.com\/wp-content\/uploads\/2025\/12\/e13-768x512.jpg 768w, https:\/\/mardinhaberyolu.com\/wp-content\/uploads\/2025\/12\/e13-1536x1024.jpg 1536w, https:\/\/mardinhaberyolu.com\/wp-content\/uploads\/2025\/12\/e13-2048x1365.jpg 2048w\" sizes=\"(max-width: 300px) 100vw, 300px\" \/><\/p>\n<p>Edit\u00f6r\u00fc: Mardin Haberyolu<\/p>\n","protected":false},"excerpt":{"rendered":"<p>K\u0131z\u0131ltepe Belediye Ba\u015fkan\u0131 Zeyni \u0130pek, 3 Aral\u0131k D\u00fcnya Engelliler G\u00fcn\u00fc kapsam\u0131nda K\u0131z\u0131ltepe Engelliler Derne\u011fi \u00fcyelerini ziyaret ederek engelli bireylere destek mesaj\u0131 verdi.<\/p>\n","protected":false},"author":1,"featured_media":111550,"comment_status":"open","ping_status":"open","sticky":false,"template":"","format":"standard","meta":{"footnotes":""},"categories":[3,2,4,18,30],"tags":[],"class_list":["post-111549","post","type-post","status-publish","format-standard","has-post-thumbnail","hentry","category-guncel","category-kiziltepe","category-manset","category-toplumsal-yasam-gundem","category-ust-manset"],"_links":{"self":[{"href":"https:\/\/mardinhaberyolu.com\/index.php?rest_route=\/wp\/v2\/posts\/111549","targetHints":{"allow":["GET"]}}],"collection":[{"href":"https:\/\/mardinhaberyolu.com\/index.php?rest_route=\/wp\/v2\/posts"}],"about":[{"href":"https:\/\/mardinhaberyolu.com\/index.php?rest_route=\/wp\/v2\/types\/post"}],"author":[{"embeddable":true,"href":"https:\/\/mardinhaberyolu.com\/index.php?rest_route=\/wp\/v2\/users\/1"}],"replies":[{"embeddable":true,"href":"https:\/\/mardinhaberyolu.com\/index.php?rest_route=%2Fwp%2Fv2%2Fcomments&post=111549"}],"version-history":[{"count":1,"href":"https:\/\/mardinhaberyolu.com\/index.php?rest_route=\/wp\/v2\/posts\/111549\/revisions"}],"predecessor-version":[{"id":111553,"href":"https:\/\/mardinhaberyolu.com\/index.php?rest_route=\/wp\/v2\/posts\/111549\/revisions\/111553"}],"wp:featuredmedia":[{"embeddable":true,"href":"https:\/\/mardinhaberyolu.com\/index.php?rest_route=\/wp\/v2\/media\/111550"}],"wp:attachment":[{"href":"https:\/\/mardinhaberyolu.com\/index.php?rest_route=%2Fwp%2Fv2%2Fmedia&parent=111549"}],"wp:term":[{"taxonomy":"category","embeddable":true,"href":"https:\/\/mardinhaberyolu.com\/index.php?rest_route=%2Fwp%2Fv2%2Fcategories&post=111549"},{"taxonomy":"post_tag","embeddable":true,"href":"https:\/\/mardinhaberyolu.com\/index.php?rest_route=%2Fwp%2Fv2%2Ftags&post=111549"}],"curies":[{"name":"wp","href":"https:\/\/api.w.org\/{rel}","templated":true}]}}