{"id":111546,"date":"2025-12-04T08:39:23","date_gmt":"2025-12-04T08:39:23","guid":{"rendered":"https:\/\/mardinhaberyolu.com\/?p=111546"},"modified":"2025-12-04T08:39:23","modified_gmt":"2025-12-04T08:39:23","slug":"derik-belediyesinden-3-aralikta-anlamli-ziyaret","status":"publish","type":"post","link":"https:\/\/mardinhaberyolu.com\/?p=111546","title":{"rendered":"Derik Belediyesi\u2019nden 3 Aral\u0131k\u2019ta Anlaml\u0131 Ziyaret"},"content":{"rendered":"<p>&nbsp;<\/p>\n<p>Ger\u00e7ekle\u015ftirilen ziyaretlerde, \u00f6zel bireylerin ya\u015famlar\u0131na dokunan samimi sohbetler yap\u0131ld\u0131; kar\u015f\u0131la\u015ft\u0131klar\u0131 sorunlar, ihtiya\u00e7lar ve talepler birinci a\u011f\u0131zdan dinlendi. E\u015fba\u015fkan Temelli, her bir \u00f6zel bireye k\u00fc\u00e7\u00fck bir hediye takdim ederek destek mesaj\u0131 verdi.<\/p>\n<p>Temelli, ziyaretlerde yapt\u0131\u011f\u0131 konu\u015fmada \u015fu ifadeleri kulland\u0131:<br \/>\n\u201cBu kentte hi\u00e7 kimse yaln\u0131z de\u011fildir. Derik Belediyesi olarak her zaman yan\u0131n\u0131zday\u0131z; engelleri dayan\u0131\u015fmayla, birlikte a\u015faca\u011f\u0131z.\u201d<\/p>\n<p>Derik Belediyesi, toplumun t\u00fcm kesimlerine y\u00f6nelik dayan\u0131\u015fma temelli \u00e7al\u0131\u015fmalar\u0131n\u0131 s\u00fcrd\u00fcrmeye devam edece\u011fini belirtti.<\/p>\n<p>B\u00fclten<\/p>\n","protected":false},"excerpt":{"rendered":"<p>Derik Belediye E\u015fba\u015fkan\u0131 Cengiz Temelli, Belediye Meclis \u00dcyeleri ile birlikte 3 Aral\u0131k D\u00fcnya Engelliler G\u00fcn\u00fc kapsam\u0131nda il\u00e7ede ya\u015fayan \u00f6zel bireylere ziyaretlerde bulundu.<\/p>\n","protected":false},"author":1,"featured_media":111547,"comment_status":"open","ping_status":"open","sticky":false,"template":"","format":"standard","meta":{"footnotes":""},"categories":[4,9,18],"tags":[],"class_list":["post-111546","post","type-post","status-publish","format-standard","has-post-thumbnail","hentry","category-manset","category-mardin","category-toplumsal-yasam-gundem"],"_links":{"self":[{"href":"https:\/\/mardinhaberyolu.com\/index.php?rest_route=\/wp\/v2\/posts\/111546","targetHints":{"allow":["GET"]}}],"collection":[{"href":"https:\/\/mardinhaberyolu.com\/index.php?rest_route=\/wp\/v2\/posts"}],"about":[{"href":"https:\/\/mardinhaberyolu.com\/index.php?rest_route=\/wp\/v2\/types\/post"}],"author":[{"embeddable":true,"href":"https:\/\/mardinhaberyolu.com\/index.php?rest_route=\/wp\/v2\/users\/1"}],"replies":[{"embeddable":true,"href":"https:\/\/mardinhaberyolu.com\/index.php?rest_route=%2Fwp%2Fv2%2Fcomments&post=111546"}],"version-history":[{"count":1,"href":"https:\/\/mardinhaberyolu.com\/index.php?rest_route=\/wp\/v2\/posts\/111546\/revisions"}],"predecessor-version":[{"id":111548,"href":"https:\/\/mardinhaberyolu.com\/index.php?rest_route=\/wp\/v2\/posts\/111546\/revisions\/111548"}],"wp:featuredmedia":[{"embeddable":true,"href":"https:\/\/mardinhaberyolu.com\/index.php?rest_route=\/wp\/v2\/media\/111547"}],"wp:attachment":[{"href":"https:\/\/mardinhaberyolu.com\/index.php?rest_route=%2Fwp%2Fv2%2Fmedia&parent=111546"}],"wp:term":[{"taxonomy":"category","embeddable":true,"href":"https:\/\/mardinhaberyolu.com\/index.php?rest_route=%2Fwp%2Fv2%2Fcategories&post=111546"},{"taxonomy":"post_tag","embeddable":true,"href":"https:\/\/mardinhaberyolu.com\/index.php?rest_route=%2Fwp%2Fv2%2Ftags&post=111546"}],"curies":[{"name":"wp","href":"https:\/\/api.w.org\/{rel}","templated":true}]}}